{"id":10169,"date":"2019-09-08T09:29:15","date_gmt":"2019-09-08T09:29:15","guid":{"rendered":"https:\/\/domosistemas.com\/?p=10169"},"modified":"2019-09-08T09:29:15","modified_gmt":"2019-09-08T09:29:15","slug":"sennheiser-estrena-auricular-con-cancelacion-de-ruido-es-el-momentum-wireless-y-llega-dispuesto-a-conquistar-la-gama-media","status":"publish","type":"post","link":"https:\/\/domosistemas.com\/?p=10169","title":{"rendered":"Sennheiser estrena auricular con cancelaci\u00f3n de ruido, es el Momentum Wireless y llega dispuesto a conquistar la gama media"},"content":{"rendered":"<div>\n<p>\n      <img decoding=\"async\" src=\"https:\/\/i.blogs.es\/d95c93\/gw3fopxca4pfnhbcijsun8-970-80\/1024_2000.jpg\" alt=\"Sennheiser estrena auricular con cancelaci\u00f3n de ruido, es el Momentum Wireless y llega dispuesto a conquistar la gama media\">\n    <\/p>\n<p>Sennheiser ha anunciado la renovaci\u00f3n de su gama media con un nuevo <strong>auricular inal\u00e1mbrico con cancelaci\u00f3n activa del ruido<\/strong> de tercera generaci\u00f3n que han denominado <strong>Momentum Wireless<\/strong> y que hereda la tradicional forma de \u00f3valo con diadema y grandes pabellones de sus antecesores, aunque trae un par de funcionalidades adicionales.<\/p>\n<p><!-- BREAK 1 --><\/p>\n<p>La marca ha incorporado la capacidad para <strong>encenderse y emparejarse autom\u00e1ticamente<\/strong> en cuanto lo desdoblamos, evitando tener que hacerlo de forma manual y es capaz de comenzar o detener la reproducci\u00f3n en curso detectando si lo tenemos o no puesto en la cabeza.<!--more--><\/p>\n<p><!-- BREAK 2 --><\/p>\n<div class=\"article-asset-image article-asset-normal\">\n<div class=\"asset-content\"> <img decoding=\"async\" alt=\"Puypvbye4k4dmirleijhfc 650\" src=\"https:\/\/i.blogs.es\/ce2b40\/puypvbye4k4dmirleijhfc-650-80\/450_1000.jpg\"> <\/div>\n<\/div>\n<p>Se ha optado en este modelo por incluir un <strong>bot\u00f3n dedicado<\/strong> a la activaci\u00f3n de los asistentes de voz como Google Assistant o Siri, quedando para una futura actualizaci\u00f3n la compatibilidad con Alexa. Tambi\u00e9n contar\u00e1 con un modo de <strong>\u00abescucha transparente\u00bb<\/strong> que anula temporalmente la cancelaci\u00f3n de ruido para atender a sucesos a nuestro alrededor.<\/p>\n<p><!-- BREAK 3 --><\/p>\n<div class=\"article-asset-image article-asset-normal\">\n<div class=\"asset-content\"> <img decoding=\"async\" alt=\"Sennheiser\" src=\"https:\/\/i.blogs.es\/d7019c\/92tmwuxl9lexe2pc4rht7f-650-80\/450_1000.jpg\"> <\/div>\n<\/div>\n<p>Su conectividad <strong>Bluetooth 5.0<\/strong> soporta los est\u00e1ndares <strong>aptX, AAC, SBC y aptX Low Latency<\/strong>, por si queremos usarlo como sistema de audio de un televisor, con una bater\u00eda de 330 mAh que es capaz de funcionar durante <strong>17 horas<\/strong> de uso continuado alimentando a sus drivers con una respuesta en frecuencia de entre 6 Hz y 22 KHz.<\/p>\n<p><!-- BREAK 4 --><\/p>\n<div class=\"article-asset-video article-asset-large\">\n<div class=\"asset-content\">\n<div class=\"base-asset-video\">\n   <iframe loading=\"lazy\" width=\"640\" height=\"366\" src=\"https:\/\/www.youtube.com\/embed\/VBMnxc7S5eQ\" frameborder=\"0\" allow=\"accelerometer; autoplay; encrypted-media; gyroscope; picture-in-picture\" allowfullscreen>   <\/iframe>\n  <\/div>\n<\/p><\/div>\n<\/div>\n<p><!-- BREAK 5 --><\/p>\n<h2>Precio y disponibilidad<\/h2>\n<p>El nuevo Momentum Wireless ya est\u00e1 disponible por un precio que ronda los <strong>399 euros<\/strong>.<\/p>\n<p><!-- BREAK 6 --><\/p>\n<p>M\u00e1s informaci\u00f3n | <a href=\"https:\/\/es-mx.sennheiser.com\/momentumwireless\">Sennheiser<\/a><\/p>\n<\/p>\n<h4>Tambi\u00e9n te recomendamos<\/h4>\n<p>\n        <a href=\"https:\/\/www.xatakahome.com\/altavoces\/sennheiser-apunta-a-audiofilos-sus-nuevos-auriculares-in-ear-inalambricos-ie-80s-bt?utm_source=recommended&#038;utm_medium=feed&#038;utm_campaign=08_Sep_2019\"><br \/>\n            Sennheiser apunta a los m\u00e1s audi\u00f3filos con sus nuevos auriculares in-ear inal\u00e1mbricos IE 80S BT<br \/>\n        <\/a>\n    <\/p>\n<p>\n        <a href=\"https:\/\/www.xatakahome.com\/altavoces\/master-dynamic-apuesta-cancelacion-activa-ruido-sus-nuevos-auriculares-mw65?utm_source=recommended&#038;utm_medium=feed&#038;utm_campaign=08_Sep_2019\"><br \/>\n            Master &#038; Dynamic apuesta por la cancelaci\u00f3n activa del ruido en sus nuevos auriculares MW65<br \/>\n        <\/a>\n    <\/p>\n<p>\n        <a href=\"https:\/\/www.xatakahome.com\/altavoces\/gama-auriculares-cancelacion-activa-sony-crece-nuevos-wh-xb900n-extra-bass?utm_source=recommended&#038;utm_medium=feed&#038;utm_campaign=08_Sep_2019\"><br \/>\n            La gama de auriculares con cancelaci\u00f3n activa de Sony crece con los nuevos WH-XB900N Extra Bass<br \/>\n        <\/a>\n    <\/p>\n<p> &#8211; <br \/> La noticia<br \/>\n       <a href=\"https:\/\/www.xatakahome.com\/altavoces\/sennheiser-estrena-auricular-cancelacion-ruido-momentum-wireless-llega-dispuesto-a-conquistar-gama-media?utm_source=feedburner&#038;utm_medium=feed&#038;utm_campaign=08_Sep_2019\"><br \/>\n        <em> Sennheiser estrena auricular con cancelaci\u00f3n de ruido, es el Momentum Wireless y llega dispuesto a conquistar la gama media <\/em><br \/>\n       <\/a><br \/>\n       fue publicada originalmente en<br \/>\n       <a href=\"https:\/\/www.xatakahome.com\/?utm_source=feedburner&#038;utm_medium=feed&#038;utm_campaign=08_Sep_2019\"><br \/>\n        <strong> Xataka Smart Home <\/strong><br \/>\n       <\/a><br \/>\n              por <a href=\"https:\/\/www.xatakahome.com\/autor\/paco-rodriguez?utm_source=feedburner&#038;utm_medium=feed&#038;utm_campaign=08_Sep_2019\"><br \/>\n        Paco Rodriguez<br \/>\n       <\/a><br \/>\n       . <\/p>\n<div class=\"feedflare\">\n<a href=\"http:\/\/feeds.weblogssl.com\/~ff\/Xatakahome?a=P7ANpbG6SR0:9OUR_Co6Pcc:yIl2AUoC8zA\"><img decoding=\"async\" src=\"http:\/\/feeds.feedburner.com\/~ff\/Xatakahome?d=yIl2AUoC8zA\" border=\"0\"><\/a>\n<\/div>\n<p><img loading=\"lazy\" decoding=\"async\" src=\"http:\/\/feeds.feedburner.com\/~r\/Xatakahome\/~4\/P7ANpbG6SR0\" height=\"1\" width=\"1\" alt=\"\"><\/div>\n","protected":false},"excerpt":{"rendered":"<p>Sennheiser ha anunciado la renovaci\u00f3n de su gama media con un nuevo auricular inal\u00e1mbrico con cancelaci\u00f3n activa del ruido de tercera generaci\u00f3n que han denominado Momentum Wireless y que hereda la tradicional forma de \u00f3valo con diadema y grandes pabellones de sus antecesores, aunque trae un par de funcionalidades adicionales. La marca ha incorporado la &hellip; <a href=\"https:\/\/domosistemas.com\/?p=10169\" class=\"more-link\">Sigue leyendo <span class=\"screen-reader-text\">Sennheiser estrena auricular con cancelaci\u00f3n de ruido, es el Momentum Wireless y llega dispuesto a conquistar la gama media<\/span><\/a><\/p>\n","protected":false},"author":1,"featured_media":0,"comment_status":"closed","ping_status":"closed","sticky":false,"template":"","format":"standard","meta":{"footnotes":""},"categories":[8],"tags":[],"class_list":["post-10169","post","type-post","status-publish","format-standard","hentry","category-xataka"],"_links":{"self":[{"href":"https:\/\/domosistemas.com\/index.php?rest_route=\/wp\/v2\/posts\/10169","targetHints":{"allow":["GET"]}}],"collection":[{"href":"https:\/\/domosistemas.com\/index.php?rest_route=\/wp\/v2\/posts"}],"about":[{"href":"https:\/\/domosistemas.com\/index.php?rest_route=\/wp\/v2\/types\/post"}],"author":[{"embeddable":true,"href":"https:\/\/domosistemas.com\/index.php?rest_route=\/wp\/v2\/users\/1"}],"replies":[{"embeddable":true,"href":"https:\/\/domosistemas.com\/index.php?rest_route=%2Fwp%2Fv2%2Fcomments&post=10169"}],"version-history":[{"count":0,"href":"https:\/\/domosistemas.com\/index.php?rest_route=\/wp\/v2\/posts\/10169\/revisions"}],"wp:attachment":[{"href":"https:\/\/domosistemas.com\/index.php?rest_route=%2Fwp%2Fv2%2Fmedia&parent=10169"}],"wp:term":[{"taxonomy":"category","embeddable":true,"href":"https:\/\/domosistemas.com\/index.php?rest_route=%2Fwp%2Fv2%2Fcategories&post=10169"},{"taxonomy":"post_tag","embeddable":true,"href":"https:\/\/domosistemas.com\/index.php?rest_route=%2Fwp%2Fv2%2Ftags&post=10169"}],"curies":[{"name":"wp","href":"https:\/\/api.w.org\/{rel}","templated":true}]}}