{"id":10185,"date":"2019-09-10T09:32:19","date_gmt":"2019-09-10T09:32:19","guid":{"rendered":"https:\/\/domosistemas.com\/?p=10185"},"modified":"2019-09-10T09:32:19","modified_gmt":"2019-09-10T09:32:19","slug":"las-teles-x10-de-tcl-llegaran-a-europa-15-000-miniled-768-zonas-fald-y-puntos-cuanticos-son-sus-bazas-para-conquistarnos","status":"publish","type":"post","link":"https:\/\/domosistemas.com\/?p=10185","title":{"rendered":"Las teles X10 de TCL llegar\u00e1n a Europa: 15.000 MiniLED, 768 zonas FALD y puntos cu\u00e1nticos son sus bazas para conquistarnos"},"content":{"rendered":"<div>\n<p>\n      <img decoding=\"async\" src=\"https:\/\/i.blogs.es\/b041e4\/tclx10ifa-2\/1024_2000.jpg\" alt=\"Las teles X10 de TCL llegar\u00e1n a Europa: 15.000 MiniLED, 768 zonas FALD y puntos cu\u00e1nticos son sus bazas para conquistarnos\">\n    <\/p>\n<p>Como ya <a href=\"https:\/\/www.xatakahome.com\/televisores\/tcl-mostrara-ifa-2019-sus-nuevas-teles-lcd-iluminacion-fald-25-000-minileds\">avanzara<\/a> hace unos meses <strong>TCL<\/strong>, la marca ha anunciado el pr\u00f3ximo lanzamiento de su nuevo <strong>televisor X10<\/strong> en el mercado europeo, una versi\u00f3n modificada de la Serie 8 estadounidense que llegar\u00e1 con algunas mejoras y un <strong>precio realmente competitivo<\/strong> para tratarse de una nueva tecnolog\u00eda.<\/p>\n<p><!-- BREAK 1 --><\/p>\n<p>Nos encontramos ante un <strong>modelo LCD 4K de 65 pulgadas<\/strong> con HDR10+ que por primera vez en el sector apuesta por la <strong>tecnolog\u00eda de MiniLEDs<\/strong> (no confundir con <a href=\"https:\/\/www.xataka.com\/tag\/microled\">MicroLEDs<\/a>) como sistema de iluminaci\u00f3n trasera en lugar de los LEDs tradicionales de mayor tama\u00f1o.<!--more--><\/p>\n<p><!-- BREAK 2 --><\/p>\n<h2>15.000 miniLEDs y 768 zonas FALD<\/h2>\n<p>En la IFA 2019 han se\u00f1alado que el modelo con panel de 65 pulgadas tendr\u00e1 <strong>15.000 miniLEDs<\/strong> o puntos de luz independientes, aunque no se podr\u00e1n controlar todos de forma individual, ya que \u00absolo\u00bb habr\u00e1 <strong>768 zonas<\/strong> de control independientes para la <strong>matriz FALD<\/strong> (lo que est\u00e1 por encima de las teles LCD m\u00e1s avanzadas de este a\u00f1o que tienen menos de 500).<\/p>\n<p><!-- BREAK 3 --><\/p>\n<p>TCL ha mejorado la capacidad de refrigeraci\u00f3n del televisor ofreciendo al mismo tiempo una luminosidad mejorada con hasta <strong>1.500 nits<\/strong> de pico y cubriendo con sus <strong>puntos cu\u00e1nticos<\/strong> el 100% del espacio de color DCI-P3. <\/p>\n<p><!-- BREAK 4 --><\/p>\n<div class=\"article-asset-image article-asset-normal\">\n<div class=\"asset-content\"> <img decoding=\"async\" alt=\"Tclx10ifa 1\" src=\"https:\/\/i.blogs.es\/1eba69\/tclx10ifa-1\/450_1000.jpg\"> <\/div>\n<\/div>\n<p>Tambi\u00e9n se ha a\u00f1adido al modelo europeo una <strong>barra de sonido 2.2<\/strong> con mayor potencia, dise\u00f1ada en colaboraci\u00f3n con Onkyo y con soporte para <strong>Dolby Atmos<\/strong>. El sistema operativo incorporado ser\u00e1 Roku, siendo compatible tambi\u00e9n con <strong>Dolby Vision y HLG<\/strong>, aunque se mantienen los puertos HDMI 2.0 convencionales en lugar de optar por la nueva versi\u00f3n 2.1.<\/p>\n<p><!-- BREAK 5 --><\/p>\n<p>\u00bfSon estos <strong>miniLED<\/strong> la mejora definitiva que necesitaba la tecnolog\u00eda LCD? Pues no. Son un avance que permitir\u00e1 mejorar la capacidad de luminosidad de los televisores <strong>reduciendo los problemas de halos<\/strong> o <em>blooming<\/em>, aunque por el momento la mejora est\u00e1 limitada por la capacidad de controlar zonas independientes.<\/p>\n<p><!-- BREAK 6 --><\/p>\n<div class=\"article-asset-image article-asset-normal\">\n<div class=\"asset-content\"> <img decoding=\"async\" alt=\"Tcl 1366 2000\" src=\"https:\/\/i.blogs.es\/baf920\/tcl-1366_2000\/450_1000.jpg\"> <\/div>\n<\/div>\n<p>Es de esperar que en posteriores modelos <strong>la cantidad de estas zonas se incremente<\/strong> (lo que requerir\u00e1 una mayor capacidad de c\u00e1lculo para la ejecuci\u00f3n de los algoritmos) mostrando as\u00ed el verdadero potencial de miniLED con respecto a los sistemas LED tradicionales.<\/p>\n<p><!-- BREAK 7 --><\/p>\n<div class=\"desvio-container\">\n<div class=\"desvio\">\n<div class=\"desvio-figure js-desvio-figure\">\n   <a href=\"https:\/\/www.xataka.com\/televisores\/que-hay-que-mirar-al-comprar-televisor-para-asegurarnos-que-va-a-tener-tecnologias-proximos-anos-2019\" target=\"_blank\" rel=\"noopener noreferrer\"><br \/>\n    <img decoding=\"async\" src=\"https:\/\/i.blogs.es\/66d574\/1600x800_sub_oled_v\/375_142.jpg\" alt=\"Qu\u00e9 hay que mirar al comprar un televisor para asegurarnos de que va a tener las tecnolog\u00edas de los pr\u00f3ximos a\u00f1os (2019)\"><br \/>\n   <\/a>\n  <\/div>\n<div class=\"desvio-summary\">\n<div class=\"desvio-taxonomy js-desvio-taxonomy\">\n    <a href=\"https:\/\/www.xataka.com\/televisores\/que-hay-que-mirar-al-comprar-televisor-para-asegurarnos-que-va-a-tener-tecnologias-proximos-anos-2019\" class=\"desvio-taxonomy-anchor m-crosspost\" target=\"_blank\" rel=\"noopener noreferrer\">En Xataka<\/a>\n   <\/div>\n<p>   <a href=\"https:\/\/www.xataka.com\/televisores\/que-hay-que-mirar-al-comprar-televisor-para-asegurarnos-que-va-a-tener-tecnologias-proximos-anos-2019\" class=\"desvio-title js-desvio-title\" target=\"_blank\" rel=\"noopener noreferrer\">Qu\u00e9 hay que mirar al comprar un televisor para asegurarnos de que va a tener las tecnolog\u00edas de los pr\u00f3ximos a\u00f1os (2019)<\/a>\n  <\/div>\n<\/p><\/div>\n<\/div>\n<h2>Precio y disponibilidad<\/h2>\n<p>La nueva serie X10 de TCL en su versi\u00f3n de <strong>65 pulgadas<\/strong> llegar\u00e1 a Europa en noviembre o diciembre (no han dado la fecha concreta) y por un precio que rondar\u00e1 los <strong>2.500 euros<\/strong>.<\/p>\n<p><!-- BREAK 8 --><\/p>\n<p>M\u00e1s informaci\u00f3n | <a href=\"https:\/\/www.flatpanelshd.com\/news.php?subaction=showfull&#038;id=1568101580\">FlatpanelsHD<\/a><\/p>\n<p><!-- BREAK 9 --><\/p>\n<h4>Tambi\u00e9n te recomendamos<\/h4>\n<p>\n        <a href=\"https:\/\/www.xatakahome.com\/televisores\/tcl-apuesta-miniled-como-sistema-para-controlar-iluminacion-televisores-lcd?utm_source=recommended&#038;utm_medium=feed&#038;utm_campaign=10_Sep_2019\"><br \/>\n            TCL apuesta por los miniLED como sistema para controlar la iluminaci\u00f3n de televisores LCD<br \/>\n        <\/a>\n    <\/p>\n<p>\n        <a href=\"https:\/\/www.xatakahome.com\/televisores\/tcl-se-apunta-a-moda-teles-verticales-xess-modelo-55-pulgadas-pensado-para-screen-mirroring-movil?utm_source=recommended&#038;utm_medium=feed&#038;utm_campaign=10_Sep_2019\"><br \/>\n            TCL se apunta a la moda de las teles verticales con XESS, un modelo de 55 pulgadas pensado para el screen-mirroring desde el m\u00f3vil<br \/>\n        <\/a>\n    <\/p>\n<p>\n        <a href=\"https:\/\/www.xatakahome.com\/televisores\/tcl-mostrara-ifa-2019-sus-nuevas-teles-lcd-iluminacion-fald-25-000-minileds?utm_source=recommended&#038;utm_medium=feed&#038;utm_campaign=10_Sep_2019\"><br \/>\n            TCL mostrar\u00e1 en la IFA 2019 sus nuevas teles LCD con iluminaci\u00f3n FALD de hasta 25.000 miniLEDs<br \/>\n        <\/a>\n    <\/p>\n<p> &#8211; <br \/> La noticia<br \/>\n       <a href=\"https:\/\/www.xatakahome.com\/televisores\/teles-x10-tcl-llegaran-a-europa-15-000-miniled-768-zonas-fald-puntos-cuanticos-sus-bazas-para-conquistarnos?utm_source=feedburner&#038;utm_medium=feed&#038;utm_campaign=10_Sep_2019\"><br \/>\n        <em> Las teles X10 de TCL llegar\u00e1n a Europa: 15.000 MiniLED, 768 zonas FALD y puntos cu\u00e1nticos son sus bazas para conquistarnos <\/em><br \/>\n       <\/a><br \/>\n       fue publicada originalmente en<br \/>\n       <a href=\"https:\/\/www.xatakahome.com\/?utm_source=feedburner&#038;utm_medium=feed&#038;utm_campaign=10_Sep_2019\"><br \/>\n        <strong> Xataka Smart Home <\/strong><br \/>\n       <\/a><br \/>\n              por <a href=\"https:\/\/www.xatakahome.com\/autor\/paco-rodriguez?utm_source=feedburner&#038;utm_medium=feed&#038;utm_campaign=10_Sep_2019\"><br \/>\n        Paco Rodriguez<br \/>\n       <\/a><br \/>\n       . <\/p>\n<div class=\"feedflare\">\n<a href=\"http:\/\/feeds.weblogssl.com\/~ff\/Xatakahome?a=v8pXVlNnos0:RmvN6w_cOrE:yIl2AUoC8zA\"><img decoding=\"async\" src=\"http:\/\/feeds.feedburner.com\/~ff\/Xatakahome?d=yIl2AUoC8zA\" border=\"0\"><\/a>\n<\/div>\n<p><img loading=\"lazy\" decoding=\"async\" src=\"http:\/\/feeds.feedburner.com\/~r\/Xatakahome\/~4\/v8pXVlNnos0\" height=\"1\" width=\"1\" alt=\"\"><\/div>\n","protected":false},"excerpt":{"rendered":"<p>Como ya avanzara hace unos meses TCL, la marca ha anunciado el pr\u00f3ximo lanzamiento de su nuevo televisor X10 en el mercado europeo, una versi\u00f3n modificada de la Serie 8 estadounidense que llegar\u00e1 con algunas mejoras y un precio realmente competitivo para tratarse de una nueva tecnolog\u00eda. Nos encontramos ante un modelo LCD 4K de &hellip; <a href=\"https:\/\/domosistemas.com\/?p=10185\" class=\"more-link\">Sigue leyendo <span class=\"screen-reader-text\">Las teles X10 de TCL llegar\u00e1n a Europa: 15.000 MiniLED, 768 zonas FALD y puntos cu\u00e1nticos son sus bazas para conquistarnos<\/span><\/a><\/p>\n","protected":false},"author":1,"featured_media":0,"comment_status":"closed","ping_status":"closed","sticky":false,"template":"","format":"standard","meta":{"footnotes":""},"categories":[8],"tags":[],"class_list":["post-10185","post","type-post","status-publish","format-standard","hentry","category-xataka"],"_links":{"self":[{"href":"https:\/\/domosistemas.com\/index.php?rest_route=\/wp\/v2\/posts\/10185","targetHints":{"allow":["GET"]}}],"collection":[{"href":"https:\/\/domosistemas.com\/index.php?rest_route=\/wp\/v2\/posts"}],"about":[{"href":"https:\/\/domosistemas.com\/index.php?rest_route=\/wp\/v2\/types\/post"}],"author":[{"embeddable":true,"href":"https:\/\/domosistemas.com\/index.php?rest_route=\/wp\/v2\/users\/1"}],"replies":[{"embeddable":true,"href":"https:\/\/domosistemas.com\/index.php?rest_route=%2Fwp%2Fv2%2Fcomments&post=10185"}],"version-history":[{"count":0,"href":"https:\/\/domosistemas.com\/index.php?rest_route=\/wp\/v2\/posts\/10185\/revisions"}],"wp:attachment":[{"href":"https:\/\/domosistemas.com\/index.php?rest_route=%2Fwp%2Fv2%2Fmedia&parent=10185"}],"wp:term":[{"taxonomy":"category","embeddable":true,"href":"https:\/\/domosistemas.com\/index.php?rest_route=%2Fwp%2Fv2%2Fcategories&post=10185"},{"taxonomy":"post_tag","embeddable":true,"href":"https:\/\/domosistemas.com\/index.php?rest_route=%2Fwp%2Fv2%2Ftags&post=10185"}],"curies":[{"name":"wp","href":"https:\/\/api.w.org\/{rel}","templated":true}]}}