{"id":10197,"date":"2019-09-12T02:00:24","date_gmt":"2019-09-12T02:00:24","guid":{"rendered":"https:\/\/domosistemas.com\/?p=10197"},"modified":"2019-09-12T02:00:24","modified_gmt":"2019-09-12T02:00:24","slug":"los-retos-futuros-del-sector-de-la-edificacion-en-espana-seran-la-clave-del-programa-del-vi-congreso-edificios-energia-casi-nula-el-23-de-octubre-en-madrid","status":"publish","type":"post","link":"https:\/\/domosistemas.com\/?p=10197","title":{"rendered":"Los retos futuros del sector de la edificaci\u00f3n en Espa\u00f1a ser\u00e1n la clave del programa del VI Congreso Edificios Energ\u00eda Casi Nula el 23 de octubre en Madrid"},"content":{"rendered":"<div>\n<p>Abordar el futuro de la edificaci\u00f3n en Espa\u00f1a, con una visi\u00f3n pr\u00e1ctica y enfocada en nuestros compromisos a 2050, es el principal objetivo del <a href=\"https:\/\/www.congreso-edificios-energia-casi-nula.es\/\" target=\"_blank\" rel=\"noopener noreferrer\">VI Congreso Edificios Energ\u00eda Casi Nula<\/a>, que se celebrar\u00e1 el pr\u00f3ximo 23 de octubre de 2019 en el Espacio La Nave del Ayuntamiento de Madrid. Organizado por Grupo Tecma Red y el Ministerio de Fomento, a trav\u00e9s de su Direcci\u00f3n General de Arquitectura, Vivienda y Suelo, el evento de referencia de los Edificios de Consumo de Energ\u00eda Casi Nulo en nuestro pa\u00eds ya cuenta con un programa definido, caracterizado por la variedad de tem\u00e1ticas, ejemplos de proyectos ya realizados e iniciativas p\u00fablicas y privadas ya en marcha. Los contenidos del programa se seleccionaron estrat\u00e9gicamente el pasado 6 de septiembre en la reuni\u00f3n del Comit\u00e9 T\u00e9cnico celebrada en el Ministerio de Fomento.<\/p>\n<figure id=\"attachment_66477\" aria-describedby=\"caption-attachment-66477\" style=\"width: 800px\" class=\"wp-caption aligncenter\"><img loading=\"lazy\" decoding=\"async\" class=\"wp-image-66477 size-full\" src=\"https:\/\/static.casadomo.com\/media\/2019\/09\/6-congreso-edificios-energia-casi-nula-edificacion-espana-foto-familia.png\" alt=\"Foto de familia\" width=\"800\" height=\"427\" srcset=\"https:\/\/static.casadomo.com\/media\/2019\/09\/6-congreso-edificios-energia-casi-nula-edificacion-espana-foto-familia.png 800w, https:\/\/static.casadomo.com\/media\/2019\/09\/6-congreso-edificios-energia-casi-nula-edificacion-espana-foto-familia-300x160.png 300w, https:\/\/static.casadomo.com\/media\/2019\/09\/6-congreso-edificios-energia-casi-nula-edificacion-espana-foto-familia-768x410.png 768w, https:\/\/static.casadomo.com\/media\/2019\/09\/6-congreso-edificios-energia-casi-nula-edificacion-espana-foto-familia-180x96.png 180w\" sizes=\"auto, (max-width: 800px) 100vw, 800px\"><figcaption id=\"caption-attachment-66477\" class=\"wp-caption-text\">Foto de familia de la segunda reuni\u00f3n del Comit\u00e9 T\u00e9cnico del VI Congreso Edificios Energ\u00eda Casi Nula.<\/figcaption><\/figure>\n<p>La celebraci\u00f3n de esta sexta edici\u00f3n se realiza en un momento clave ante el compromiso de 2020 y la inminente aprobaci\u00f3n del Real Decreto por el que se modificar\u00e1 el Documento B\u00e1sico de Ahorro de Energ\u00eda del C\u00f3digo T\u00e9cnico de la Edificaci\u00f3n para adaptarlo a los objetivos de los Edificios de Energ\u00eda Casi Nula (EECN) en nuestro pa\u00eds. El programa estar\u00e1 compuesto por una Conferencia Magistral del Ministerio de Fomento que abordar\u00e1 una visi\u00f3n de futuro con el objetivo 2050 y tres Mesas Redondas para analizar los retos a los que se enfrenta el sector de la edificaci\u00f3n desde diferentes perspectivas. Todo ello estar\u00e1 complementado con cuatro bloques de ponencias de m\u00e1ximo nivel en los que se presentar\u00e1n proyectos de Edificios de Consumo de Energ\u00eda Casi Nulo ya construidos y diversas iniciativas basadas en las tem\u00e1ticas del llamamiento de comunicaciones del Congreso.<\/p>\n<p>En su inauguraci\u00f3n y clausura, el Congreso contar\u00e1 con alta representaci\u00f3n institucional, con representantes del Ministerio de Fomento y del Ministerio para la Transici\u00f3n Ecol\u00f3gica, y de los apoyos institucionales del evento.<\/p>\n<figure id=\"attachment_66476\" aria-describedby=\"caption-attachment-66476\" style=\"width: 800px\" class=\"wp-caption aligncenter\"><img loading=\"lazy\" decoding=\"async\" class=\"size-full wp-image-66476\" src=\"https:\/\/static.casadomo.com\/media\/2019\/09\/6-congreso-edificios-energia-casi-nula-edificacion-espana-comite-tecnico.png\" alt=\"Desarrollo de la segunda reuni\u00f3n del Comit\u00e9 T\u00e9cnico\" width=\"800\" height=\"454\" srcset=\"https:\/\/static.casadomo.com\/media\/2019\/09\/6-congreso-edificios-energia-casi-nula-edificacion-espana-comite-tecnico.png 800w, https:\/\/static.casadomo.com\/media\/2019\/09\/6-congreso-edificios-energia-casi-nula-edificacion-espana-comite-tecnico-300x170.png 300w, https:\/\/static.casadomo.com\/media\/2019\/09\/6-congreso-edificios-energia-casi-nula-edificacion-espana-comite-tecnico-768x436.png 768w, https:\/\/static.casadomo.com\/media\/2019\/09\/6-congreso-edificios-energia-casi-nula-edificacion-espana-comite-tecnico-180x102.png 180w\" sizes=\"auto, (max-width: 800px) 100vw, 800px\"><figcaption id=\"caption-attachment-66476\" class=\"wp-caption-text\">La Directora del Congreso, In\u00e9s Leal, y el Subdirector General de Arquitectura y Edificaci\u00f3n del Ministerio de Fomento, Luis Vega, presidieron la segunda reuni\u00f3n del Comit\u00e9 T\u00e9cnico.<\/figcaption><\/figure>\n<p>El Subdirector General de Arquitectura y Edificaci\u00f3n del Ministerio de Fomento, Luis Vega, afirma que esta edici\u00f3n \u201csupone un punto de inflexi\u00f3n con respecto a las ediciones anteriores. Ya tenemos pr\u00e1cticamente aprobada la regulaci\u00f3n sobre Edificios de Energ\u00eda Casi Nula y hay que analizar c\u00f3mo seguir planteando esa din\u00e1mica dentro de la rehabilitaci\u00f3n del parque existente, y c\u00f3mo ampliar la mejora de la eficiencia energ\u00e9tica en otros \u00e1mbitos\u201d.<\/p>\n<p>\u201cEl principal objetivo de esta sexta edici\u00f3n es plantear c\u00f3mo ser\u00e1 el futuro del sector de la edificaci\u00f3n en Espa\u00f1a en los pr\u00f3ximos a\u00f1os\u201d, destaca In\u00e9s Leal, Directora del Congreso Edificios Energ\u00eda Casi Nula, y para ello anima a asistir a todos los profesionales del sector.<\/p>\n<h2>Programa del VI Congreso Edificios Energ\u00eda Casi Nula<\/h2>\n<p>El Ministerio de Fomento en Madrid acogi\u00f3 el 6 de septiembre la segunda reuni\u00f3n del Comit\u00e9 T\u00e9cnico del VI Congreso Edificios Energ\u00eda Casi Nula para configurar el programa del Congreso. En el encuentro se valoraron las 61 Comunicaciones y Proyectos de EECN presentados, analizando las diferentes propuestas y confeccionando el programa definitivo, que contar\u00e1 con una Conferencia Magistral y tres Mesas Redondas, adem\u00e1s de la exposici\u00f3n de las 12 Ponencias Orales seleccionadas.<\/p>\n<p>Las tem\u00e1ticas de m\u00e1xima actualidad y relevancia caracterizan a los contenidos del <a href=\"https:\/\/www.congreso-edificios-energia-casi-nula.es\/programa\/\" target=\"_blank\" rel=\"noopener noreferrer\">programa<\/a> que se estructura de la siguiente manera:<\/p>\n<ul>\n<li>El Congreso comenzar\u00e1 con la Conferencia Magistral <em>\u201cDespu\u00e9s del Edificio de Consumo de Energ\u00eda Casi Nulo. Una visi\u00f3n a futuro con el objetivo 2050\u201d<\/em>, a cargo de los m\u00e1ximos representantes de la Direcci\u00f3n General de Arquitectura, Vivienda y Suelo del Ministerio de Fomento.<\/li>\n<\/ul>\n<ul>\n<li>Con el t\u00edtulo <em>\u201cRetos de futuro del sector de la Edificaci\u00f3n y la Ciudad en Espa\u00f1a \u00bfEstamos preparados?\u201d<\/em> se celebrar\u00e1 la primera Mesa Redonda, en la que se analizar\u00e1 el cumplimiento de los compromisos y objetivos, y se abordar\u00e1n aspectos relacionados con el cambio clim\u00e1tico, implicaciones sociales, generaci\u00f3n de negocio y empleo, cambios disruptivos, capacidad de resiliencia y viabilidad econ\u00f3mica, as\u00ed como las relaciones intersectoriales de la edificaci\u00f3n, energ\u00eda y movilidad.<\/li>\n<\/ul>\n<ul>\n<li>Ya por la tarde tendr\u00e1 lugar la segunda Mesa Redonda titulada <em>\u201cRehabilitaci\u00f3n y Edificio de Consumo de Energ\u00eda Casi Nulo: una oportunidad para la generaci\u00f3n de valor econ\u00f3mico, social y medioambiental\u201d<\/em>, que llevar\u00e1 a debate los instrumentos econ\u00f3micos, sociales y medioambientales, adem\u00e1s de estrategias, financiaci\u00f3n e inversiones, y la hoja de ruta de la Estrategia Nacional de Rehabilitaci\u00f3n.<\/li>\n<\/ul>\n<ul>\n<li>La econom\u00eda circular ser\u00e1 protagonista en la tercera Mesa Redonda <em>\u201cSostenibilidad en la Edificaci\u00f3n m\u00e1s all\u00e1 de la Energ\u00eda: iniciando el camino hacia la Econom\u00eda Circular\u201d<\/em>, para tratar sobre la energ\u00eda embebida, materiales, gesti\u00f3n de residuos y recursos, el ciclo del agua, la reparaci\u00f3n y reciclabilidad, y la gesti\u00f3n de uso.<\/li>\n<\/ul>\n<ul>\n<li>Adem\u00e1s, a lo largo de la celebraci\u00f3n del Congreso se desarrollar\u00e1 la exposici\u00f3n de las 12 Ponencias Orales seleccionadas por el Comit\u00e9 T\u00e9cnico de entre las 61 comunicaciones recibidas en el llamamiento de Comunicaciones y Proyectos EECN. De ellas, cuatro mostrar\u00e1n proyectos de Edificios de Consumo de Energ\u00eda Casi Nulo, con diferentes usos, tanto dotacional como de oficinas y residencial, y las ocho restantes reflejar\u00e1n la m\u00e1xima innovaci\u00f3n y actualidad de las tem\u00e1ticas clave del Congreso: Motivaci\u00f3n, Informaci\u00f3n, Experiencias y Beneficios para los Usuarios; Sistemas y Tecnolog\u00edas Integrables; Prestaciones Reales de los EECN; Rehabilitaci\u00f3n y Regeneraci\u00f3n Urbana; Edificios y Distritos de Energ\u00eda Positiva; y Uso, gesti\u00f3n, operaci\u00f3n y mantenimiento.<\/li>\n<\/ul>\n<figure id=\"attachment_66478\" aria-describedby=\"caption-attachment-66478\" style=\"width: 800px\" class=\"wp-caption aligncenter\"><img loading=\"lazy\" decoding=\"async\" class=\"wp-image-66478 size-full\" src=\"https:\/\/static.casadomo.com\/media\/2019\/09\/6-congreso-edificios-energia-casi-nula-edificacion-espana-trabajo-comite-tecnico.png\" alt=\"El Comit\u00e9 T\u00e9cnico debatiendo.\" width=\"800\" height=\"430\" srcset=\"https:\/\/static.casadomo.com\/media\/2019\/09\/6-congreso-edificios-energia-casi-nula-edificacion-espana-trabajo-comite-tecnico.png 800w, https:\/\/static.casadomo.com\/media\/2019\/09\/6-congreso-edificios-energia-casi-nula-edificacion-espana-trabajo-comite-tecnico-300x161.png 300w, https:\/\/static.casadomo.com\/media\/2019\/09\/6-congreso-edificios-energia-casi-nula-edificacion-espana-trabajo-comite-tecnico-768x413.png 768w, https:\/\/static.casadomo.com\/media\/2019\/09\/6-congreso-edificios-energia-casi-nula-edificacion-espana-trabajo-comite-tecnico-180x97.png 180w\" sizes=\"auto, (max-width: 800px) 100vw, 800px\"><figcaption id=\"caption-attachment-66478\" class=\"wp-caption-text\">La segunda reuni\u00f3n del Comit\u00e9 T\u00e9cnico del Congreso seleccion\u00f3 las ponencias y mesas del programa.<\/figcaption><\/figure>\n<p>Todos los asistentes al evento recibir\u00e1n, como complemento al programa, el Libro de Comunicaciones y Proyectos EECN del VI Congreso Edificios Energ\u00eda Casi Nula, que incluye todas las propuestas seleccionadas por el Comit\u00e9 T\u00e9cnico, y que despu\u00e9s del Congreso tambi\u00e9n estar\u00e1 disponible para su compra en papel a trav\u00e9s de Amazon. Despu\u00e9s de la celebraci\u00f3n del Congreso, todas las comunicaciones y proyectos ser\u00e1n a su vez publicados en formato digital a trav\u00e9s del portal <a href=\"https:\/\/www.construible.es\/\" target=\"_blank\" rel=\"noopener noreferrer\">CONSTRUIBLE<\/a>.<\/p>\n<h2>Miembros del Comit\u00e9 T\u00e9cnico<\/h2>\n<p>El <a href=\"https:\/\/www.congreso-edificios-energia-casi-nula.es\/comite-tecnico\/\">Comit\u00e9 T\u00e9cnico<\/a> del VI Congreso Edificios Energ\u00eda Casi Nula est\u00e1 formado por m\u00e1s de 40 profesionales expertos de diversos perfiles y con amplia experiencia en cada una de las \u00e1reas tem\u00e1ticas que aborda el evento.<\/p>\n<p>Cuenta con representantes de las siguientes entidades: Ministerio de Fomento, IDAE, OECC, FEMP, CIEMAT, INCASOL, IETcc, CSCAE, CGCOII, CGATE, CICCP, CAF Madrid, AVS, CENER, CARTIF, ATECYR, PTE-ee, IFMA ESPA\u00d1A, CEPCO, ANDIMAT, ASEFAVE, AFEC, CONAIF, AEDICI, Fundaci\u00f3n Laboral de la Construcci\u00f3n, GBCE, AETIR, CECU, ACA, PEP, Solartys, Siber Ventilaci\u00f3n y Grupo Tecma Red.<\/p>\n<h2>Abierto el plazo de inscripci\u00f3n<\/h2>\n<p>El plazo de inscripci\u00f3n del VI Congreso Edificios Energ\u00eda Casi Nula est\u00e1 abierto hasta el 18 de octubre de 2019, si antes no se completa el aforo. Existen condiciones especiales para Miembros de Apoyos Institucionales, Entidades Colaboradoras, Autores de Comunicaciones y Patrocinadores. Adem\u00e1s, existen descuentos espec\u00edficos para j\u00f3venes, estudiantes y desempleados (plazas limitadas). Para m\u00e1s informaci\u00f3n y formalizar la inscripci\u00f3n dirigirse a la web del Congreso: <a href=\"http:\/\/www.congreso-edificios-energia-casi-nula.es\/inscripciones\" target=\"_blank\" rel=\"noopener noreferrer\">www.congreso-edificios-energia-casi-nula.es\/inscripciones<\/a><\/p>\n<p>Se trata de un evento de car\u00e1cter multidisciplinar dirigido a profesionales, organizaciones y empresas relacionados con el sector de la edificaci\u00f3n y la energ\u00eda: Arquitectos\/Ingenieros, Constructores\/Promotores Inmobiliarios, Fabricantes de Materiales y Equipos, Administraci\u00f3n P\u00fablica, I+D+i\/Centros Tecnol\u00f3gicos\/Asociaciones, Empresas de Sector de la Energ\u00eda, Integradores\/Instaladores, Administradores de Fincas\/Usuarios\/ONGs y Universidades\/Centros de Formaci\u00f3n. Hasta la fecha han formalizado su inscripci\u00f3n numerosos profesionales y se espera completar un aforo cercano a los 500 congresistas.<\/p>\n<h2>Sobre el VI Congreso Edificios Energ\u00eda Casi Nula<\/h2>\n<p>El VI Congreso Edificios Energ\u00eda Casi Nula est\u00e1 organizado por Grupo Tecma Red y Ministerio de Fomento, a trav\u00e9s de la Direcci\u00f3n General de Arquitectura, Vivienda y Suelo. Cuenta con el apoyo institucional del Ayuntamiento de Madrid, y del Ministerio para la Transici\u00f3n Ecol\u00f3gica, a trav\u00e9s de la Oficina Espa\u00f1ola de Cambio Clim\u00e1tico y del IDAE. Adem\u00e1s, colaboran en su desarrollo m\u00e1s de 80 asociaciones, organismos e instituciones representativas del sector de la edificaci\u00f3n, interesadas en participar y promover los EECN en nuestro pa\u00eds.<\/p>\n<p>El Congreso Edificios Energ\u00eda Casi Nula es el principal foro de encuentro profesional en el que abordar el estado actual de los Edificios de Alta Eficiencia y las implicaciones que representan para el sector de la edificaci\u00f3n, la construcci\u00f3n, la arquitectura y los servicios relacionados en Espa\u00f1a.<\/p>\n<h2>Apoyos, patrocinios y colaboradores<\/h2>\n<p>Hasta el momento han confirmado su apoyo y colaboraci\u00f3n las siguientes entidades:<\/p>\n<p><u>Organiza<\/u>: Grupo Tecma Red y Ministerio de Fomento<\/p>\n<p><u>Apoyo Institucional<\/u>: Ayuntamiento de Madrid, Ministerio para la Transici\u00f3n Ecol\u00f3gica, a trav\u00e9s de la Oficina Espa\u00f1ola de Cambio Clim\u00e1tico y del IDAE<\/p>\n<p><u>Patrocinio Platino<\/u>: Siber Ventilaci\u00f3n<\/p>\n<p><u>Patrocinio Oro<\/u>: BAXI, BMI, CoHispania, Danosa, K\u00f6mmerling, Saint-Gobain y Sika<\/p>\n<p><u>Patrocinio Plata<\/u>: Aldes, Junkers-Bosch, Saunier Duval, Vaillant y Veka<\/p>\n<p><u>Patrocinio Bronce<\/u>: LafargeHolcim y URSA<\/p>\n<p><u>Colaboradores<\/u>: a3e, ACA, ADHAC, AEA, AECCTI, AEDICI, AEDIP, AETIR, AFEC, AFELMA, AFME, AHK, AIPEX, AISLA, AMI, ANAIP, ANAPE, ANDIMAT, ANERR, ANESE, ANFAPA, ASA, ASEFAVE, ASHRAE Spain Chapter, ASIT, ASPRIMA, ATECYR, AUS, AVEBIOM, AVS, BREEAM ES, BuildingSMART Spanish Chapter, CARTIF, CDTI, CECU, CEDOM, CEEC, CENER, CEPCO, CICCP, CIEMAT, CIRCE, CNI, COIIM, CAF MADRID, COIT, COGITT\/AEGITT, CSCAE, CGCOII, CGATE, COGEN ESPA\u00d1A, CONAIF, DOMOTYS, EFENAR, EMVS, ENACE, ENERAGEN, ENERGYLAB, EURECAT, F2E, FECOTEL, FENIE, FENITEL, FUNDACI\u00d3N LABORAL DE LA CONSTRUCCI\u00d3N, GBCE, HISPALYT, IFMA, IMDEA Energ\u00eda, INNOVARCILLA, INST. CC. EDUARDO TORROJA, IVE, IPUR, IREC, ITH, Asociaci\u00f3n KNX, Fundaci\u00f3n LA CASA QUE AHORRA, LEITAT Centro Tecnol\u00f3gico, Madrid Network, PEP, PTE-ee, SECARTYS, SMARTLIVINGPLAT, SOLARTYS, TECNALIA y UNEF.<\/p>\n<p>La entrada <a rel=\"nofollow\" href=\"https:\/\/www.casadomo.com\/2019\/09\/12\/retos-futuros-sector-edificacion-espana-seran-clave-programa-6-congreso-edificios-energia-casi-nula-23-octubre-madrid\">Los retos futuros del sector de la edificaci\u00f3n en Espa\u00f1a ser\u00e1n la clave del programa del VI Congreso Edificios Energ\u00eda Casi Nula el 23 de octubre en Madrid<\/a> aparece primero en <a rel=\"nofollow\" href=\"https:\/\/www.casadomo.com\/\">CASADOMO<\/a>.<\/p>\n<\/div>\n","protected":false},"excerpt":{"rendered":"<p>Abordar el futuro de la edificaci\u00f3n en Espa\u00f1a, con una visi\u00f3n pr\u00e1ctica y enfocada en nuestros compromisos a 2050, es el principal objetivo del VI Congreso Edificios Energ\u00eda Casi Nula, que se celebrar\u00e1 el pr\u00f3ximo 23 de octubre de 2019 en el Espacio La Nave del Ayuntamiento de Madrid. Organizado por Grupo Tecma Red y &hellip; <a href=\"https:\/\/domosistemas.com\/?p=10197\" class=\"more-link\">Sigue leyendo <span class=\"screen-reader-text\">Los retos futuros del sector de la edificaci\u00f3n en Espa\u00f1a ser\u00e1n la clave del programa del VI Congreso Edificios Energ\u00eda Casi Nula el 23 de octubre en Madrid<\/span><\/a><\/p>\n","protected":false},"author":1,"featured_media":0,"comment_status":"closed","ping_status":"closed","sticky":false,"template":"","format":"standard","meta":{"footnotes":""},"categories":[3],"tags":[],"class_list":["post-10197","post","type-post","status-publish","format-standard","hentry","category-casadomo-com"],"_links":{"self":[{"href":"https:\/\/domosistemas.com\/index.php?rest_route=\/wp\/v2\/posts\/10197","targetHints":{"allow":["GET"]}}],"collection":[{"href":"https:\/\/domosistemas.com\/index.php?rest_route=\/wp\/v2\/posts"}],"about":[{"href":"https:\/\/domosistemas.com\/index.php?rest_route=\/wp\/v2\/types\/post"}],"author":[{"embeddable":true,"href":"https:\/\/domosistemas.com\/index.php?rest_route=\/wp\/v2\/users\/1"}],"replies":[{"embeddable":true,"href":"https:\/\/domosistemas.com\/index.php?rest_route=%2Fwp%2Fv2%2Fcomments&post=10197"}],"version-history":[{"count":0,"href":"https:\/\/domosistemas.com\/index.php?rest_route=\/wp\/v2\/posts\/10197\/revisions"}],"wp:attachment":[{"href":"https:\/\/domosistemas.com\/index.php?rest_route=%2Fwp%2Fv2%2Fmedia&parent=10197"}],"wp:term":[{"taxonomy":"category","embeddable":true,"href":"https:\/\/domosistemas.com\/index.php?rest_route=%2Fwp%2Fv2%2Fcategories&post=10197"},{"taxonomy":"post_tag","embeddable":true,"href":"https:\/\/domosistemas.com\/index.php?rest_route=%2Fwp%2Fv2%2Ftags&post=10197"}],"curies":[{"name":"wp","href":"https:\/\/api.w.org\/{rel}","templated":true}]}}