{"id":10198,"date":"2019-09-12T02:00:45","date_gmt":"2019-09-12T02:00:45","guid":{"rendered":"https:\/\/domosistemas.com\/?p=10198"},"modified":"2019-09-12T02:00:45","modified_gmt":"2019-09-12T02:00:45","slug":"plataforma-de-api-abierta-la-base-de-la-casa-del-futuro-de-abb-se-muestra-en-ifa-berlin-2019","status":"publish","type":"post","link":"https:\/\/domosistemas.com\/?p=10198","title":{"rendered":"Plataforma de API abierta, la base de la casa del futuro de ABB se muestra en IFA Berlin 2019"},"content":{"rendered":"<div>\n<p>La ciudad alemana de Berl\u00edn acogi\u00f3, entre los d\u00edas 6 y 11 de septiembre, uno de los acontecimientos relevantes del sector, la feria internacional <a href=\"https:\/\/www.ifa-berlin.com\/\" target=\"_blank\" rel=\"noopener noreferrer\">IFA Berlin 2019<\/a>. En este evento, los asistentes pudieron conocer todas las novedades relacionadas con el mundo de la electr\u00f3nica de consumo y los edificios inteligentes. Uno de los participantes fue <a href=\"https:\/\/www.casadomo.com\/empresas\/abb\" target=\"_blank\" rel=\"noopener noreferrer\">ABB<\/a>, bajo su marca Busch-Jaeger, que present\u00f3 sus \u00faltimas novedades para mejorar el confort en los hogares conectados.<\/p>\n<div class=\"video-wrapper\">\n<div class=\"video-container\">\n        <iframe src=\"\/\/player.vimeo.com\/video\/359294782?\" frameborder=\"0\" webkitallowfullscreen mozallowfullscreen allowfullscreen><\/iframe>\n        <\/div>\n<\/p><\/div>\n<p>Durante los d\u00edas 4 y 5 de septiembre, periodistas europeos, entre ellos <a href=\"https:\/\/www.casadomo.com\/\" target=\"_blank\" rel=\"noopener noreferrer\">CASADOMO<\/a>, pudieron conocer en primicia los nuevos productos. En la primera de las jornadas y bajo el lema &#8216;Level up your smart home experience&#8217; (Sube de nivel la experiencia de tu hogar inteligente), ABB present\u00f3 su hogar del futuro basado en la conectividad, con el fin de mejorar la experiencia del consumidor a trav\u00e9s de la interoperabilidad de los dispositivos conectados.<\/p>\n<figure id=\"attachment_66404\" aria-describedby=\"caption-attachment-66404\" style=\"width: 800px\" class=\"wp-caption aligncenter\"><img loading=\"lazy\" decoding=\"async\" class=\"wp-image-66404 size-full\" src=\"https:\/\/static.casadomo.com\/media\/2019\/09\/abb-ifa-conferencia-prensa-representacion-hogar-inteligente.png\" alt=\"Una estructura en forma de casa con el logo de ABB y con algunos de los productos de la compa\u00f1\u00eda. \" width=\"800\" height=\"631\" srcset=\"https:\/\/static.casadomo.com\/media\/2019\/09\/abb-ifa-conferencia-prensa-representacion-hogar-inteligente.png 800w, https:\/\/static.casadomo.com\/media\/2019\/09\/abb-ifa-conferencia-prensa-representacion-hogar-inteligente-300x237.png 300w, https:\/\/static.casadomo.com\/media\/2019\/09\/abb-ifa-conferencia-prensa-representacion-hogar-inteligente-768x606.png 768w, https:\/\/static.casadomo.com\/media\/2019\/09\/abb-ifa-conferencia-prensa-representacion-hogar-inteligente-180x142.png 180w\" sizes=\"auto, (max-width: 800px) 100vw, 800px\"><figcaption id=\"caption-attachment-66404\" class=\"wp-caption-text\">La conferencia internacional de prensa de ABB se centr\u00f3 en el hogar del futuro.<\/figcaption><\/figure>\n<p>Durante el evento, se desarrollaron diferentes exposiciones, donde Oliver Iltisberger, director general de Smart Buildings de ABB, fue el encargado de comenzar el evento a trav\u00e9s de una simulaci\u00f3n de una casa inteligente. Los asistentes pudieron ver c\u00f3mo funcionaba el asistente virtual y las funcionalidades diarias que pod\u00eda aportar. Tambi\u00e9n, hubo\u00a0una mesa redonda, donde se debati\u00f3 sobre la situaci\u00f3n del sector.<\/p>\n<figure id=\"attachment_66400\" aria-describedby=\"caption-attachment-66400\" style=\"width: 800px\" class=\"wp-caption aligncenter\"><img loading=\"lazy\" decoding=\"async\" class=\"wp-image-66400 size-full\" src=\"https:\/\/static.casadomo.com\/media\/2019\/09\/abb-ifa-conferencia-prensa-mesa-redonda.png\" alt=\"Los participantes en la conferencia durante la mesa redonda. \" width=\"800\" height=\"443\" srcset=\"https:\/\/static.casadomo.com\/media\/2019\/09\/abb-ifa-conferencia-prensa-mesa-redonda.png 800w, https:\/\/static.casadomo.com\/media\/2019\/09\/abb-ifa-conferencia-prensa-mesa-redonda-300x166.png 300w, https:\/\/static.casadomo.com\/media\/2019\/09\/abb-ifa-conferencia-prensa-mesa-redonda-768x425.png 768w, https:\/\/static.casadomo.com\/media\/2019\/09\/abb-ifa-conferencia-prensa-mesa-redonda-360x200.png 360w, https:\/\/static.casadomo.com\/media\/2019\/09\/abb-ifa-conferencia-prensa-mesa-redonda-180x100.png 180w\" sizes=\"auto, (max-width: 800px) 100vw, 800px\"><figcaption id=\"caption-attachment-66400\" class=\"wp-caption-text\">En la primera jornada, tambi\u00e9n hubo tiempo para una mesa redonda sobre el sector.<\/figcaption><\/figure>\n<p>En el segundo d\u00eda, los periodistas conocieron en exclusiva el expositor de Busch-Jaeger, para ver, de manera f\u00edsica, todas las novedades que la compa\u00f1\u00eda expuso en la feria.<\/p>\n<figure id=\"attachment_66462\" aria-describedby=\"caption-attachment-66462\" style=\"width: 800px\" class=\"wp-caption aligncenter\"><img loading=\"lazy\" decoding=\"async\" class=\"wp-image-66462 size-full\" src=\"https:\/\/static.casadomo.com\/media\/2019\/09\/abb-ifa-conferencia-prensa-expositor-busch-jaeger.png\" alt=\"La exposici\u00f3n de Busch-Jaeger en IFA.\" width=\"800\" height=\"552\" srcset=\"https:\/\/static.casadomo.com\/media\/2019\/09\/abb-ifa-conferencia-prensa-expositor-busch-jaeger.png 800w, https:\/\/static.casadomo.com\/media\/2019\/09\/abb-ifa-conferencia-prensa-expositor-busch-jaeger-300x207.png 300w, https:\/\/static.casadomo.com\/media\/2019\/09\/abb-ifa-conferencia-prensa-expositor-busch-jaeger-768x530.png 768w, https:\/\/static.casadomo.com\/media\/2019\/09\/abb-ifa-conferencia-prensa-expositor-busch-jaeger-180x124.png 180w\" sizes=\"auto, (max-width: 800px) 100vw, 800px\"><figcaption id=\"caption-attachment-66462\" class=\"wp-caption-text\">La exposici\u00f3n de Busch-Jaeger durante la conferencia de prensa.<\/figcaption><\/figure>\n<h2>Plataforma de API abierta<\/h2>\n<p>La comunicaci\u00f3n entre dispositivos conectados es la clave para obtener el hogar del futuro. ABB apuesta por su plataforma de API abierta, que permite combinar todas las soluciones ofreciendo una multitud de funcionalidades a los clientes.<\/p>\n<figure id=\"attachment_66401\" aria-describedby=\"caption-attachment-66401\" style=\"width: 800px\" class=\"wp-caption aligncenter\"><img loading=\"lazy\" decoding=\"async\" class=\"wp-image-66401 size-full\" src=\"https:\/\/static.casadomo.com\/media\/2019\/09\/abb-ifa-conferencia-prensa-oliver-iltisberger-presentacion-hogar-futuro.png\" alt=\"Oliver Iltisberger, director general Smart Building de ABB, durante su presentaci\u00f3n de la casa del futuro. \" width=\"800\" height=\"491\" srcset=\"https:\/\/static.casadomo.com\/media\/2019\/09\/abb-ifa-conferencia-prensa-oliver-iltisberger-presentacion-hogar-futuro.png 800w, https:\/\/static.casadomo.com\/media\/2019\/09\/abb-ifa-conferencia-prensa-oliver-iltisberger-presentacion-hogar-futuro-300x184.png 300w, https:\/\/static.casadomo.com\/media\/2019\/09\/abb-ifa-conferencia-prensa-oliver-iltisberger-presentacion-hogar-futuro-768x471.png 768w, https:\/\/static.casadomo.com\/media\/2019\/09\/abb-ifa-conferencia-prensa-oliver-iltisberger-presentacion-hogar-futuro-180x110.png 180w\" sizes=\"auto, (max-width: 800px) 100vw, 800px\"><figcaption id=\"caption-attachment-66401\" class=\"wp-caption-text\">El encargado de mostrar la casa del futuro fue Oliver Iltisberger, director general Smart Building de ABB, que ense\u00f1\u00f3 las m\u00faltiples ventajas de una comunicaci\u00f3n integral entre dispositivos.<\/figcaption><\/figure>\n<p>Gracias a esta plataforma, los desarrolladores tendr\u00e1n m\u00e1s facilidad para integrar los nuevos productos que vayan apareciendo en el mercado. Asimismo, otros fabricantes podr\u00e1n beneficiarse de las ventajas que ofrece ABB-free@home, al tiempo que los productos de la compa\u00f1\u00eda ampl\u00edan posibilidades con las tecnolog\u00edas de sus socios.<\/p>\n<p>Actualmente, ABB ya integra API&#8217;s abiertas de sus partners Sonos, <a href=\"https:\/\/www.casadomo.com\/empresas\/signify\" target=\"_blank\" rel=\"noopener noreferrer\">Signify<\/a>, Amazon Alexa, Miele y BSH, en sus soluciones KNX ABB-free@home y ABB i-bus. Durante la presentaci\u00f3n algunos de los socios ofrecieron su visi\u00f3n sobre esta fusi\u00f3n tecnol\u00f3gica y de qu\u00e9 manera se benefician los consumidores.<\/p>\n<figure id=\"attachment_66405\" aria-describedby=\"caption-attachment-66405\" style=\"width: 800px\" class=\"wp-caption aligncenter\"><img loading=\"lazy\" decoding=\"async\" class=\"wp-image-66405 size-full\" src=\"https:\/\/static.casadomo.com\/media\/2019\/09\/abb-ifa-conferencia-prensa-signify-presentando-productos-compatibles-abb.png\" alt=\"Representante de Signify y partner de ABB.\" width=\"800\" height=\"508\" srcset=\"https:\/\/static.casadomo.com\/media\/2019\/09\/abb-ifa-conferencia-prensa-signify-presentando-productos-compatibles-abb.png 800w, https:\/\/static.casadomo.com\/media\/2019\/09\/abb-ifa-conferencia-prensa-signify-presentando-productos-compatibles-abb-300x191.png 300w, https:\/\/static.casadomo.com\/media\/2019\/09\/abb-ifa-conferencia-prensa-signify-presentando-productos-compatibles-abb-768x488.png 768w, https:\/\/static.casadomo.com\/media\/2019\/09\/abb-ifa-conferencia-prensa-signify-presentando-productos-compatibles-abb-180x114.png 180w\" sizes=\"auto, (max-width: 800px) 100vw, 800px\"><figcaption id=\"caption-attachment-66405\" class=\"wp-caption-text\">Algunos de los socios de ABB estuvieron presente en el evento y ofrecieron su visi\u00f3n sobre la plataforma de API abierta.<\/figcaption><\/figure>\n<p>La compa\u00f1\u00eda dio a conocer dos proyectos en los que ya se ha implementado su plataforma de API abierta. En uno de ellos, desarrollado por Betterspace, se llev\u00f3 a cabo la domotizaci\u00f3n completa del Boutique Hotel K7, a trav\u00e9s del software 360\u00ba basado en la nube. Bajo el nombre &#8216;My Life, My Way&#8217;, el segundo proyecto, perteneciente a Bonacasa y en colaboraci\u00f3n con Ihomelab, utiliza la plataforma de ABB para combinarla con el asistente virtual Anne y poder gestionar los dispositivos inteligentes con los comandos de voz.<\/p>\n<h2>ABB-free@home y portal MyBuildings<\/h2>\n<p>En IFA estuvo presente <a href=\"https:\/\/www.casadomo.com\/videoteca\/free-at-home\" target=\"_blank\" rel=\"noopener noreferrer\">ABB-free@home<\/a>, el sistema dom\u00f3tico capaz de ofrecer m\u00e1s de 66 funcionalidades e integrar hasta 150 dispositivos. La compa\u00f1\u00eda aprovech\u00f3 la ocasi\u00f3n para mostrar las mejoras del producto que ya se encuentra en el mercado.<\/p>\n<figure id=\"attachment_66402\" aria-describedby=\"caption-attachment-66402\" style=\"width: 800px\" class=\"wp-caption aligncenter\"><img loading=\"lazy\" decoding=\"async\" class=\"wp-image-66402 size-full\" src=\"https:\/\/static.casadomo.com\/media\/2019\/09\/abb-ifa-conferencia-prensa-producto-free-home.png\" alt=\"ABB Free@home\" width=\"800\" height=\"645\" srcset=\"https:\/\/static.casadomo.com\/media\/2019\/09\/abb-ifa-conferencia-prensa-producto-free-home.png 800w, https:\/\/static.casadomo.com\/media\/2019\/09\/abb-ifa-conferencia-prensa-producto-free-home-300x242.png 300w, https:\/\/static.casadomo.com\/media\/2019\/09\/abb-ifa-conferencia-prensa-producto-free-home-768x619.png 768w, https:\/\/static.casadomo.com\/media\/2019\/09\/abb-ifa-conferencia-prensa-producto-free-home-180x145.png 180w\" sizes=\"auto, (max-width: 800px) 100vw, 800px\"><figcaption id=\"caption-attachment-66402\" class=\"wp-caption-text\">En la exposici\u00f3n de IFA, la prensa pudo ver en primicia los nuevos productos presentados en la conferencia internacional.<\/figcaption><\/figure>\n<p>Esta soluci\u00f3n dispon\u00eda de dos tipos de conectividad: inal\u00e1mbrica y por cable. Ahora, con el anuncio de la nueva API abierta, ABB-free@home ofrece la posibilidad de integrarse en los sistemas de terceros, ampliando las funcionalidades de los hogares inteligentes con la gesti\u00f3n remota y la creaci\u00f3n de los espacios predefinidos con ayuda de la geofencing o geoperimetraje.<\/p>\n<p>Con el fin de facilitar la configuraci\u00f3n de los interruptores de luz, enchufes y otros componentes de este sistema dom\u00f3tico, ABB ha desarrollado la aplicaci\u00f3n Smart Home Configurator, que dispondr\u00e1 de diversas versiones adapt\u00e1ndose a cada pa\u00eds.<\/p>\n<figure id=\"attachment_66403\" aria-describedby=\"caption-attachment-66403\" style=\"width: 800px\" class=\"wp-caption aligncenter\"><img loading=\"lazy\" decoding=\"async\" class=\"wp-image-66403 size-full\" src=\"https:\/\/static.casadomo.com\/media\/2019\/09\/abb-ifa-conferencia-prensa-representacion-free-home-esquema.png\" alt=\"Un esquema de conectividad de ABB free@home\" width=\"800\" height=\"395\" srcset=\"https:\/\/static.casadomo.com\/media\/2019\/09\/abb-ifa-conferencia-prensa-representacion-free-home-esquema.png 800w, https:\/\/static.casadomo.com\/media\/2019\/09\/abb-ifa-conferencia-prensa-representacion-free-home-esquema-300x148.png 300w, https:\/\/static.casadomo.com\/media\/2019\/09\/abb-ifa-conferencia-prensa-representacion-free-home-esquema-768x379.png 768w, https:\/\/static.casadomo.com\/media\/2019\/09\/abb-ifa-conferencia-prensa-representacion-free-home-esquema-180x89.png 180w\" sizes=\"auto, (max-width: 800px) 100vw, 800px\"><figcaption id=\"caption-attachment-66403\" class=\"wp-caption-text\">No todo fueron novedades, algunos productos como ABB free@home han experimentado mejoras para garantizar la conectividad.<\/figcaption><\/figure>\n<p>Por su parte, el portal <a href=\"https:\/\/www.casadomo.com\/2018\/04\/10\/mybuildings-nueva-plataforma-online-abb-control-distancia-viviendas-edificios\" target=\"_blank\" rel=\"noopener noreferrer\">MyBuildings<\/a> con tecnolog\u00eda ABB AbilityTM tambi\u00e9n cuenta con actualizaciones enfocadas a los instaladores. Ahora, los profesionales pueden seleccionar, de una manera m\u00e1s sencilla, aquellos componentes que mejor se adapten a sus necesidades. La empresa ha anunciado que en 2019 MyBuildings ofrecer\u00e1 nuevos servicios como la gesti\u00f3n remota.<\/p>\n<h2>Seguridad triple<\/h2>\n<p>ABB ha desarrollado tres nuevas soluciones de seguridad que abarca desde los controles de acceso hasta la vigilancia del edificio en general. La se\u00f1a de identidad es la conectividad IP, que les permitir\u00e1 integrarse m\u00e1s f\u00e1cilmente en la dom\u00f3tica del hogar y en el control de automatizaci\u00f3n de edificios a trav\u00e9s del nuevo panel t\u00e1ctil de 7 pulgadas ABB-Welcome IP.<\/p>\n<figure id=\"attachment_66411\" aria-describedby=\"caption-attachment-66411\" style=\"width: 800px\" class=\"wp-caption aligncenter\"><img loading=\"lazy\" decoding=\"async\" class=\"wp-image-66411 size-full\" src=\"https:\/\/static.casadomo.com\/media\/2019\/09\/abb-ifa-conferencia-prensa-adalbert-neuman-alexander-grams.png\" alt=\"Alexander Grams, Global Head of Marketing Communications; y Adalbert Neumann, Global Head od Marketing and Sales.\" width=\"800\" height=\"517\" srcset=\"https:\/\/static.casadomo.com\/media\/2019\/09\/abb-ifa-conferencia-prensa-adalbert-neuman-alexander-grams.png 800w, https:\/\/static.casadomo.com\/media\/2019\/09\/abb-ifa-conferencia-prensa-adalbert-neuman-alexander-grams-300x194.png 300w, https:\/\/static.casadomo.com\/media\/2019\/09\/abb-ifa-conferencia-prensa-adalbert-neuman-alexander-grams-768x496.png 768w, https:\/\/static.casadomo.com\/media\/2019\/09\/abb-ifa-conferencia-prensa-adalbert-neuman-alexander-grams-180x116.png 180w\" sizes=\"auto, (max-width: 800px) 100vw, 800px\"><figcaption id=\"caption-attachment-66411\" class=\"wp-caption-text\">Alexander Grams, Global Head of Marketing Communications (izq.); y Adalbert Neumann, Global Head od Marketing and Sales (dcha.), durante su intervenci\u00f3n en la conferencia.<\/figcaption><\/figure>\n<p>En cuanto al sistema de videovigilancia, la compa\u00f1\u00eda ha dise\u00f1ado ABB-VideoControl con almacenaje en la nube de las grabaciones. La incorporaci\u00f3n de los servicios en la nube aportar\u00e1 funcionalidades remotas, como la apertura de las cerraduras inteligentes y la transmisi\u00f3n por secuencia de v\u00eddeo junto con el almacenamiento en l\u00ednea de v\u00eddeos de televisi\u00f3n en circuito cerrado (CCTV) y datos del proyecto.<\/p>\n<figure id=\"attachment_66406\" aria-describedby=\"caption-attachment-66406\" style=\"width: 800px\" class=\"wp-caption aligncenter\"><img loading=\"lazy\" decoding=\"async\" class=\"wp-image-66406 size-full\" src=\"https:\/\/static.casadomo.com\/media\/2019\/09\/abb-ifa-conferencia-prensa-welcome-ip.png\" alt=\"ABB Welcome IP.\" width=\"800\" height=\"651\" srcset=\"https:\/\/static.casadomo.com\/media\/2019\/09\/abb-ifa-conferencia-prensa-welcome-ip.png 800w, https:\/\/static.casadomo.com\/media\/2019\/09\/abb-ifa-conferencia-prensa-welcome-ip-300x244.png 300w, https:\/\/static.casadomo.com\/media\/2019\/09\/abb-ifa-conferencia-prensa-welcome-ip-768x625.png 768w, https:\/\/static.casadomo.com\/media\/2019\/09\/abb-ifa-conferencia-prensa-welcome-ip-180x146.png 180w\" sizes=\"auto, (max-width: 800px) 100vw, 800px\"><figcaption id=\"caption-attachment-66406\" class=\"wp-caption-text\">Los productos relacionados con la seguridad destacaron con el uso de los servicio en la nube.<\/figcaption><\/figure>\n<p>Por su parte, ABB-AccessControl, un chip RFID integrado en las propias puertas facilitar\u00e1 la gesti\u00f3n remota del acceso, controlado por medio de una aplicaci\u00f3n m\u00f3vil o de forma autom\u00e1tica, seg\u00fan la configuraci\u00f3n horaria establecida. Como opciones, los equipos de seguridad podr\u00e1n gestionar todos los derechos de acceso, los perfiles de tiempo y la informaci\u00f3n de registro.<\/p>\n<h2>Gesti\u00f3n inteligente remota<\/h2>\n<p>Como ya se ha mencionado anteriormente, una de las ventajas de la plataforma de API abierta de ABB es el abanico de funcionalidades que pueden aparecer en los hogares inteligentes con la participaci\u00f3n de terceros. Es el caso de su socio Sonos, que ha incorporado en sus altavoces inal\u00e1mbricos la aplicaci\u00f3n Busch-ControlTouch de ABB.<\/p>\n<figure id=\"attachment_66399\" aria-describedby=\"caption-attachment-66399\" style=\"width: 800px\" class=\"wp-caption aligncenter\"><img loading=\"lazy\" decoding=\"async\" class=\"wp-image-66399 size-full\" src=\"https:\/\/static.casadomo.com\/media\/2019\/09\/abb-ifa-conferencia-prensa-home-secure.png\" alt=\"ABB Secure@home\" width=\"800\" height=\"549\" srcset=\"https:\/\/static.casadomo.com\/media\/2019\/09\/abb-ifa-conferencia-prensa-home-secure.png 800w, https:\/\/static.casadomo.com\/media\/2019\/09\/abb-ifa-conferencia-prensa-home-secure-300x206.png 300w, https:\/\/static.casadomo.com\/media\/2019\/09\/abb-ifa-conferencia-prensa-home-secure-768x527.png 768w, https:\/\/static.casadomo.com\/media\/2019\/09\/abb-ifa-conferencia-prensa-home-secure-180x124.png 180w\" sizes=\"auto, (max-width: 800px) 100vw, 800px\"><figcaption id=\"caption-attachment-66399\" class=\"wp-caption-text\">La uni\u00f3n con Sonos ha permitido mejorar los productos, gracias al control remoto desde cualquier dispositivo m\u00f3vil o smart watch.<\/figcaption><\/figure>\n<p>Esta fusi\u00f3n de tecnolog\u00edas permite a los altavoces de Sonos leer los comandos escritos en el dispositivo Busch-ControlTouch, para transformar en mandos a distancia los tel\u00e9fonos inteligentes, tabletas, ordenadores, e incluso, Apple Watch. Asimismo, los altavoces funcionan con acci\u00f3n-reacci\u00f3n, es decir, cuando se produce un determinado evento estos dispositivos tienen la capacidad de bajar el volumen o reproducir una melod\u00eda.<\/p>\n<figure id=\"attachment_66397\" aria-describedby=\"caption-attachment-66397\" style=\"width: 800px\" class=\"wp-caption aligncenter\"><img loading=\"lazy\" decoding=\"async\" class=\"wp-image-66397 size-full\" src=\"https:\/\/static.casadomo.com\/media\/2019\/09\/abb-ifa-conferencia-prensa-altavoces-inteligentes.png\" alt=\"Algunos de los productos de ABB. \" width=\"800\" height=\"577\" srcset=\"https:\/\/static.casadomo.com\/media\/2019\/09\/abb-ifa-conferencia-prensa-altavoces-inteligentes.png 800w, https:\/\/static.casadomo.com\/media\/2019\/09\/abb-ifa-conferencia-prensa-altavoces-inteligentes-300x216.png 300w, https:\/\/static.casadomo.com\/media\/2019\/09\/abb-ifa-conferencia-prensa-altavoces-inteligentes-768x554.png 768w, https:\/\/static.casadomo.com\/media\/2019\/09\/abb-ifa-conferencia-prensa-altavoces-inteligentes-180x130.png 180w\" sizes=\"auto, (max-width: 800px) 100vw, 800px\"><figcaption id=\"caption-attachment-66397\" class=\"wp-caption-text\">Los asistentes de voz tambi\u00e9n forman parte de la conectividad entre dispositivos.<\/figcaption><\/figure>\n<p>La \u00faltima de las novedades presentadas es la nueva gama KNX ABB i-bus, unos actuadores combinados que realizan funciones de conmutaci\u00f3n y protecci\u00f3n solar en un dispositivo de dimensiones reducidas, al tiempo que se adaptan a los requisitos din\u00e1micos de los proyectos residenciales.<\/p>\n<p>Durante la celebraci\u00f3n de IFA, ABB ha demostrado la importancia de la integraci\u00f3n de tecnolog\u00eda de terceros para poder conseguir el hogar del futuro 100% conectado e inteligente.<\/p>\n<p>La entrada <a rel=\"nofollow\" href=\"https:\/\/www.casadomo.com\/2019\/09\/12\/plataforma-api-abierta-base-casa-futuro-abb-muestra-ifa-berlin-2019\">Plataforma de API abierta, la base de la casa del futuro de ABB se muestra en IFA Berlin 2019<\/a> aparece primero en <a rel=\"nofollow\" href=\"https:\/\/www.casadomo.com\/\">CASADOMO<\/a>.<\/p>\n<\/div>\n","protected":false},"excerpt":{"rendered":"<p>La ciudad alemana de Berl\u00edn acogi\u00f3, entre los d\u00edas 6 y 11 de septiembre, uno de los acontecimientos relevantes del sector, la feria internacional IFA Berlin 2019. En este evento, los asistentes pudieron conocer todas las novedades relacionadas con el mundo de la electr\u00f3nica de consumo y los edificios inteligentes. Uno de los participantes fue &hellip; <a href=\"https:\/\/domosistemas.com\/?p=10198\" class=\"more-link\">Sigue leyendo <span class=\"screen-reader-text\">Plataforma de API abierta, la base de la casa del futuro de ABB se muestra en IFA Berlin 2019<\/span><\/a><\/p>\n","protected":false},"author":1,"featured_media":0,"comment_status":"closed","ping_status":"closed","sticky":false,"template":"","format":"standard","meta":{"footnotes":""},"categories":[3],"tags":[],"class_list":["post-10198","post","type-post","status-publish","format-standard","hentry","category-casadomo-com"],"_links":{"self":[{"href":"https:\/\/domosistemas.com\/index.php?rest_route=\/wp\/v2\/posts\/10198","targetHints":{"allow":["GET"]}}],"collection":[{"href":"https:\/\/domosistemas.com\/index.php?rest_route=\/wp\/v2\/posts"}],"about":[{"href":"https:\/\/domosistemas.com\/index.php?rest_route=\/wp\/v2\/types\/post"}],"author":[{"embeddable":true,"href":"https:\/\/domosistemas.com\/index.php?rest_route=\/wp\/v2\/users\/1"}],"replies":[{"embeddable":true,"href":"https:\/\/domosistemas.com\/index.php?rest_route=%2Fwp%2Fv2%2Fcomments&post=10198"}],"version-history":[{"count":0,"href":"https:\/\/domosistemas.com\/index.php?rest_route=\/wp\/v2\/posts\/10198\/revisions"}],"wp:attachment":[{"href":"https:\/\/domosistemas.com\/index.php?rest_route=%2Fwp%2Fv2%2Fmedia&parent=10198"}],"wp:term":[{"taxonomy":"category","embeddable":true,"href":"https:\/\/domosistemas.com\/index.php?rest_route=%2Fwp%2Fv2%2Fcategories&post=10198"},{"taxonomy":"post_tag","embeddable":true,"href":"https:\/\/domosistemas.com\/index.php?rest_route=%2Fwp%2Fv2%2Ftags&post=10198"}],"curies":[{"name":"wp","href":"https:\/\/api.w.org\/{rel}","templated":true}]}}