{"id":10204,"date":"2019-09-12T16:15:18","date_gmt":"2019-09-12T16:15:18","guid":{"rendered":"https:\/\/domosistemas.com\/?p=10204"},"modified":"2019-09-12T16:15:18","modified_gmt":"2019-09-12T16:15:18","slug":"jamo-presenta-sus-nuevos-altavoces-autoamplificados-los-s-801-pm-que-llegan-para-complementar-a-tu-televisor","status":"publish","type":"post","link":"https:\/\/domosistemas.com\/?p=10204","title":{"rendered":"Jamo presenta sus nuevos altavoces autoamplificados, los S 801 PM, que llegan para complementar a tu televisor"},"content":{"rendered":"<div>\n<p>\n      <img decoding=\"async\" src=\"https:\/\/i.blogs.es\/fa1d6a\/jamo-studio-8-lifestyle-26\/1024_2000.jpg\" alt=\"Jamo presenta sus nuevos altavoces autoamplificados, los S 801 PM, que llegan para complementar a tu televisor\">\n    <\/p>\n<p>Jamo ha anunciado la renovaci\u00f3n de su gama media de altavoces con un nuevo <strong>modelo autoamplificado<\/strong> enfocado a usuarios que buscan un equipo para escuchar m\u00fasica pero tambi\u00e9n una alternativa a las cl\u00e1sicas barras de sonido de delgada silueta.<\/p>\n<p><!-- BREAK 1 --><\/p>\n<p>Se trata del <strong>S 801 PM<\/strong>, un dispositivo compacto construido con caja ac\u00fastica de madera de DM, dise\u00f1o maestro-esclavo de <strong>dos v\u00edas<\/strong> tradicional con filtro en 2 KHz y <strong>configuraci\u00f3n bass reflex<\/strong> con salida de aire trasera de forma rectangular que nos obligar\u00e1 a separarlo un poco de la pared para sacarle partido.<!--more--><\/p>\n<p><!-- BREAK 2 --><\/p>\n<div class=\"article-asset-image article-asset-normal\">\n<div class=\"asset-content\"> <img decoding=\"async\" alt=\"S 801pm Black\" src=\"https:\/\/i.blogs.es\/0a2c49\/s-801pm_black_front\/450_1000.jpg\"> <\/div>\n<\/div>\n<p>La marca ha optado por utilizar un <strong>woofer de fibra de 4 pulgadas<\/strong> acompa\u00f1ado de un tweeter de c\u00fapula y 1 pulgada de di\u00e1metro que juntos logran una respuesta en frecuencia de <strong>entre 76 Hz y 26 KHz<\/strong>, suficiente para el d\u00eda a d\u00eda pero algo corto si queremos usarlos para cine, de ah\u00ed que se d\u00e9 la opci\u00f3n de conectar un <strong>subwoofer externo<\/strong> para montarnos un conjunto 2.1 m\u00e1s potente.<\/p>\n<p><!-- BREAK 3 --><\/p>\n<p>Con un amplificador integrado de <strong>60 vatios (120 de pico)<\/strong>, el altavoz est\u00e1 preparado para que lo conectemos a un ordenador o reproductor por medio de los conectores anal\u00f3gicos <strong>RCA<\/strong>, pero tambi\u00e9n se incluye una entrada \u00f3ptica por si queremos dar sonido a un televisor. Adem\u00e1s, incorpora una interfaz inal\u00e1mbrica <strong>Bluetooth<\/strong> para enviar contenidos desde el m\u00f3vil o port\u00e1til.<\/p>\n<p><!-- BREAK 4 --><\/p>\n<div class=\"article-asset-image article-asset-normal\">\n<div class=\"asset-content\"> <img decoding=\"async\" alt=\"S 801pm Black\" src=\"https:\/\/i.blogs.es\/6900a4\/s-801pm_black_back\/450_1000.jpg\"> <\/div>\n<\/div>\n<h2>Precio y disponibilidad<\/h2>\n<p>El nuevo altavoz S 801 PM saldr\u00e1 a la venta este oto\u00f1o en acabados blanco y negro por un precio que rondar\u00e1 los <strong>300 euros<\/strong>.<\/p>\n<p><!-- BREAK 5 --><\/p>\n<p>M\u00e1s informaci\u00f3n | <a href=\"https:\/\/www.jamo.com\/products\/s-801-pm\">Jamo<\/a><\/p>\n<\/p>\n<h4>Tambi\u00e9n te recomendamos<\/h4>\n<p>\n        <a href=\"https:\/\/www.xatakahome.com\/altavoces\/tcl-presenta-su-nueva-barra-sonido-soporte-para-dolby-atmos-subwoofer-via-bluetooth-sus-credenciales?utm_source=recommended&#038;utm_medium=feed&#038;utm_campaign=12_Sep_2019\"><br \/>\n            TCL presenta su nueva barra de sonido: soporte para Dolby Atmos y subwoofer v\u00eda Bluetooth son sus credenciales<br \/>\n        <\/a>\n    <\/p>\n<p>\n        <a href=\"https:\/\/www.xatakahome.com\/altavoces\/este-equipo-audio-tele-quiere-ser-rey-todas-barras-sonido?utm_source=recommended&#038;utm_medium=feed&#038;utm_campaign=12_Sep_2019\"><br \/>\n            Este equipo de audio bajo la tele quiere ser el rey de todas las barras de sonido<br \/>\n        <\/a>\n    <\/p>\n<p>\n        <a href=\"https:\/\/www.xatakahome.com\/altavoces\/geneva-quiere-integrar-elemento-soporte-para-tele-barra-sonido-subwoofer?utm_source=recommended&#038;utm_medium=feed&#038;utm_campaign=12_Sep_2019\"><br \/>\n            Geneva quiere integrar en un mismo elemento el soporte para la tele y la barra de sonido con subwoofer<br \/>\n        <\/a>\n    <\/p>\n<p> &#8211; <br \/> La noticia<br \/>\n       <a href=\"https:\/\/www.xatakahome.com\/altavoces\/jamo-presenta-sus-nuevos-altavoces-autoamplificados-s-801-pm-que-llegan-para-complementar-a-tu-televisor?utm_source=feedburner&#038;utm_medium=feed&#038;utm_campaign=12_Sep_2019\"><br \/>\n        <em> Jamo presenta sus nuevos altavoces autoamplificados, los S 801 PM, que llegan para complementar a tu televisor <\/em><br \/>\n       <\/a><br \/>\n       fue publicada originalmente en<br \/>\n       <a href=\"https:\/\/www.xatakahome.com\/?utm_source=feedburner&#038;utm_medium=feed&#038;utm_campaign=12_Sep_2019\"><br \/>\n        <strong> Xataka Smart Home <\/strong><br \/>\n       <\/a><br \/>\n              por <a href=\"https:\/\/www.xatakahome.com\/autor\/paco-rodriguez?utm_source=feedburner&#038;utm_medium=feed&#038;utm_campaign=12_Sep_2019\"><br \/>\n        Paco Rodriguez<br \/>\n       <\/a><br \/>\n       . <\/p>\n<div class=\"feedflare\">\n<a href=\"http:\/\/feeds.weblogssl.com\/~ff\/Xatakahome?a=DkyT4Y_D0uo:-A-j4TQ5V70:yIl2AUoC8zA\"><img decoding=\"async\" src=\"http:\/\/feeds.feedburner.com\/~ff\/Xatakahome?d=yIl2AUoC8zA\" border=\"0\"><\/a>\n<\/div>\n<p><img loading=\"lazy\" decoding=\"async\" src=\"http:\/\/feeds.feedburner.com\/~r\/Xatakahome\/~4\/DkyT4Y_D0uo\" height=\"1\" width=\"1\" alt=\"\"><\/div>\n","protected":false},"excerpt":{"rendered":"<p>Jamo ha anunciado la renovaci\u00f3n de su gama media de altavoces con un nuevo modelo autoamplificado enfocado a usuarios que buscan un equipo para escuchar m\u00fasica pero tambi\u00e9n una alternativa a las cl\u00e1sicas barras de sonido de delgada silueta. Se trata del S 801 PM, un dispositivo compacto construido con caja ac\u00fastica de madera de &hellip; <a href=\"https:\/\/domosistemas.com\/?p=10204\" class=\"more-link\">Sigue leyendo <span class=\"screen-reader-text\">Jamo presenta sus nuevos altavoces autoamplificados, los S 801 PM, que llegan para complementar a tu televisor<\/span><\/a><\/p>\n","protected":false},"author":1,"featured_media":0,"comment_status":"closed","ping_status":"closed","sticky":false,"template":"","format":"standard","meta":{"footnotes":""},"categories":[8],"tags":[],"class_list":["post-10204","post","type-post","status-publish","format-standard","hentry","category-xataka"],"_links":{"self":[{"href":"https:\/\/domosistemas.com\/index.php?rest_route=\/wp\/v2\/posts\/10204","targetHints":{"allow":["GET"]}}],"collection":[{"href":"https:\/\/domosistemas.com\/index.php?rest_route=\/wp\/v2\/posts"}],"about":[{"href":"https:\/\/domosistemas.com\/index.php?rest_route=\/wp\/v2\/types\/post"}],"author":[{"embeddable":true,"href":"https:\/\/domosistemas.com\/index.php?rest_route=\/wp\/v2\/users\/1"}],"replies":[{"embeddable":true,"href":"https:\/\/domosistemas.com\/index.php?rest_route=%2Fwp%2Fv2%2Fcomments&post=10204"}],"version-history":[{"count":0,"href":"https:\/\/domosistemas.com\/index.php?rest_route=\/wp\/v2\/posts\/10204\/revisions"}],"wp:attachment":[{"href":"https:\/\/domosistemas.com\/index.php?rest_route=%2Fwp%2Fv2%2Fmedia&parent=10204"}],"wp:term":[{"taxonomy":"category","embeddable":true,"href":"https:\/\/domosistemas.com\/index.php?rest_route=%2Fwp%2Fv2%2Fcategories&post=10204"},{"taxonomy":"post_tag","embeddable":true,"href":"https:\/\/domosistemas.com\/index.php?rest_route=%2Fwp%2Fv2%2Ftags&post=10204"}],"curies":[{"name":"wp","href":"https:\/\/api.w.org\/{rel}","templated":true}]}}