{"id":10222,"date":"2019-09-16T14:03:45","date_gmt":"2019-09-16T14:03:45","guid":{"rendered":"https:\/\/domosistemas.com\/?p=10222"},"modified":"2019-09-16T14:03:45","modified_gmt":"2019-09-16T14:03:45","slug":"los-aires-acondicionados-lg-artcool-gallery-vuelven-a-espana-coincidiendo-con-la-nueva-gama-presentada-en-la-ifa-2019","status":"publish","type":"post","link":"https:\/\/domosistemas.com\/?p=10222","title":{"rendered":"Los aires acondicionados LG ArtCOOL Gallery vuelven a Espa\u00f1a coincidiendo con la nueva gama presentada en la IFA 2019"},"content":{"rendered":"<div>\n<p>\n      <img decoding=\"async\" src=\"https:\/\/i.blogs.es\/e81602\/artgallery1\/1024_2000.jpg\" alt=\"Los aires acondicionados LG ArtCOOL Gallery vuelven a Espa\u00f1a coincidiendo con la nueva gama presentada en la IFA 2019\">\n    <\/p>\n<p>LG cuenta en su cat\u00e1logo con una variada gama de sistemas de climatizaci\u00f3n para el hogar, una familia a la que ahora retorna uno de sus productos estrella. Y es que la firma ha anunciado la <strong>vuelta del aire acondicionado LG ArtCOOL Gallery al mercado espa\u00f1ol<\/strong>.<\/p>\n<p><!-- BREAK 1 --><\/p>\n<p>LG ArtCOOL Gallery es un sistema de aire acondicionado que permite la integraci\u00f3n en la decoraci\u00f3n del hogar, pues los <em>split<\/em> tienen forma de cuadros y obras de arte gracias al frontal personalizable que permite mostrar desde fotos a obras de arte de conocidos artistas. Una vuelta que ha coincidido con la <strong>nueva generaci\u00f3n del ArtCOOL Gallery<\/strong> que LG ha presentado en la IFA 2019.<!--more--><\/p>\n<p><!-- BREAK 2 --><\/p>\n<h2>Integrarse en la decoraci\u00f3n<\/h2>\n<div class=\"article-asset-image article-asset-normal\">\n<div class=\"asset-content\"> <img decoding=\"async\" alt=\"Art Gallery3\" src=\"https:\/\/i.blogs.es\/b259ce\/art-gallery3\/450_1000.jpg\"> <\/div>\n<\/div>\n<p>La nueva gama tiene como principal reclamo est\u00e9tico la posibilidad de <a href=\"https:\/\/youtu.be\/4vlqb5iw6ZE\">intercambiar el dise\u00f1o<\/a> de su l\u00e1mina frontal y usar el que m\u00e1s se adapte a nuestro gusto o a la decoraci\u00f3n del hogar.<\/p>\n<p><!-- BREAK 3 --><\/p>\n<div class=\"article-asset-video article-asset-normal\">\n<div class=\"asset-content\">\n<div class=\"base-asset-video\">\n   <iframe loading=\"lazy\" width=\"650\" height=\"366\" src=\"\/\/www.youtube.com\/embed\/4vlqb5iw6ZE\" allowfullscreen><\/iframe>\n  <\/div>\n<\/p><\/div>\n<\/div>\n<p>La gama LG ArtCOOL Gallery hace uso del <a href=\"https:\/\/www.xatakahome.com\/iluminacion-y-energia\/buscas-aire-acondicionado-puedes-conocer-el-tipo-de-gas-que-usan-que-no-te-den-gato-por-liebre\">gas refrigerante R32<\/a>, una opci\u00f3n m\u00e1s responsable con el medioambiente, pues produce <strong>un 75% menos de impacto en el calentamiento global<\/strong> si lo comparamos con el gas que hasta ahora se ha venido usando en los aires acondicionados que se vend\u00edan en el mercado, el R410A, un gas que tiene un alto \u00edndice de \u00abPotencial de Calentamiento Global\u00bb (GWP o Global Warming Potential).<\/p>\n<p><!-- BREAK 4 --><\/p>\n<div class=\"article-asset-image article-asset-normal\">\n<div class=\"asset-content\"> <img decoding=\"async\" alt=\"Artgallery2\" src=\"https:\/\/i.blogs.es\/007f91\/artgallery2\/450_1000.jpg\"> <\/div>\n<\/div>\n<p>Para mejorar y optimizar el consumo LG ha a\u00f1adido la <strong>funci\u00f3n Control Activo de Energ\u00eda<\/strong> que ayuda a regular el consumo energ\u00e9tico del hogar. Adem\u00e1s, enfr\u00eda un 40% m\u00e1s r\u00e1pido que los modelos convencionales gracias a la funci\u00f3n Jet Mode que utiliza toda la potencia del compresor inverter.<\/p>\n<p><!-- BREAK 5 --><\/p>\n<div class=\"desvio-container\">\n<div class=\"desvio\">\n<div class=\"desvio-figure js-desvio-figure\">\n   <a href=\"https:\/\/www.xatakahome.com\/iluminacion-y-energia\/buscas-aire-acondicionado-puedes-conocer-el-tipo-de-gas-que-usan-que-no-te-den-gato-por-liebre\"><br \/>\n    <img decoding=\"async\" src=\"https:\/\/i.blogs.es\/2fcba4\/panasonic\/375_142.png\" alt=\"\u00bfBuscas aire acondicionado? Puedes conocer el tipo de gas que usan, que no te den gato por liebre\"><br \/>\n   <\/a>\n  <\/div>\n<div class=\"desvio-summary\">\n<div class=\"desvio-taxonomy js-desvio-taxonomy\">\n    <a href=\"https:\/\/www.xatakahome.com\/iluminacion-y-energia\/buscas-aire-acondicionado-puedes-conocer-el-tipo-de-gas-que-usan-que-no-te-den-gato-por-liebre\" class=\"desvio-taxonomy-anchor\">En Xataka Smart Home<\/a>\n   <\/div>\n<p>   <a href=\"https:\/\/www.xatakahome.com\/iluminacion-y-energia\/buscas-aire-acondicionado-puedes-conocer-el-tipo-de-gas-que-usan-que-no-te-den-gato-por-liebre\" class=\"desvio-title js-desvio-title\">\u00bfBuscas aire acondicionado? Puedes conocer el tipo de gas que usan, que no te den gato por liebre<\/a>\n  <\/div>\n<\/p><\/div>\n<\/div>\n<p>El LG ArtCOOL Gallery <strong>cuenta con un Modo Auto-Limpieza<\/strong> de forma que el climatizador calienta la bater\u00eda despu\u00e9s del funcionamiento en modo fr\u00edo para que esta quede completamente seca eliminando la posibilidad de aparici\u00f3n de olores, moho y bacterias y limpiando el aire del hogar.<\/p>\n<p><!-- BREAK 6 --><\/p>\n<p>Los aires acondicionados ArtCOOL Gallery <strong>se integran adem\u00e1s en la plataforma Smart ThinQ<\/strong>, lo que permite controlar el equipo a distancia con la ayuda del m\u00f3vil. Podemos desde comprobar la configuraci\u00f3n, instalaci\u00f3n, solucionar problemas del aire acondicionado.<\/p>\n<p><!-- BREAK 7 --><\/p>\n<p>El LG ArtCOOL Gallery es <strong>un giro de tuerca a lo que en su d\u00eda vimos<\/strong> con el <a href=\"https:\/\/decoracion.trendencias.com\/electrodomesticos\/lg-presenta-artcool-stylist-el-aire-acondicionado-elegante\">Artcool Stylist<\/a>, el aire acondicionado elegante que facilitaba la integraci\u00f3n en el hogar pero eso s\u00ed, sin llegar al alto grado de personalizaci\u00f3n de los nuevos modelos.<\/p>\n<p><!-- BREAK 8 --><\/p>\n<h4>Tambi\u00e9n te recomendamos<\/h4>\n<p>\n        <a href=\"https:\/\/www.xatakahome.com\/domotica\/este-dispositivo-de-tado-convierte-tu-aire-acondicionado-en-inteligente-y-lo-integra-en-el-hogar-conectado?utm_source=recommended&#038;utm_medium=feed&#038;utm_campaign=16_Sep_2019\"><br \/>\n            Este dispositivo de tado convierte tu aire acondicionado en inteligente y lo integra en el hogar conectado<br \/>\n        <\/a>\n    <\/p>\n<p>\n        <a href=\"https:\/\/www.xatakahome.com\/electrodomesticos-innovadores\/la-conectividad-wi-fi-llega-al-mercado-de-los-aires-acondicionados-portatiles-con-el-gree-shiny-9f-wifi?utm_source=recommended&#038;utm_medium=feed&#038;utm_campaign=16_Sep_2019\"><br \/>\n            La conectividad Wi-Fi llega al mercado de los aires acondicionados port\u00e1tiles con el Gree Shiny 9F WiFi<br \/>\n        <\/a>\n    <\/p>\n<p>\n        <a href=\"https:\/\/www.xatakahome.com\/electrodomesticos-innovadores\/heat-cool-es-la-aplicacion-lanzada-por-panasonic-para-poder-controlar-a-distancia-los-aires-acondicionados-de-casa?utm_source=recommended&#038;utm_medium=feed&#038;utm_campaign=16_Sep_2019\"><br \/>\n            Heat &#038; Cool es la aplicaci\u00f3n lanzada por Panasonic para poder controlar a distancia los aires acondicionados de casa<br \/>\n        <\/a>\n    <\/p>\n<p> &#8211; <br \/> La noticia<br \/>\n       <a href=\"https:\/\/www.xatakahome.com\/diseno-y-arquitectura\/aires-acondicionados-lg-artcool-gallery-vuelven-a-espana-coincidiendo-nueva-gama-presentada-ifa-2019?utm_source=feedburner&#038;utm_medium=feed&#038;utm_campaign=16_Sep_2019\"><br \/>\n        <em> Los aires acondicionados LG ArtCOOL Gallery vuelven a Espa\u00f1a coincidiendo con la nueva gama presentada en la IFA 2019 <\/em><br \/>\n       <\/a><br \/>\n       fue publicada originalmente en<br \/>\n       <a href=\"https:\/\/www.xatakahome.com\/?utm_source=feedburner&#038;utm_medium=feed&#038;utm_campaign=16_Sep_2019\"><br \/>\n        <strong> Xataka Smart Home <\/strong><br \/>\n       <\/a><br \/>\n              por <a href=\"https:\/\/www.xatakahome.com\/autor\/jose-antonio-carmona?utm_source=feedburner&#038;utm_medium=feed&#038;utm_campaign=16_Sep_2019\"><br \/>\n        Jose Antonio<br \/>\n       <\/a><br \/>\n       . <\/p>\n<div class=\"feedflare\">\n<a href=\"http:\/\/feeds.weblogssl.com\/~ff\/Xatakahome?a=AApZ3SZbJMU:KhDl1WQhwFU:yIl2AUoC8zA\"><img decoding=\"async\" src=\"http:\/\/feeds.feedburner.com\/~ff\/Xatakahome?d=yIl2AUoC8zA\" border=\"0\"><\/a>\n<\/div>\n<p><img loading=\"lazy\" decoding=\"async\" src=\"http:\/\/feeds.feedburner.com\/~r\/Xatakahome\/~4\/AApZ3SZbJMU\" height=\"1\" width=\"1\" alt=\"\"><\/div>\n","protected":false},"excerpt":{"rendered":"<p>LG cuenta en su cat\u00e1logo con una variada gama de sistemas de climatizaci\u00f3n para el hogar, una familia a la que ahora retorna uno de sus productos estrella. Y es que la firma ha anunciado la vuelta del aire acondicionado LG ArtCOOL Gallery al mercado espa\u00f1ol. LG ArtCOOL Gallery es un sistema de aire acondicionado &hellip; <a href=\"https:\/\/domosistemas.com\/?p=10222\" class=\"more-link\">Sigue leyendo <span class=\"screen-reader-text\">Los aires acondicionados LG ArtCOOL Gallery vuelven a Espa\u00f1a coincidiendo con la nueva gama presentada en la IFA 2019<\/span><\/a><\/p>\n","protected":false},"author":1,"featured_media":0,"comment_status":"closed","ping_status":"closed","sticky":false,"template":"","format":"standard","meta":{"footnotes":""},"categories":[8],"tags":[],"class_list":["post-10222","post","type-post","status-publish","format-standard","hentry","category-xataka"],"_links":{"self":[{"href":"https:\/\/domosistemas.com\/index.php?rest_route=\/wp\/v2\/posts\/10222","targetHints":{"allow":["GET"]}}],"collection":[{"href":"https:\/\/domosistemas.com\/index.php?rest_route=\/wp\/v2\/posts"}],"about":[{"href":"https:\/\/domosistemas.com\/index.php?rest_route=\/wp\/v2\/types\/post"}],"author":[{"embeddable":true,"href":"https:\/\/domosistemas.com\/index.php?rest_route=\/wp\/v2\/users\/1"}],"replies":[{"embeddable":true,"href":"https:\/\/domosistemas.com\/index.php?rest_route=%2Fwp%2Fv2%2Fcomments&post=10222"}],"version-history":[{"count":0,"href":"https:\/\/domosistemas.com\/index.php?rest_route=\/wp\/v2\/posts\/10222\/revisions"}],"wp:attachment":[{"href":"https:\/\/domosistemas.com\/index.php?rest_route=%2Fwp%2Fv2%2Fmedia&parent=10222"}],"wp:term":[{"taxonomy":"category","embeddable":true,"href":"https:\/\/domosistemas.com\/index.php?rest_route=%2Fwp%2Fv2%2Fcategories&post=10222"},{"taxonomy":"post_tag","embeddable":true,"href":"https:\/\/domosistemas.com\/index.php?rest_route=%2Fwp%2Fv2%2Ftags&post=10222"}],"curies":[{"name":"wp","href":"https:\/\/api.w.org\/{rel}","templated":true}]}}