{"id":10224,"date":"2019-09-17T02:00:16","date_gmt":"2019-09-17T02:00:16","guid":{"rendered":"https:\/\/domosistemas.com\/?p=10224"},"modified":"2019-09-17T02:00:16","modified_gmt":"2019-09-17T02:00:16","slug":"el-cambio-de-frecuencias-de-tdt-comienza-esta-semana-en-pais-vasco-y-aragon-y-continua-en-andalucia","status":"publish","type":"post","link":"https:\/\/domosistemas.com\/?p=10224","title":{"rendered":"El cambio de frecuencias de TDT comienza esta semana en Pa\u00eds Vasco y Arag\u00f3n y contin\u00faa en Andaluc\u00eda"},"content":{"rendered":"<div>\n<p>Este mi\u00e9rcoles, 18 de septiembre, comienza el cambio de frecuencias de televisi\u00f3n digital terrestre (TDT) en Pa\u00eds Vasco y Arag\u00f3n y contin\u00faa en Andaluc\u00eda, tras la liberaci\u00f3n del Segundo Dividendo Digital que deja la banda de los 700 MHz para el despliegue de redes ultrarr\u00e1pidas 5G. Las comunidades de vecinos dispondr\u00e1n de un plazo de seis meses para hacer la adaptaci\u00f3n en sus instalaciones colectivas de recepci\u00f3n de televisi\u00f3n y, adem\u00e1s, pueden solicitar ayudas p\u00fablicas.<\/p>\n<figure id=\"attachment_66611\" aria-describedby=\"caption-attachment-66611\" style=\"width: 800px\" class=\"wp-caption aligncenter\"><img loading=\"lazy\" decoding=\"async\" class=\"size-full wp-image-66611\" src=\"https:\/\/static.casadomo.com\/media\/2019\/09\/este-miercoles-comienza-cambio-frecuencias-tdt-pais-vasco-aragon-andalucia.png\" alt=\"El subdirector general de Planificaci\u00f3n y Gesti\u00f3n del Espectro Radioel\u00e9ctrico del Ministerio de Econom\u00eda y Empresa, Antonio Fern\u00e1ndez-Paniagua, y el delegado del Gobierno en Andaluc\u00eda, Jes\u00fas Lucrecio Fern\u00e1ndez, en la rueda de prensa del pasado viernes.\" width=\"800\" height=\"452\" srcset=\"https:\/\/static.casadomo.com\/media\/2019\/09\/este-miercoles-comienza-cambio-frecuencias-tdt-pais-vasco-aragon-andalucia.png 800w, https:\/\/static.casadomo.com\/media\/2019\/09\/este-miercoles-comienza-cambio-frecuencias-tdt-pais-vasco-aragon-andalucia-300x170.png 300w, https:\/\/static.casadomo.com\/media\/2019\/09\/este-miercoles-comienza-cambio-frecuencias-tdt-pais-vasco-aragon-andalucia-768x434.png 768w, https:\/\/static.casadomo.com\/media\/2019\/09\/este-miercoles-comienza-cambio-frecuencias-tdt-pais-vasco-aragon-andalucia-180x102.png 180w\" sizes=\"auto, (max-width: 800px) 100vw, 800px\"><figcaption id=\"caption-attachment-66611\" class=\"wp-caption-text\">El subdirector general de Planificaci\u00f3n y Gesti\u00f3n del Espectro Radioel\u00e9ctrico del Ministerio de Econom\u00eda y Empresa, Antonio Fern\u00e1ndez-Paniagua, y el delegado del Gobierno en Andaluc\u00eda, Jes\u00fas Lucrecio Fern\u00e1ndez, en la rueda de prensa del pasado viernes. Foto: Red.es<\/figcaption><\/figure>\n<p>En el caso de Pa\u00eds Vasco, el cambio se produce en todos los municipios de Gipuzkoa y Bizkaia y en 26 de la provincia de \u00c1lava. En total, 226 municipios de la comunidad aut\u00f3noma deber\u00e1n adaptar sus instalaciones colectivas de recepci\u00f3n de televisi\u00f3n. En otros 25 municipios alaveses las actuaciones continuar\u00e1n a principios de 2020.<\/p>\n<p>En Arag\u00f3n, el cambio de frecuencia de TDT comienza en 645 municipios de las tres provincias; 273 en Zaragoza, 196 en Teruel y 176 en Huesca. En otros 63 municipios aragoneses las actuaciones continuar\u00e1n en el \u00faltimo trimestre del a\u00f1o y, en los 23 restantes, a principios de 2020.<\/p>\n<h2>Andaluc\u00eda<\/h2>\n<p>Andaluc\u00eda fue la primera que inici\u00f3 este cambio el pasado 26 de julio en 24 municipios de la zona sur de Huelva. Este mi\u00e9rcoles contin\u00faa el proceso en 461 municipios de toda la comunidad, entre los que se encuentran 73 de C\u00f3rdoba, 58 de M\u00e1laga, 42 de Almer\u00eda, 40 de Huelva, 19 de Sevilla y 2 de Ja\u00e9n. A estos se sumar\u00e1n desde el 30 de septiembre otros 222: 135 en Granada, 61 en Almer\u00eda, 14 en M\u00e1laga, 9 en Ja\u00e9n y 3 en C\u00f3rdoba.<\/p>\n<p>Durante el primer trimestre de 2020 se producir\u00e1 el cambio de frecuencias en otros 296 municipios andaluces que reciben la se\u00f1al de televisi\u00f3n de las \u00e1reas geogr\u00e1ficas de C\u00e1diz Este, C\u00e1diz Oeste, Sevilla, Ja\u00e9n y Badajoz Oeste: 87 en Sevilla, 86 en Ja\u00e9n, los 44 de C\u00e1diz, 37 en Granada, 26 en M\u00e1laga, 15 en Huelva y el municipio de Villa del R\u00edo en la provincia de C\u00f3rdoba. Con estos 296 municipios, los 461 en los que la emisi\u00f3n simult\u00e1nea de las cadenas en las frecuencias nueva y antigua y los 24 de la zona sur de Huelva en los que comenz\u00f3 el pasado 26 de julio, se completar\u00e1 el proceso del Segundo Dividendo Digital en la comunidad aut\u00f3noma de Andaluc\u00eda.<\/p>\n<p>Estos datos fueron facilitados el pasado viernes en rueda de prensa por el subdirector general de Planificaci\u00f3n y Gesti\u00f3n del Espectro Radioel\u00e9ctrico del Ministerio de Econom\u00eda y Empresa, Antonio Fern\u00e1ndez-Paniagua, y el delegado del Gobierno en Andaluc\u00eda, Jes\u00fas Lucrecio Fern\u00e1ndez. Ambos presentaron las actuaciones previstas en relaci\u00f3n con la liberaci\u00f3n de frecuencias del Segundo Dividendo Digital en Andaluc\u00eda.<\/p>\n<h2>C\u00f3mo se har\u00e1 el cambio de frecuencia de TDT<\/h2>\n<p>Explicaron que este proceso no implicar\u00e1 la aparici\u00f3n ni desaparici\u00f3n de canales de televisi\u00f3n, que simplemente se desplazan de frecuencia, ni la obsolescencia de televisores ni descodificadores de TDT.<\/p>\n<p>En cuanto a los edificios, dependiendo de su tipolog\u00eda, en algunos no ser\u00e1 necesario adaptar las instalaciones de recepci\u00f3n de la se\u00f1al de televisi\u00f3n, mientras que en los que sea preciso hacerlo, los vecinos no tendr\u00e1n que asumir ning\u00fan coste, ya que podr\u00e1 solicitar las ayudas previstas por el Gobierno.<\/p>\n<p>Fern\u00e1ndez-Paniagua explic\u00f3 que \u201cel cambio de frecuencias no afectar\u00e1 por igual a todos los edificios. En concreto, deber\u00e1n realizar adaptaciones los edificios comunitarios de tama\u00f1o<br \/>\nmediano o grande que est\u00e9n equipados con sistemas monocanales o centralitas programables. Las viviendas individuales no necesitar\u00e1n hacer esta adaptaci\u00f3n\u201d.<\/p>\n<p>Para llevar a cabo la adaptaci\u00f3n, las comunidades de propietarios de los edificios en los que sea preciso realizar cambios en los sistemas de recepci\u00f3n de la se\u00f1al de televisi\u00f3n deber\u00e1n contactar con un instalador registrado para efectuarlos. La informaci\u00f3n de contacto de estos puede consultarse en el Registro de Instaladores de Telecomunicaciones de la Secretar\u00eda de Estado para el Avance Digital (SEAD) y en la p\u00e1gina web <a href=\"https:\/\/www.televisiondigital.gob.es\/\" target=\"_blank\" rel=\"noopener noreferrer\">www.televisiondigital.es<\/a>.<\/p>\n<p>Durante el cambio de frecuencias de TDT, con el fin de facilitar la transici\u00f3n y minimizar el impacto para la ciudadan\u00eda, las cadenas de televisi\u00f3n emitir\u00e1n simult\u00e1neamente a trav\u00e9s de las frecuencias nueva y antigua (simulcast) antes de proceder al apagado de esta \u00faltima. Esta emisi\u00f3n simult\u00e1nea tendr\u00e1 una duraci\u00f3n de entre cuatro y seis meses en la mayor parte de los<br \/>\nmunicipios y de tres meses en alguno de ellos.<\/p>\n<h2>Ayudas p\u00fablicas<\/h2>\n<p>Para minimizar el impacto de este proceso sobre la ciudadan\u00eda, el Consejo de Ministros aprob\u00f3 mediante Real Decreto el pasado 21 de junio la concesi\u00f3n directa de subvenciones por valor de 145 millones de euros, que ser\u00e1n gestionadas por la empresa p\u00fablica <a href=\"https:\/\/www.red.es\/redes\/\" target=\"_blank\" rel=\"noopener noreferrer\">Red.es<\/a>. Las ayudas ir\u00e1n destinadas a compensar los costes derivados de la recepci\u00f3n o acceso a los servicios de comunicaci\u00f3n audiovisual televisiva en las edificaciones afectadas por el Segundo Dividendo Digital. La cuant\u00eda de la subvenci\u00f3n oscila entre 104,3 \u20ac y 677,95 \u20ac, en funci\u00f3n de la infraestructura previamente instalada en el edificio.<\/p>\n<p>Las solicitudes de ayudas se podr\u00e1n presentar online hasta el 30 de septiembre de 2020, tras haber realizado previamente la adaptaci\u00f3n de las instalaciones de recepci\u00f3n de la se\u00f1al de TDT, entre el 1 de junio de 2019 y el 30 de septiembre de 2020. Ser\u00e1 necesario presentar la documentaci\u00f3n justificativa como la factura y el bolet\u00edn de instalaci\u00f3n. Solo se podr\u00e1n solicitar ayudas para las actuaciones realizadas por empresas instaladoras del Registro de Instaladores de Telecomunicaciones de la Secretar\u00eda de Estado para el Avance Digital<\/p>\n<p>La entrada <a rel=\"nofollow\" href=\"https:\/\/www.casadomo.com\/2019\/09\/17\/cambio-frecuencias-tdt-comienza-semana-pais-vasco-aragon-continua-andalucia\">El cambio de frecuencias de TDT comienza esta semana en Pa\u00eds Vasco y Arag\u00f3n y contin\u00faa en Andaluc\u00eda<\/a> aparece primero en <a rel=\"nofollow\" href=\"https:\/\/www.casadomo.com\/\">CASADOMO<\/a>.<\/p>\n<\/div>\n","protected":false},"excerpt":{"rendered":"<p>Este mi\u00e9rcoles, 18 de septiembre, comienza el cambio de frecuencias de televisi\u00f3n digital terrestre (TDT) en Pa\u00eds Vasco y Arag\u00f3n y contin\u00faa en Andaluc\u00eda, tras la liberaci\u00f3n del Segundo Dividendo Digital que deja la banda de los 700 MHz para el despliegue de redes ultrarr\u00e1pidas 5G. Las comunidades de vecinos dispondr\u00e1n de un plazo de &hellip; <a href=\"https:\/\/domosistemas.com\/?p=10224\" class=\"more-link\">Sigue leyendo <span class=\"screen-reader-text\">El cambio de frecuencias de TDT comienza esta semana en Pa\u00eds Vasco y Arag\u00f3n y contin\u00faa en Andaluc\u00eda<\/span><\/a><\/p>\n","protected":false},"author":1,"featured_media":0,"comment_status":"closed","ping_status":"closed","sticky":false,"template":"","format":"standard","meta":{"footnotes":""},"categories":[3],"tags":[],"class_list":["post-10224","post","type-post","status-publish","format-standard","hentry","category-casadomo-com"],"_links":{"self":[{"href":"https:\/\/domosistemas.com\/index.php?rest_route=\/wp\/v2\/posts\/10224","targetHints":{"allow":["GET"]}}],"collection":[{"href":"https:\/\/domosistemas.com\/index.php?rest_route=\/wp\/v2\/posts"}],"about":[{"href":"https:\/\/domosistemas.com\/index.php?rest_route=\/wp\/v2\/types\/post"}],"author":[{"embeddable":true,"href":"https:\/\/domosistemas.com\/index.php?rest_route=\/wp\/v2\/users\/1"}],"replies":[{"embeddable":true,"href":"https:\/\/domosistemas.com\/index.php?rest_route=%2Fwp%2Fv2%2Fcomments&post=10224"}],"version-history":[{"count":0,"href":"https:\/\/domosistemas.com\/index.php?rest_route=\/wp\/v2\/posts\/10224\/revisions"}],"wp:attachment":[{"href":"https:\/\/domosistemas.com\/index.php?rest_route=%2Fwp%2Fv2%2Fmedia&parent=10224"}],"wp:term":[{"taxonomy":"category","embeddable":true,"href":"https:\/\/domosistemas.com\/index.php?rest_route=%2Fwp%2Fv2%2Fcategories&post=10224"},{"taxonomy":"post_tag","embeddable":true,"href":"https:\/\/domosistemas.com\/index.php?rest_route=%2Fwp%2Fv2%2Ftags&post=10224"}],"curies":[{"name":"wp","href":"https:\/\/api.w.org\/{rel}","templated":true}]}}