{"id":10237,"date":"2019-09-18T02:00:55","date_gmt":"2019-09-18T02:00:55","guid":{"rendered":"https:\/\/domosistemas.com\/?p=10237"},"modified":"2019-09-18T02:00:55","modified_gmt":"2019-09-18T02:00:55","slug":"nuevos-cargadores-para-vehiculos-electricos-con-tecnologias-wlan-lan-y-lte-para-el-control-remoto","status":"publish","type":"post","link":"https:\/\/domosistemas.com\/?p=10237","title":{"rendered":"Nuevos cargadores para veh\u00edculos el\u00e9ctricos con tecnolog\u00edas WLAN, LAN y LTE para el control remoto"},"content":{"rendered":"<div>\n<p>La marca de veh\u00edculos <a href=\"https:\/\/www.vw.com\/es\/\" target=\"_blank\" rel=\"noopener noreferrer\">Volkswagen<\/a> anuncia el despliegue de los nuevos cargadores el\u00e9ctricos que incorporar\u00e1 coincidiendo con el lanzamiento de su coche el\u00e9ctrico ID.3. El objetivo de la compa\u00f1\u00eda es facilitar al consumidor el acceso a los veh\u00edculos el\u00e9ctricos a trav\u00e9s de la instalaci\u00f3n de puntos de recarga.<\/p>\n<figure id=\"attachment_66570\" aria-describedby=\"caption-attachment-66570\" style=\"width: 800px\" class=\"wp-caption aligncenter\"><img loading=\"lazy\" decoding=\"async\" class=\"size-full wp-image-66570\" src=\"https:\/\/static.casadomo.com\/media\/2019\/09\/volkswagen-cargador-electrico-identificador-id3.png\" alt=\"Un coche el\u00e9ctrico cargando desde el nuevo cargador de Volkswagen.\" width=\"800\" height=\"500\" srcset=\"https:\/\/static.casadomo.com\/media\/2019\/09\/volkswagen-cargador-electrico-identificador-id3.png 800w, https:\/\/static.casadomo.com\/media\/2019\/09\/volkswagen-cargador-electrico-identificador-id3-300x188.png 300w, https:\/\/static.casadomo.com\/media\/2019\/09\/volkswagen-cargador-electrico-identificador-id3-768x480.png 768w, https:\/\/static.casadomo.com\/media\/2019\/09\/volkswagen-cargador-electrico-identificador-id3-180x113.png 180w\" sizes=\"auto, (max-width: 800px) 100vw, 800px\"><figcaption id=\"caption-attachment-66570\" class=\"wp-caption-text\">Volkswagen ofrecer\u00e1 tres versiones en las que incorporar\u00e1n tecnolog\u00edas de comunicaci\u00f3n para el control remoto.<\/figcaption><\/figure>\n<p>Estos cargadores tendr\u00e1n una potencia de 58 kWh y una capacidad de carga de hasta 11 kW y el tiempo de carga completa ser\u00e1 aproximadamente de 6 horas. Volkswagen lanzar\u00e1 a finales de noviembre tres versiones: B\u00e1sica, Inteligente y Pro; que se diferenciar\u00e1n por las funciones digitales.<\/p>\n<h2>Versiones de los cargadores inteligentes<\/h2>\n<p>La versi\u00f3n B\u00e1sica ofrece una operaci\u00f3n simple e incorpora un cable fijo de Tipo 2, con una capacidad de carga de hasta 11 KW. La caja tiene un dise\u00f1o compacto y robusto que incluye una protecci\u00f3n integrada de corriente de falla de CC para m\u00e1s seguridad.<\/p>\n<p>Por su parte, la versi\u00f3n Inteligente permite conectarse a la red dom\u00e9stica y proporciona la opci\u00f3n de gestionarlo desde un tel\u00e9fono inteligente a trav\u00e9s de WLAN o LAN. Como opci\u00f3n extra de conectividad, la marca permite la integraci\u00f3n de LTE.<\/p>\n<p>Con esta tecnolog\u00eda de comunicaci\u00f3n m\u00f3vil, los clientes pueden vigilar el uso y las operaciones de carga y beneficiarse de funciones pr\u00e1cticas como la administraci\u00f3n de aplicaciones, mantenimiento remoto, control de acceso a trav\u00e9s de la tarjeta de carga y actualizaciones peri\u00f3dicas de software.<\/p>\n<p>Por \u00faltimo, la versi\u00f3n Pro integra un medidor el\u00e9ctrico para una facturaci\u00f3n precisa por kilovatio hora. Tambi\u00e9n dispone de las funciones digitales y del m\u00f3dulo LTE est\u00e1ndar.<\/p>\n<p>La entrada <a rel=\"nofollow\" href=\"https:\/\/www.casadomo.com\/2019\/09\/18\/nuevos-cargadores-vehiculos-electricos-tecnologias-wlan-lan-lte-control-remoto\">Nuevos cargadores para veh\u00edculos el\u00e9ctricos con tecnolog\u00edas WLAN, LAN y LTE para el control remoto<\/a> aparece primero en <a rel=\"nofollow\" href=\"https:\/\/www.casadomo.com\/\">CASADOMO<\/a>.<\/p>\n<\/div>\n","protected":false},"excerpt":{"rendered":"<p>La marca de veh\u00edculos Volkswagen anuncia el despliegue de los nuevos cargadores el\u00e9ctricos que incorporar\u00e1 coincidiendo con el lanzamiento de su coche el\u00e9ctrico ID.3. El objetivo de la compa\u00f1\u00eda es facilitar al consumidor el acceso a los veh\u00edculos el\u00e9ctricos a trav\u00e9s de la instalaci\u00f3n de puntos de recarga. Volkswagen ofrecer\u00e1 tres versiones en las que &hellip; <a href=\"https:\/\/domosistemas.com\/?p=10237\" class=\"more-link\">Sigue leyendo <span class=\"screen-reader-text\">Nuevos cargadores para veh\u00edculos el\u00e9ctricos con tecnolog\u00edas WLAN, LAN y LTE para el control remoto<\/span><\/a><\/p>\n","protected":false},"author":1,"featured_media":0,"comment_status":"closed","ping_status":"closed","sticky":false,"template":"","format":"standard","meta":{"footnotes":""},"categories":[3],"tags":[],"class_list":["post-10237","post","type-post","status-publish","format-standard","hentry","category-casadomo-com"],"_links":{"self":[{"href":"https:\/\/domosistemas.com\/index.php?rest_route=\/wp\/v2\/posts\/10237","targetHints":{"allow":["GET"]}}],"collection":[{"href":"https:\/\/domosistemas.com\/index.php?rest_route=\/wp\/v2\/posts"}],"about":[{"href":"https:\/\/domosistemas.com\/index.php?rest_route=\/wp\/v2\/types\/post"}],"author":[{"embeddable":true,"href":"https:\/\/domosistemas.com\/index.php?rest_route=\/wp\/v2\/users\/1"}],"replies":[{"embeddable":true,"href":"https:\/\/domosistemas.com\/index.php?rest_route=%2Fwp%2Fv2%2Fcomments&post=10237"}],"version-history":[{"count":0,"href":"https:\/\/domosistemas.com\/index.php?rest_route=\/wp\/v2\/posts\/10237\/revisions"}],"wp:attachment":[{"href":"https:\/\/domosistemas.com\/index.php?rest_route=%2Fwp%2Fv2%2Fmedia&parent=10237"}],"wp:term":[{"taxonomy":"category","embeddable":true,"href":"https:\/\/domosistemas.com\/index.php?rest_route=%2Fwp%2Fv2%2Fcategories&post=10237"},{"taxonomy":"post_tag","embeddable":true,"href":"https:\/\/domosistemas.com\/index.php?rest_route=%2Fwp%2Fv2%2Ftags&post=10237"}],"curies":[{"name":"wp","href":"https:\/\/api.w.org\/{rel}","templated":true}]}}