{"id":10258,"date":"2019-09-22T11:04:24","date_gmt":"2019-09-22T11:04:24","guid":{"rendered":"https:\/\/domosistemas.com\/?p=10258"},"modified":"2019-09-22T11:04:24","modified_gmt":"2019-09-22T11:04:24","slug":"altavoces-televisores-proyectores-ifa-2019-y-mas-lo-mejor-de-la-semana","status":"publish","type":"post","link":"https:\/\/domosistemas.com\/?p=10258","title":{"rendered":"Altavoces, televisores, proyectores, IFA 2019 y m\u00e1s: Lo mejor de la semana"},"content":{"rendered":"<div>\n<p>\n      <img decoding=\"async\" src=\"https:\/\/i.blogs.es\/8483db\/1366_2000\/1024_2000.jpg\" alt=\"Altavoces, televisores, proyectores, IFA 2019 y m\u00e1s: Lo mejor de la semana\">\n    <\/p>\n<p>Es domingo y volvemos con el repaso de las noticias m\u00e1s destacadas que han pasado por nuestros monitores en los \u00faltimos siete d\u00edas, marcados por la resaca de la IFA 2019 y sus m\u00faltiples presentaciones. Comienza <strong>lo mejor de la semana<\/strong>:<\/p>\n<p><!-- BREAK 1 --><\/p>\n<ul>\n<li>\n<p>Si eres millonario ya puedes olvidarte de los proyectores: <strong>Sony<\/strong> <a href=\"https:\/\/www.xatakahome.com\/televisores\/eres-millonario-puedes-olvidarte-proyectores-sony-comercializa-crystal-led-su-tecnologia-microled-16k\">ha empezado<\/a> a comercializar <strong>Crystal LED<\/strong>, su <strong>tecnolog\u00eda de MicroLED<\/strong> con hasta 16K.<!--more--><\/p>\n<\/li>\n<li>\n<p><strong>Hisense<\/strong> quiere seguir innovando: <a href=\"https:\/\/www.xatakahome.com\/televisores\/hisense-quiere-seguir-innovando-estas-tecnologias-disenos-que-televisores-que-ha-ensenado-ifa-2019\">estas son<\/a> las tecnolog\u00edas y dise\u00f1os en televisores que ha ense\u00f1ado en la <strong>IFA 2019<\/strong>.<\/p>\n<\/li>\n<li>\n<p><strong>Epson<\/strong> <a href=\"https:\/\/www.xatakahome.com\/televisores\/epson-anuncia-su-laser-projection-tv-sistema-4k-pantalla-120-pulgadas-rechazo-luz-ambiental\">ha anunciado<\/a> su <strong>Laser Projection TV<\/strong>, un sistema 4K con pantalla de hasta 120 pulgadas con rechazo de luz ambiental.<\/p>\n<\/li>\n<li>\n<p><strong>LG<\/strong> ya tiene <a href=\"https:\/\/www.xatakahome.com\/televisores\/lg-tiene-nuevo-proyector-4k-led-hu70la-quiere-ayudarnos-a-montar-pantalla-140-pulgadas-salon\">nuevo proyector<\/a> <strong>4K LED, es el HU70LA<\/strong> y quiere ayudarnos a montar una pantalla de hasta 140 pulgadas en el sal\u00f3n.<\/p>\n<\/li>\n<li>\n<p>El enemigo en casa: <strong>dos estudios<\/strong> <a href=\"https:\/\/www.xatakahome.com\/seguridad-en-el-hogar\/enemigo-casa-dos-estudios-aseguran-que-dispositivos-conectados-envian-a-terceros-datos-privados-incluso-estando-apagados\">aseguran<\/a> que dispositivos conectados env\u00edan a terceros <strong>datos privados incluso estando apagados<\/strong>.<\/p>\n<\/li>\n<li>\n<p>El nuevo <strong>Philips Hue Play<\/strong> te <a href=\"https:\/\/www.xatakahome.com\/curiosidades\/nuevo-philips-hue-play-te-ayuda-a-crear-sistema-ambilight-sincronizando-tus-luces-inteligentes-fuentes-televisor\">ayuda a crear<\/a> un <strong>sistema Ambilight<\/strong> sincronizando tus luces inteligentes con las fuentes del televisor.<\/p>\n<\/li>\n<li>\n<p>Los aires acondicionados <strong>LG ArtCOOL Gallery<\/strong> vuelven a Espa\u00f1a coincidiendo con la <a href=\"https:\/\/www.xatakahome.com\/diseno-y-arquitectura\/aires-acondicionados-lg-artcool-gallery-vuelven-a-espana-coincidiendo-nueva-gama-presentada-ifa-2019\">nueva gama<\/a> presentada en la <strong>IFA 2019<\/strong>.<\/p>\n<\/li>\n<li>\n<p>El nuevo est\u00e1ndar de <strong>conexi\u00f3n inal\u00e1mbrica<\/strong> <a href=\"https:\/\/www.xatakahome.com\/la-red-local\/nuevo-estandar-conexion-inalambrica-realidad-wifi-alliance-acaba-lanzar-oficialmente-wifi-6\">es ya una realidad<\/a>: la WiFi Alliance acaba de lanzar oficialmente <strong>WiFi 6<\/strong>.<\/p>\n<\/li>\n<li>\n<p><strong>Bowers &#038; Wilkins<\/strong> <a href=\"https:\/\/www.xatakahome.com\/preview-main\/99071\/d41d8cd98f00b204e9800998ecf8427e\">estrena<\/a> auriculares HiFi, son los PX5 y PX7 y vendr\u00e1n con <strong>aptX Adaptive<\/strong> cancelaci\u00f3n activa del ruido<\/p>\n<\/li>\n<\/ul>\n<h4>Tambi\u00e9n te recomendamos<\/h4>\n<p>\n        <a href=\"https:\/\/www.xatakahome.com\/ocio\/monitores-iluminacion-led-altavoces-mejor-semana?utm_source=recommended&#038;utm_medium=feed&#038;utm_campaign=22_Sep_2019\"><br \/>\n            Monitores, iluminaci\u00f3n LED, altavoces y m\u00e1s: lo mejor de la semana<br \/>\n        <\/a>\n    <\/p>\n<p>\n        <a href=\"https:\/\/www.xatakahome.com\/ocio\/proyectores-monitores-reproductores-multimedia-routers-mejor-semana?utm_source=recommended&#038;utm_medium=feed&#038;utm_campaign=22_Sep_2019\"><br \/>\n            Proyectores, monitores, reproductores multimedia, routers y m\u00e1s: lo mejor de la semana<br \/>\n        <\/a>\n    <\/p>\n<p>\n        <a href=\"https:\/\/www.xatakahome.com\/ocio\/altavoces-proyectores-barras-sonido-climatizacion-mejor-semana?utm_source=recommended&#038;utm_medium=feed&#038;utm_campaign=22_Sep_2019\"><br \/>\n            Altavoces, proyectores, barras de sonido, climatizaci\u00f3n y m\u00e1s: lo mejor de la semana<br \/>\n        <\/a>\n    <\/p>\n<p> &#8211; <br \/> La noticia<br \/>\n       <a href=\"https:\/\/www.xatakahome.com\/ocio\/altavoces-televisores-proyectores-ifa-2019-mejor-semana?utm_source=feedburner&#038;utm_medium=feed&#038;utm_campaign=22_Sep_2019\"><br \/>\n        <em> Altavoces, televisores, proyectores, IFA 2019 y m\u00e1s: Lo mejor de la semana <\/em><br \/>\n       <\/a><br \/>\n       fue publicada originalmente en<br \/>\n       <a href=\"https:\/\/www.xatakahome.com\/?utm_source=feedburner&#038;utm_medium=feed&#038;utm_campaign=22_Sep_2019\"><br \/>\n        <strong> Xataka Smart Home <\/strong><br \/>\n       <\/a><br \/>\n              por <a href=\"https:\/\/www.xatakahome.com\/autor\/paco-rodriguez?utm_source=feedburner&#038;utm_medium=feed&#038;utm_campaign=22_Sep_2019\"><br \/>\n        Paco Rodriguez<br \/>\n       <\/a><br \/>\n       . <\/p>\n<div class=\"feedflare\">\n<a href=\"http:\/\/feeds.weblogssl.com\/~ff\/Xatakahome?a=uo2KtE6MqHY:lA28923qrBE:yIl2AUoC8zA\"><img decoding=\"async\" src=\"http:\/\/feeds.feedburner.com\/~ff\/Xatakahome?d=yIl2AUoC8zA\" border=\"0\"><\/a>\n<\/div>\n<p><img loading=\"lazy\" decoding=\"async\" src=\"http:\/\/feeds.feedburner.com\/~r\/Xatakahome\/~4\/uo2KtE6MqHY\" height=\"1\" width=\"1\" alt=\"\"><\/div>\n","protected":false},"excerpt":{"rendered":"<p>Es domingo y volvemos con el repaso de las noticias m\u00e1s destacadas que han pasado por nuestros monitores en los \u00faltimos siete d\u00edas, marcados por la resaca de la IFA 2019 y sus m\u00faltiples presentaciones. Comienza lo mejor de la semana: Si eres millonario ya puedes olvidarte de los proyectores: Sony ha empezado a comercializar &hellip; <a href=\"https:\/\/domosistemas.com\/?p=10258\" class=\"more-link\">Sigue leyendo <span class=\"screen-reader-text\">Altavoces, televisores, proyectores, IFA 2019 y m\u00e1s: Lo mejor de la semana<\/span><\/a><\/p>\n","protected":false},"author":1,"featured_media":0,"comment_status":"closed","ping_status":"closed","sticky":false,"template":"","format":"standard","meta":{"footnotes":""},"categories":[8],"tags":[],"class_list":["post-10258","post","type-post","status-publish","format-standard","hentry","category-xataka"],"_links":{"self":[{"href":"https:\/\/domosistemas.com\/index.php?rest_route=\/wp\/v2\/posts\/10258","targetHints":{"allow":["GET"]}}],"collection":[{"href":"https:\/\/domosistemas.com\/index.php?rest_route=\/wp\/v2\/posts"}],"about":[{"href":"https:\/\/domosistemas.com\/index.php?rest_route=\/wp\/v2\/types\/post"}],"author":[{"embeddable":true,"href":"https:\/\/domosistemas.com\/index.php?rest_route=\/wp\/v2\/users\/1"}],"replies":[{"embeddable":true,"href":"https:\/\/domosistemas.com\/index.php?rest_route=%2Fwp%2Fv2%2Fcomments&post=10258"}],"version-history":[{"count":0,"href":"https:\/\/domosistemas.com\/index.php?rest_route=\/wp\/v2\/posts\/10258\/revisions"}],"wp:attachment":[{"href":"https:\/\/domosistemas.com\/index.php?rest_route=%2Fwp%2Fv2%2Fmedia&parent=10258"}],"wp:term":[{"taxonomy":"category","embeddable":true,"href":"https:\/\/domosistemas.com\/index.php?rest_route=%2Fwp%2Fv2%2Fcategories&post=10258"},{"taxonomy":"post_tag","embeddable":true,"href":"https:\/\/domosistemas.com\/index.php?rest_route=%2Fwp%2Fv2%2Ftags&post=10258"}],"curies":[{"name":"wp","href":"https:\/\/api.w.org\/{rel}","templated":true}]}}