{"id":10397,"date":"2019-10-15T02:00:31","date_gmt":"2019-10-15T02:00:31","guid":{"rendered":"https:\/\/domosistemas.com\/?p=10397"},"modified":"2019-10-15T02:00:31","modified_gmt":"2019-10-15T02:00:31","slug":"nuevas-versiones-de-la-luz-las-conferencias-y-charlas-de-simon-en-el-showroom-de-a-coruna","status":"publish","type":"post","link":"https:\/\/domosistemas.com\/?p=10397","title":{"rendered":"&#8216;Nuevas versiones de la luz&#8217;, las conferencias y charlas de Simon en el showroom de A Coru\u00f1a"},"content":{"rendered":"<div>\n<p>El pasado 26 de septiembre, en el nuevo showroom de <a href=\"https:\/\/www.casadomo.com\/empresas\/simon\">Simon<\/a> en A Coru\u00f1a se celebr\u00f3 una serie de conferencias y charlas, bajo el t\u00edtulo &#8216;Nuevas versiones de la luz&#8217;, que versaron sobre las nuevas corrientes de la luz. En el espacio dise\u00f1ado por Antoni Arola, se destac\u00f3 una filosof\u00eda de apertura hacia el p\u00fablico y profesionales en un \u00e1mbito que incluye toda Galicia y Portugal.<\/p>\n<figure id=\"attachment_67616\" aria-describedby=\"caption-attachment-67616\" style=\"width: 800px\" class=\"wp-caption aligncenter\"><img loading=\"lazy\" decoding=\"async\" class=\"wp-image-67616 size-full\" src=\"https:\/\/static.casadomo.com\/media\/2019\/10\/simon-conferencia-sowroom-acoruna.png\" alt=\"Los participantes de la conferencia de Simon encima del escenario. \" width=\"800\" height=\"578\" srcset=\"https:\/\/static.casadomo.com\/media\/2019\/10\/simon-conferencia-sowroom-acoruna.png 800w, https:\/\/static.casadomo.com\/media\/2019\/10\/simon-conferencia-sowroom-acoruna-300x217.png 300w, https:\/\/static.casadomo.com\/media\/2019\/10\/simon-conferencia-sowroom-acoruna-768x555.png 768w, https:\/\/static.casadomo.com\/media\/2019\/10\/simon-conferencia-sowroom-acoruna-180x130.png 180w\" sizes=\"auto, (max-width: 800px) 100vw, 800px\"><figcaption id=\"caption-attachment-67616\" class=\"wp-caption-text\">Desarrollo de una de las charlas del evento de Simon celebrado recientemente en A Coru\u00f1a.<\/figcaption><\/figure>\n<p>Los asistentes pudieron disfrutar de la intervenci\u00f3n de los expertos de iluminaci\u00f3n de la empresa Light &#038; Studio, Bel\u00e9n Sueiro, interiorista de A Coru\u00f1a y Salvi Plaja, director de dise\u00f1o de Simon. Ambos hablaron sobre sus experiencias, investigaci\u00f3n y nuevas perspectivas de la iluminaci\u00f3n.<\/p>\n<p>\u00abEl nuevo showroom de Simon en A Coru\u00f1a es tambi\u00e9n un centro de divulgaci\u00f3n y conocimiento de todos los avances de la luz que supondr\u00e1 un impulso para los arquitectos y dise\u00f1adores de Galicia y Portugal\u00bb, explic\u00f3 Salvi Plaja.<\/p>\n<p>Asimismo, Marisa Santamar\u00eda, experta investigadora y analista de tendencias internacionales, aport\u00f3 las claves del panorama actual internacional de los diferentes enfoques que se dan en el mundo de c\u00f3mo iluminar y aportar luz a los espacios.<\/p>\n<p>\u00abLa iluminaci\u00f3n es un proceso determinante en la forma de experimentaci\u00f3n de los espacios. Los nuevos usos y costumbres en las viviendas en el ocio y trabajo, los avances digitales, los nuevos materiales forman parte de una revoluci\u00f3n imparable de las luminarias, de la iluminaci\u00f3n y de nuestra forma de percibir la luz\u00bb, se\u00f1al\u00f3 Marisa Santamar\u00eda durante su intervenci\u00f3n.<\/p>\n<h2>Charlas con los asistentes<\/h2>\n<p>Al final de la jornada, se llev\u00f3 cabo una conversaci\u00f3n y un debate con los asistentes, formado por profesionales del mundo del dise\u00f1o y la arquitectura.<\/p>\n<p>El cierre del encuentro corri\u00f3 a cargo del director de dise\u00f1o de Simon, quien manifest\u00f3 que \u00abel interiorismo y la arquitectura se transforman con la intervenci\u00f3n de la iluminaci\u00f3n, la evoluci\u00f3n de las tecnolog\u00edas es determinante pero tambi\u00e9n una investigaci\u00f3n sobre los usos cotidianos de las personas influye en los cambios que vamos desarrollando en Simon\u00bb.<\/p>\n<p>La entrada <a rel=\"nofollow\" href=\"https:\/\/www.casadomo.com\/2019\/10\/15\/nuevas-versiones-luz-conferencias-charlas-simon-showroom-coruna\">&#8216;Nuevas versiones de la luz&#8217;, las conferencias y charlas de Simon en el showroom de A Coru\u00f1a<\/a> aparece primero en <a rel=\"nofollow\" href=\"https:\/\/www.casadomo.com\/\">CASADOMO<\/a>.<\/p>\n<\/div>\n","protected":false},"excerpt":{"rendered":"<p>El pasado 26 de septiembre, en el nuevo showroom de Simon en A Coru\u00f1a se celebr\u00f3 una serie de conferencias y charlas, bajo el t\u00edtulo &#8216;Nuevas versiones de la luz&#8217;, que versaron sobre las nuevas corrientes de la luz. En el espacio dise\u00f1ado por Antoni Arola, se destac\u00f3 una filosof\u00eda de apertura hacia el p\u00fablico &hellip; <a href=\"https:\/\/domosistemas.com\/?p=10397\" class=\"more-link\">Sigue leyendo <span class=\"screen-reader-text\">&#8216;Nuevas versiones de la luz&#8217;, las conferencias y charlas de Simon en el showroom de A Coru\u00f1a<\/span><\/a><\/p>\n","protected":false},"author":1,"featured_media":0,"comment_status":"closed","ping_status":"closed","sticky":false,"template":"","format":"standard","meta":{"footnotes":""},"categories":[3],"tags":[],"class_list":["post-10397","post","type-post","status-publish","format-standard","hentry","category-casadomo-com"],"_links":{"self":[{"href":"https:\/\/domosistemas.com\/index.php?rest_route=\/wp\/v2\/posts\/10397","targetHints":{"allow":["GET"]}}],"collection":[{"href":"https:\/\/domosistemas.com\/index.php?rest_route=\/wp\/v2\/posts"}],"about":[{"href":"https:\/\/domosistemas.com\/index.php?rest_route=\/wp\/v2\/types\/post"}],"author":[{"embeddable":true,"href":"https:\/\/domosistemas.com\/index.php?rest_route=\/wp\/v2\/users\/1"}],"replies":[{"embeddable":true,"href":"https:\/\/domosistemas.com\/index.php?rest_route=%2Fwp%2Fv2%2Fcomments&post=10397"}],"version-history":[{"count":0,"href":"https:\/\/domosistemas.com\/index.php?rest_route=\/wp\/v2\/posts\/10397\/revisions"}],"wp:attachment":[{"href":"https:\/\/domosistemas.com\/index.php?rest_route=%2Fwp%2Fv2%2Fmedia&parent=10397"}],"wp:term":[{"taxonomy":"category","embeddable":true,"href":"https:\/\/domosistemas.com\/index.php?rest_route=%2Fwp%2Fv2%2Fcategories&post=10397"},{"taxonomy":"post_tag","embeddable":true,"href":"https:\/\/domosistemas.com\/index.php?rest_route=%2Fwp%2Fv2%2Ftags&post=10397"}],"curies":[{"name":"wp","href":"https:\/\/api.w.org\/{rel}","templated":true}]}}