{"id":10540,"date":"2019-11-07T07:15:59","date_gmt":"2019-11-07T07:15:59","guid":{"rendered":"https:\/\/domosistemas.com\/?p=10540"},"modified":"2019-11-07T07:15:59","modified_gmt":"2019-11-07T07:15:59","slug":"astell-kern-estrena-reproductor-musical-portatil-es-el-sa700-y-pretende-conquistar-a-los-amantes-del-hifi","status":"publish","type":"post","link":"https:\/\/domosistemas.com\/?p=10540","title":{"rendered":"Astell &amp; Kern estrena reproductor musical port\u00e1til, es el SA700 y pretende conquistar a los amantes del HiFi"},"content":{"rendered":"<div>\n<p>\n      <img decoding=\"async\" src=\"https:\/\/i.blogs.es\/d674af\/obj_1_lg\/1024_2000.png\" alt=\"Astell &#038; Kern estrena reproductor musical port\u00e1til, es el SA700 y pretende conquistar a los amantes del HiFi\">\n    <\/p>\n<p>Astell &#038; Kern nos tiene acostumbrados a presentar peri\u00f3dicamente nuevos equipos de <strong>reproducci\u00f3n musical port\u00e1til<\/strong> que cuentan con estupendas caracter\u00edsticas y funcionalidades pensadas para usuarios que buscan ir un paso m\u00e1s all\u00e1 de la t\u00edpica reproducci\u00f3n desde m\u00f3viles.<\/p>\n<p><!-- BREAK 1 --><\/p>\n<p>En esta ocasi\u00f3n ha vuelto ha hacerlo con el lanzamiento del <strong>SA700<\/strong>, un dispositivo compacto que pretende conquistar a los amantes del HiFi que busquen un modelo con <strong>lo \u00faltimo en tecnolog\u00eda de sonido<\/strong> comprimida en un peque\u00f1o cuerpo de acero inoxidable.<!--more--><\/p>\n<p><!-- BREAK 2 --><\/p>\n<p>Bajo su resistente carcasa nos encontramos con un sistema de <strong>doble DAC AKM AK4492ECB<\/strong> a la altura de los equipos de sobremesa m\u00e1s punteros capaz de trabajar con se\u00f1ales <strong>PCM de 32 bits y a 384 KHz<\/strong> durante todo el procesamiento digital, as\u00ed como con <strong>archivos DSD de hasta 11,2 MHz<\/strong>.<\/p>\n<p><!-- BREAK 3 --><\/p>\n<p>La parte frontal est\u00e1 dominada por una gran <strong>pantalla t\u00e1ctil de 4,1 pulgadas<\/strong> y resoluci\u00f3n de 1280&#215;720 p\u00edxeles que cuenta con una nueva interfaz desde la que reproducir pr\u00e1cticamente cualquier tipo de archivo digital que podamos encontrar en la Red.<\/p>\n<p><!-- BREAK 4 --><\/p>\n<div class=\"article-asset-image article-asset-normal\">\n<div class=\"asset-content\"> <img decoding=\"async\" alt=\"reproductor musical port\u00e1til\" src=\"https:\/\/i.blogs.es\/f8c19a\/obj_2_1_lg\/450_1000.png\"> <\/div>\n<\/div>\n<p>Es capaz de trabajar con formatos <strong>WAV, FLAC, WMA, MP3, OGG, APE, AAC, ALAC, AIFF, DFF, DSF<\/strong> de hasta 384KHz (la frecuencia de muestreo de cada archivo se representa con un LED de colores en el control de volumen lateral) que podemos enviar por una conexi\u00f3n <strong>WiFi a 2,4 GHz o Bluetooth 4.2<\/strong> (soporta los perfiles A2DP, AVRCP y aptX HD). <\/p>\n<p><!-- BREAK 5 --><\/p>\n<p>En cuanto a la conectividad, nos ofrece una <strong>entrada USB-C<\/strong> y puertos balanceados de <strong>2,5 mm<\/strong> y no balanceados <strong>jack de 3,5 mm<\/strong> para nuestros auriculares.<\/p>\n<p><!-- BREAK 6 --><\/p>\n<div class=\"article-asset-video article-asset-large\">\n<div class=\"asset-content\">\n<div class=\"base-asset-video\">\n   <iframe loading=\"lazy\" width=\"640\" height=\"366\" src=\"https:\/\/www.youtube.com\/embed\/veqQKS1vqT8\" frameborder=\"0\" allow=\"accelerometer; autoplay; encrypted-media; gyroscope; picture-in-picture\" allowfullscreen>   <\/iframe>\n  <\/div>\n<\/p><\/div>\n<\/div>\n<p><!-- BREAK 7 --><\/p>\n<h2>Precio y disponibilidad<\/h2>\n<p>Los nuevos reproductores Astell &#038; Kern SA700 llegar\u00e1n este mes en colores negro y acero inoxidable por un precio de <strong>1.299 euros<\/strong>.<\/p>\n<p><!-- BREAK 8 --><\/p>\n<p>M\u00e1s informaci\u00f3n  | <a href=\"https:\/\/www.astellnkern.com\/eng\/content\/shop\/features.asp?mcg=CG110000&#038;mpos=0&#038;scg=CG210240&#038;spos=4&#038;tcg=&#038;tpos=0&#038;dpos=1&#038;gcode=SC35860\">Astell &#038; Kern<\/a><\/p>\n<p><!-- BREAK 9 --><\/p>\n<h4>Tambi\u00e9n te recomendamos<\/h4>\n<p>\n        <a href=\"https:\/\/www.xatakahome.com\/reproductores\/astell-kern-amplia-su-gama-alta-reproductores-musicales-portatiles-kann-cube-bestia-clara-orientacion-hifi?utm_source=recommended&#038;utm_medium=feed&#038;utm_campaign=07_Nov_2019\"><br \/>\n            Astell &#038; Kern ampl\u00eda su gama alta de reproductores musicales port\u00e1tiles con el Kann Cube, una bestia con clara orientaci\u00f3n HiFi<br \/>\n        <\/a>\n    <\/p>\n<p>\n        <a href=\"https:\/\/www.xatakahome.com\/reproductores\/parece-reloj-inteligente-realidad-nuevo-reproductor-musical-hi-res-fiio-m5?utm_source=recommended&#038;utm_medium=feed&#038;utm_campaign=07_Nov_2019\"><br \/>\n            Parece un reloj inteligente pero en realidad es el nuevo reproductor musical Hi-Res FiiO M5<br \/>\n        <\/a>\n    <\/p>\n<p>\n        <a href=\"https:\/\/www.xatakahome.com\/reproductores\/astell-kern-presenta-a-ultima-sp2000-su-nuevo-reproductor-musical-portatil-512-gb-para-tu-coleccion-canciones?utm_source=recommended&#038;utm_medium=feed&#038;utm_campaign=07_Nov_2019\"><br \/>\n            Astell &#038; Kern presenta A&#038;ultima SP2000, su nuevo reproductor musical port\u00e1til con 512 GB para tu colecci\u00f3n de canciones<br \/>\n        <\/a>\n    <\/p>\n<p> &#8211; <br \/> La noticia<br \/>\n       <a href=\"https:\/\/www.xatakahome.com\/reproductores\/astell-kern-estrena-reproductor-musical-portatil-sa700-pretende-conquistar-a-amantes-hifi?utm_source=feedburner&#038;utm_medium=feed&#038;utm_campaign=07_Nov_2019\"><br \/>\n        <em> Astell &#038; Kern estrena reproductor musical port\u00e1til, es el SA700 y pretende conquistar a los amantes del HiFi <\/em><br \/>\n       <\/a><br \/>\n       fue publicada originalmente en<br \/>\n       <a href=\"https:\/\/www.xatakahome.com\/?utm_source=feedburner&#038;utm_medium=feed&#038;utm_campaign=07_Nov_2019\"><br \/>\n        <strong> Xataka Smart Home <\/strong><br \/>\n       <\/a><br \/>\n              por <a href=\"https:\/\/www.xatakahome.com\/autor\/paco-rodriguez?utm_source=feedburner&#038;utm_medium=feed&#038;utm_campaign=07_Nov_2019\"><br \/>\n        Paco Rodriguez<br \/>\n       <\/a><br \/>\n       . <\/p>\n<div class=\"feedflare\">\n<a href=\"http:\/\/feeds.weblogssl.com\/~ff\/Xatakahome?a=03V840e-Ui8:ySDXlwyd9Kc:yIl2AUoC8zA\"><img decoding=\"async\" src=\"http:\/\/feeds.feedburner.com\/~ff\/Xatakahome?d=yIl2AUoC8zA\" border=\"0\"><\/a>\n<\/div>\n<p><img loading=\"lazy\" decoding=\"async\" src=\"http:\/\/feeds.feedburner.com\/~r\/Xatakahome\/~4\/03V840e-Ui8\" height=\"1\" width=\"1\" alt=\"\"><\/div>\n","protected":false},"excerpt":{"rendered":"<p>Astell &#038; Kern nos tiene acostumbrados a presentar peri\u00f3dicamente nuevos equipos de reproducci\u00f3n musical port\u00e1til que cuentan con estupendas caracter\u00edsticas y funcionalidades pensadas para usuarios que buscan ir un paso m\u00e1s all\u00e1 de la t\u00edpica reproducci\u00f3n desde m\u00f3viles. En esta ocasi\u00f3n ha vuelto ha hacerlo con el lanzamiento del SA700, un dispositivo compacto que pretende &hellip; <a href=\"https:\/\/domosistemas.com\/?p=10540\" class=\"more-link\">Sigue leyendo <span class=\"screen-reader-text\">Astell &amp; Kern estrena reproductor musical port\u00e1til, es el SA700 y pretende conquistar a los amantes del HiFi<\/span><\/a><\/p>\n","protected":false},"author":1,"featured_media":0,"comment_status":"closed","ping_status":"closed","sticky":false,"template":"","format":"standard","meta":{"footnotes":""},"categories":[8],"tags":[],"class_list":["post-10540","post","type-post","status-publish","format-standard","hentry","category-xataka"],"_links":{"self":[{"href":"https:\/\/domosistemas.com\/index.php?rest_route=\/wp\/v2\/posts\/10540","targetHints":{"allow":["GET"]}}],"collection":[{"href":"https:\/\/domosistemas.com\/index.php?rest_route=\/wp\/v2\/posts"}],"about":[{"href":"https:\/\/domosistemas.com\/index.php?rest_route=\/wp\/v2\/types\/post"}],"author":[{"embeddable":true,"href":"https:\/\/domosistemas.com\/index.php?rest_route=\/wp\/v2\/users\/1"}],"replies":[{"embeddable":true,"href":"https:\/\/domosistemas.com\/index.php?rest_route=%2Fwp%2Fv2%2Fcomments&post=10540"}],"version-history":[{"count":0,"href":"https:\/\/domosistemas.com\/index.php?rest_route=\/wp\/v2\/posts\/10540\/revisions"}],"wp:attachment":[{"href":"https:\/\/domosistemas.com\/index.php?rest_route=%2Fwp%2Fv2%2Fmedia&parent=10540"}],"wp:term":[{"taxonomy":"category","embeddable":true,"href":"https:\/\/domosistemas.com\/index.php?rest_route=%2Fwp%2Fv2%2Fcategories&post=10540"},{"taxonomy":"post_tag","embeddable":true,"href":"https:\/\/domosistemas.com\/index.php?rest_route=%2Fwp%2Fv2%2Ftags&post=10540"}],"curies":[{"name":"wp","href":"https:\/\/api.w.org\/{rel}","templated":true}]}}