{"id":10555,"date":"2019-11-11T03:00:40","date_gmt":"2019-11-11T03:00:40","guid":{"rendered":"https:\/\/domosistemas.com\/?p=10555"},"modified":"2019-11-11T03:00:40","modified_gmt":"2019-11-11T03:00:40","slug":"cantabria-canarias-madrid-y-cataluna-iniciaran-el-cambio-de-frecuencias-de-la-tdt-el-14-de-noviembre","status":"publish","type":"post","link":"https:\/\/domosistemas.com\/?p=10555","title":{"rendered":"Cantabria, Canarias, Madrid y Catalu\u00f1a iniciar\u00e1n el cambio de frecuencias de la TDT el 14 de noviembre"},"content":{"rendered":"<div>\n<div>Las comunidades aut\u00f3nomas de Cantabria, Canarias, Madrid y Catalu\u00f1a iniciar\u00e1n el cambio de frecuencias de TDT (Televisi\u00f3n Digital Terrestre) a partir del 14 de noviembre. Tambi\u00e9n se llevar\u00e1 a cabo en algunas localidades de Arag\u00f3n, Castilla La-Mancha, Castell\u00f3n y Castilla y Le\u00f3n, regiones donde se contin\u00faa con el cambio.<\/div>\n<figure id=\"attachment_68594\" aria-describedby=\"caption-attachment-68594\" style=\"width: 800px\" class=\"wp-caption aligncenter\"><img loading=\"lazy\" decoding=\"async\" class=\"wp-image-68594 size-full\" src=\"https:\/\/static.casadomo.com\/media\/2019\/11\/tdt-cambio-frecuencia-14-noviembre-cantabria-canarias-madrid-cataluna.png\" alt=\"Antena de televisi\u00f3n\" width=\"800\" height=\"600\" srcset=\"https:\/\/static.casadomo.com\/media\/2019\/11\/tdt-cambio-frecuencia-14-noviembre-cantabria-canarias-madrid-cataluna.png 800w, https:\/\/static.casadomo.com\/media\/2019\/11\/tdt-cambio-frecuencia-14-noviembre-cantabria-canarias-madrid-cataluna-300x225.png 300w, https:\/\/static.casadomo.com\/media\/2019\/11\/tdt-cambio-frecuencia-14-noviembre-cantabria-canarias-madrid-cataluna-768x576.png 768w, https:\/\/static.casadomo.com\/media\/2019\/11\/tdt-cambio-frecuencia-14-noviembre-cantabria-canarias-madrid-cataluna-180x135.png 180w\" sizes=\"auto, (max-width: 800px) 100vw, 800px\"><figcaption id=\"caption-attachment-68594\" class=\"wp-caption-text\">Comienza la siguiente oleada del cambio de frecuencias de TDT en Cantabria, Canarias, Madrid y Catalu\u00f1a, y en algunos municipios de Arag\u00f3n, Castilla La-Mancha, Castell\u00f3n y Castilla y Le\u00f3n.<\/figcaption><\/figure>\n<p>Los <a href=\"https:\/\/www.casadomo.com\/2019\/09\/17\/cambio-frecuencias-tdt-comienza-semana-pais-vasco-aragon-continua-andalucia\">cambios<\/a> para liberar la banda de 700 MHz dieron comienzo el pasado mes de julio y el pr\u00f3ximo jueves se habr\u00e1 llevado a cabo ya en 3.846 localidades, es decir, casi en el 50% de los municipios espa\u00f1oles.<\/p>\n<p>Las comunidades de propietarios est\u00e1n obligadas a adaptar las instalaciones de recepci\u00f3n de televisi\u00f3n de sus edificios, para lo que disponen de un plazo de seis meses y ayudas p\u00fablicas. Durante la adaptaci\u00f3n, los diferentes canales de televisi\u00f3n emitir\u00e1n de forma simult\u00e1nea a trav\u00e9s de ambas frecuencias, la antigua y la nueva, antes de iniciar el apagado de la primera.<\/p>\n<h2>Plan T\u00e9cnico Nacional de la Televisi\u00f3n Digital Terrestre<\/h2>\n<p>Seg\u00fan informa la <a href=\"https:\/\/www.televisiondigital.gob.es\/\">Secretar\u00eda de Estado para el Avance Digital<\/a>, el proceso se enmarca en el Plan T\u00e9cnico Nacional de la Televisi\u00f3n Digital Terrestre, que divide el territorio en 75 \u00e1reas geogr\u00e1ficas, de las cuales, 43 habr\u00e1n empezado la adaptaci\u00f3n el pr\u00f3ximo jueves.<\/p>\n<p>El resto de zonas lo har\u00e1n en el primer trimestre de 2020, cumpliendo con la fecha l\u00edmite del mandato europeo, fijada el 30 de junio de 2020.<\/p>\n<h2>Ayudas p\u00fablicas<\/h2>\n<p>El pasado mes de junio se aprob\u00f3 una <a href=\"https:\/\/www.casadomo.com\/2019\/09\/24\/26-septiembre-comenzara-solicitud-ayudas-publicas-reantenizacion-tdt\">subvenci\u00f3n<\/a> para compensar el coste de la recepci\u00f3n o acceso a los servicios de comunicaci\u00f3n audiovisual televisiva en los edificios afectados por el Segundo Dividendo Digital. La cifra de la ayuda oscila entre 104,30 euros y 677,95 euros, dependiendo de las infraestructuras con las que cuenta el edificio.<\/p>\n<p>Se podr\u00e1 presentar la solicitud de acceso a la subvenci\u00f3n, gestionada por la empresa p\u00fablica Red.es, hasta el 30 de septiembre de 2020. Los requisitos indispensables son la aportaci\u00f3n de documentaci\u00f3n como el bolet\u00edn de instalaci\u00f3n y la factura, y que la actuaci\u00f3n haya sido realizada por una empresa inscrita en el Registro de Instaladores de Telecomunicaciones de la Secretar\u00eda de Estado para el Avance Digital.<\/p>\n<p>La entrada <a rel=\"nofollow\" href=\"https:\/\/www.casadomo.com\/2019\/11\/11\/cantabria-canarias-madrid-cataluna-iniciaran-cambio-frecuencias-tdt-14-noviembre\">Cantabria, Canarias, Madrid y Catalu\u00f1a iniciar\u00e1n el cambio de frecuencias de la TDT el 14 de noviembre<\/a> aparece primero en <a rel=\"nofollow\" href=\"https:\/\/www.casadomo.com\/\">CASADOMO<\/a>.<\/p>\n<\/div>\n","protected":false},"excerpt":{"rendered":"<p>Las comunidades aut\u00f3nomas de Cantabria, Canarias, Madrid y Catalu\u00f1a iniciar\u00e1n el cambio de frecuencias de TDT (Televisi\u00f3n Digital Terrestre) a partir del 14 de noviembre. Tambi\u00e9n se llevar\u00e1 a cabo en algunas localidades de Arag\u00f3n, Castilla La-Mancha, Castell\u00f3n y Castilla y Le\u00f3n, regiones donde se contin\u00faa con el cambio. Comienza la siguiente oleada del cambio &hellip; <a href=\"https:\/\/domosistemas.com\/?p=10555\" class=\"more-link\">Sigue leyendo <span class=\"screen-reader-text\">Cantabria, Canarias, Madrid y Catalu\u00f1a iniciar\u00e1n el cambio de frecuencias de la TDT el 14 de noviembre<\/span><\/a><\/p>\n","protected":false},"author":1,"featured_media":0,"comment_status":"closed","ping_status":"closed","sticky":false,"template":"","format":"standard","meta":{"footnotes":""},"categories":[3],"tags":[],"class_list":["post-10555","post","type-post","status-publish","format-standard","hentry","category-casadomo-com"],"_links":{"self":[{"href":"https:\/\/domosistemas.com\/index.php?rest_route=\/wp\/v2\/posts\/10555","targetHints":{"allow":["GET"]}}],"collection":[{"href":"https:\/\/domosistemas.com\/index.php?rest_route=\/wp\/v2\/posts"}],"about":[{"href":"https:\/\/domosistemas.com\/index.php?rest_route=\/wp\/v2\/types\/post"}],"author":[{"embeddable":true,"href":"https:\/\/domosistemas.com\/index.php?rest_route=\/wp\/v2\/users\/1"}],"replies":[{"embeddable":true,"href":"https:\/\/domosistemas.com\/index.php?rest_route=%2Fwp%2Fv2%2Fcomments&post=10555"}],"version-history":[{"count":0,"href":"https:\/\/domosistemas.com\/index.php?rest_route=\/wp\/v2\/posts\/10555\/revisions"}],"wp:attachment":[{"href":"https:\/\/domosistemas.com\/index.php?rest_route=%2Fwp%2Fv2%2Fmedia&parent=10555"}],"wp:term":[{"taxonomy":"category","embeddable":true,"href":"https:\/\/domosistemas.com\/index.php?rest_route=%2Fwp%2Fv2%2Fcategories&post=10555"},{"taxonomy":"post_tag","embeddable":true,"href":"https:\/\/domosistemas.com\/index.php?rest_route=%2Fwp%2Fv2%2Ftags&post=10555"}],"curies":[{"name":"wp","href":"https:\/\/api.w.org\/{rel}","templated":true}]}}