{"id":10562,"date":"2019-11-12T03:00:52","date_gmt":"2019-11-12T03:00:52","guid":{"rendered":"https:\/\/domosistemas.com\/?p=10562"},"modified":"2019-11-12T03:00:52","modified_gmt":"2019-11-12T03:00:52","slug":"una-alianza-comercial-permitira-el-suministro-energetico-inalambrico-en-electrodomesticos","status":"publish","type":"post","link":"https:\/\/domosistemas.com\/?p=10562","title":{"rendered":"Una alianza comercial permitir\u00e1 el suministro energ\u00e9tico inal\u00e1mbrico en electrodom\u00e9sticos"},"content":{"rendered":"<div>\n<p>Para garantizar la alimentaci\u00f3n inal\u00e1mbrica en los hogares conectados, las compa\u00f1\u00edas <a href=\"https:\/\/www.ossia.com\/\" target=\"_blank\" rel=\"noopener noreferrer\">Ossia<\/a> y <a href=\"http:\/\/www.galanz.com\/\" target=\"_blank\" rel=\"noopener noreferrer\">Galanz<\/a> han anunciado una asociaci\u00f3n comercial. Ambas empresas trabajan para incorporar los transmisores de potencia inal\u00e1mbricos Cota, pertenecientes a Ossia, en una gama de electrodom\u00e9sticos de Galanz, entre los que destacan los refrigeradores, aires acondicionados y lavavajillas, entre otros aparatos.<\/p>\n<figure id=\"attachment_68654\" aria-describedby=\"caption-attachment-68654\" style=\"width: 800px\" class=\"wp-caption aligncenter\"><img loading=\"lazy\" decoding=\"async\" class=\"size-full wp-image-68654\" src=\"https:\/\/static.casadomo.com\/media\/2019\/11\/ossia-galanz-transmisor-cota-suministro-energetico-inalambrico-electrodomesticos.png\" alt=\"Un esquema de como funciona Cota de Ossia.\" width=\"800\" height=\"482\" srcset=\"https:\/\/static.casadomo.com\/media\/2019\/11\/ossia-galanz-transmisor-cota-suministro-energetico-inalambrico-electrodomesticos.png 800w, https:\/\/static.casadomo.com\/media\/2019\/11\/ossia-galanz-transmisor-cota-suministro-energetico-inalambrico-electrodomesticos-300x181.png 300w, https:\/\/static.casadomo.com\/media\/2019\/11\/ossia-galanz-transmisor-cota-suministro-energetico-inalambrico-electrodomesticos-768x463.png 768w, https:\/\/static.casadomo.com\/media\/2019\/11\/ossia-galanz-transmisor-cota-suministro-energetico-inalambrico-electrodomesticos-180x108.png 180w\" sizes=\"auto, (max-width: 800px) 100vw, 800px\"><figcaption id=\"caption-attachment-68654\" class=\"wp-caption-text\">El uso del transmisor Cota permitir\u00e1 a los electrodom\u00e9sticos de Galanz disponer de suministro el\u00e9ctrico inal\u00e1mbrico.<\/figcaption><\/figure>\n<p>Gracias al transmisor Cota Real Wireless Power, los electrodom\u00e9sticos de Galanz podr\u00e1n beneficiarse de un suministro de energ\u00eda de forma remota, sin necesidad de cables o bases de carga.<\/p>\n<p>\u00abEs hora de que los electrodom\u00e9sticos y el IoT trabajen eficientemente para las personas. Llevar energ\u00eda inal\u00e1mbrica a los electrodom\u00e9sticos es el siguiente paso necesario para desarrollar vidas m\u00e1s conectadas y ricas\u00bb, comenta Aglaia Kong, asesor senior de Tecnolog\u00eda de Galanz.<\/p>\n<h2>Dispositivos que incorporan Cota<\/h2>\n<p>La asociaci\u00f3n ha comenzado con el desarrollo de transmisores de potencia inal\u00e1mbricos Cota para tres categor\u00edas de productos: refrigeradores, unidades de aire acondicionado en la habitaci\u00f3n y lavavajillas. Tambi\u00e9n se integrar\u00e1 en purificadores de aire y deshumidificadores.<\/p>\n<p>Esta tecnolog\u00eda facilitar\u00e1 el suministro de energ\u00eda a los dispositivos IoT de los hogares u oficinas inteligentes. Los usuarios no tendr\u00e1n que ocuparse de la alimentaci\u00f3n de los aparatos, al tiempo que pueden administrar el transmisor Cota a trav\u00e9s de los servicios en la nube.<\/p>\n<p>La entrada <a rel=\"nofollow\" href=\"https:\/\/www.casadomo.com\/2019\/11\/12\/alianza-comercial-permitira-suministro-energetico-inalambrico-electrodomesticos\">Una alianza comercial permitir\u00e1 el suministro energ\u00e9tico inal\u00e1mbrico en electrodom\u00e9sticos<\/a> aparece primero en <a rel=\"nofollow\" href=\"https:\/\/www.casadomo.com\/\">CASADOMO<\/a>.<\/p>\n<\/div>\n","protected":false},"excerpt":{"rendered":"<p>Para garantizar la alimentaci\u00f3n inal\u00e1mbrica en los hogares conectados, las compa\u00f1\u00edas Ossia y Galanz han anunciado una asociaci\u00f3n comercial. Ambas empresas trabajan para incorporar los transmisores de potencia inal\u00e1mbricos Cota, pertenecientes a Ossia, en una gama de electrodom\u00e9sticos de Galanz, entre los que destacan los refrigeradores, aires acondicionados y lavavajillas, entre otros aparatos. El uso &hellip; <a href=\"https:\/\/domosistemas.com\/?p=10562\" class=\"more-link\">Sigue leyendo <span class=\"screen-reader-text\">Una alianza comercial permitir\u00e1 el suministro energ\u00e9tico inal\u00e1mbrico en electrodom\u00e9sticos<\/span><\/a><\/p>\n","protected":false},"author":1,"featured_media":0,"comment_status":"closed","ping_status":"closed","sticky":false,"template":"","format":"standard","meta":{"footnotes":""},"categories":[3],"tags":[],"class_list":["post-10562","post","type-post","status-publish","format-standard","hentry","category-casadomo-com"],"_links":{"self":[{"href":"https:\/\/domosistemas.com\/index.php?rest_route=\/wp\/v2\/posts\/10562","targetHints":{"allow":["GET"]}}],"collection":[{"href":"https:\/\/domosistemas.com\/index.php?rest_route=\/wp\/v2\/posts"}],"about":[{"href":"https:\/\/domosistemas.com\/index.php?rest_route=\/wp\/v2\/types\/post"}],"author":[{"embeddable":true,"href":"https:\/\/domosistemas.com\/index.php?rest_route=\/wp\/v2\/users\/1"}],"replies":[{"embeddable":true,"href":"https:\/\/domosistemas.com\/index.php?rest_route=%2Fwp%2Fv2%2Fcomments&post=10562"}],"version-history":[{"count":0,"href":"https:\/\/domosistemas.com\/index.php?rest_route=\/wp\/v2\/posts\/10562\/revisions"}],"wp:attachment":[{"href":"https:\/\/domosistemas.com\/index.php?rest_route=%2Fwp%2Fv2%2Fmedia&parent=10562"}],"wp:term":[{"taxonomy":"category","embeddable":true,"href":"https:\/\/domosistemas.com\/index.php?rest_route=%2Fwp%2Fv2%2Fcategories&post=10562"},{"taxonomy":"post_tag","embeddable":true,"href":"https:\/\/domosistemas.com\/index.php?rest_route=%2Fwp%2Fv2%2Ftags&post=10562"}],"curies":[{"name":"wp","href":"https:\/\/api.w.org\/{rel}","templated":true}]}}