{"id":10600,"date":"2019-11-20T03:00:04","date_gmt":"2019-11-20T03:00:04","guid":{"rendered":"https:\/\/domosistemas.com\/?p=10600"},"modified":"2019-11-20T03:00:04","modified_gmt":"2019-11-20T03:00:04","slug":"el-modulo-de-medida-conectado-de-legrand-permite-conocer-la-situacion-de-la-instalacion-electrica-en-tiempo-real","status":"publish","type":"post","link":"https:\/\/domosistemas.com\/?p=10600","title":{"rendered":"El m\u00f3dulo de medida conectado de Legrand permite conocer la situaci\u00f3n de la instalaci\u00f3n el\u00e9ctrica en tiempo real"},"content":{"rendered":"<div>\n<p>Controlar el consumo energ\u00e9tico es fundamental para obtener el mayor ahorro tanto econ\u00f3mico como el\u00e9ctrico. El especialista en infraestructuras el\u00e9ctricas y digitales <a href=\"https:\/\/www.casadomo.com\/empresas\/legrand\">Legrand<\/a> ha desarrollado y presentado su nuevo m\u00f3dulo de medida conectado de Valena Next with Netatmo.<\/p>\n<figure id=\"attachment_68990\" aria-describedby=\"caption-attachment-68990\" style=\"width: 800px\" class=\"wp-caption aligncenter\"><img loading=\"lazy\" decoding=\"async\" class=\"size-full wp-image-68990\" src=\"https:\/\/static.casadomo.com\/media\/2019\/11\/legrand-modulo-medida-conectado-consumo-energetico.png\" alt=\"El m\u00f3dulo de medida conectado de Legrand. \" width=\"800\" height=\"537\" srcset=\"https:\/\/static.casadomo.com\/media\/2019\/11\/legrand-modulo-medida-conectado-consumo-energetico.png 800w, https:\/\/static.casadomo.com\/media\/2019\/11\/legrand-modulo-medida-conectado-consumo-energetico-300x201.png 300w, https:\/\/static.casadomo.com\/media\/2019\/11\/legrand-modulo-medida-conectado-consumo-energetico-768x516.png 768w, https:\/\/static.casadomo.com\/media\/2019\/11\/legrand-modulo-medida-conectado-consumo-energetico-180x121.png 180w\" sizes=\"auto, (max-width: 800px) 100vw, 800px\"><figcaption id=\"caption-attachment-68990\" class=\"wp-caption-text\">Los usuarios podr\u00e1n conocer en tiempo real el consumo energ\u00e9tico de todos los dispositivos de su hogar inteligente.<\/figcaption><\/figure>\n<p>Los usuarios pueden conocer en todo momento el consumo total diario y mensual, as\u00ed como medir la potencia instant\u00e1nea del circuito a trav\u00e9s de su tel\u00e9fono m\u00f3vil. Para ello, se requiere la aplicaci\u00f3n gratuita Home+Control Legrand, compatible con iOS y Android, que proporciona la informaci\u00f3n en tiempo real.<\/p>\n<p>Asimismo, la aplicaci\u00f3n agrupa los elementos de iluminaci\u00f3n y realiza una diferenciaci\u00f3n de cada toma individualmente por nombre y color. Por otro lado, los usuarios pueden establecer notificaciones y alertas para desactivar los dispositivos seleccionados en el caso de que se excedan los par\u00e1metros marcados por el usuario.<\/p>\n<h2>Caracter\u00edsticas t\u00e9cnicas<\/h2>\n<p>La instalaci\u00f3n del m\u00f3dulo de medida se realiza en el carril DIN del cuadro el\u00e9ctrico del hogar. De esta forma, puede interactuar tanto en la instalaci\u00f3n general como en cualquier espacio, como una l\u00ednea de alimentaci\u00f3n de un veh\u00edculo el\u00e9ctrico, entre otras opciones.<\/p>\n<p>El m\u00f3dulo es capaz de medir una potencia de hasta 15 kW, al tiempo que cuenta con un indicador LED para comprobar el correcto funcionamiento del dispositivo. Tambi\u00e9n dispone de un pulsador de reset para reiniciar el m\u00f3dulo.<\/p>\n<p>En caso de que detecte un consumo excesivo de alg\u00fan aparato de la instalaci\u00f3n, procede a desactivar el dispositivo tras mandar una alerta.<\/p>\n<p>La entrada <a rel=\"nofollow\" href=\"https:\/\/www.casadomo.com\/2019\/11\/20\/modulo-medida-conectado-legrand-permite-conocer-situacion-instalacion-electrica-tiempo-real\">El m\u00f3dulo de medida conectado de Legrand permite conocer la situaci\u00f3n de la instalaci\u00f3n el\u00e9ctrica en tiempo real<\/a> aparece primero en <a rel=\"nofollow\" href=\"https:\/\/www.casadomo.com\/\">CASADOMO<\/a>.<\/p>\n<\/div>\n","protected":false},"excerpt":{"rendered":"<p>Controlar el consumo energ\u00e9tico es fundamental para obtener el mayor ahorro tanto econ\u00f3mico como el\u00e9ctrico. El especialista en infraestructuras el\u00e9ctricas y digitales Legrand ha desarrollado y presentado su nuevo m\u00f3dulo de medida conectado de Valena Next with Netatmo. Los usuarios podr\u00e1n conocer en tiempo real el consumo energ\u00e9tico de todos los dispositivos de su hogar &hellip; <a href=\"https:\/\/domosistemas.com\/?p=10600\" class=\"more-link\">Sigue leyendo <span class=\"screen-reader-text\">El m\u00f3dulo de medida conectado de Legrand permite conocer la situaci\u00f3n de la instalaci\u00f3n el\u00e9ctrica en tiempo real<\/span><\/a><\/p>\n","protected":false},"author":1,"featured_media":0,"comment_status":"closed","ping_status":"closed","sticky":false,"template":"","format":"standard","meta":{"footnotes":""},"categories":[3],"tags":[],"class_list":["post-10600","post","type-post","status-publish","format-standard","hentry","category-casadomo-com"],"_links":{"self":[{"href":"https:\/\/domosistemas.com\/index.php?rest_route=\/wp\/v2\/posts\/10600","targetHints":{"allow":["GET"]}}],"collection":[{"href":"https:\/\/domosistemas.com\/index.php?rest_route=\/wp\/v2\/posts"}],"about":[{"href":"https:\/\/domosistemas.com\/index.php?rest_route=\/wp\/v2\/types\/post"}],"author":[{"embeddable":true,"href":"https:\/\/domosistemas.com\/index.php?rest_route=\/wp\/v2\/users\/1"}],"replies":[{"embeddable":true,"href":"https:\/\/domosistemas.com\/index.php?rest_route=%2Fwp%2Fv2%2Fcomments&post=10600"}],"version-history":[{"count":0,"href":"https:\/\/domosistemas.com\/index.php?rest_route=\/wp\/v2\/posts\/10600\/revisions"}],"wp:attachment":[{"href":"https:\/\/domosistemas.com\/index.php?rest_route=%2Fwp%2Fv2%2Fmedia&parent=10600"}],"wp:term":[{"taxonomy":"category","embeddable":true,"href":"https:\/\/domosistemas.com\/index.php?rest_route=%2Fwp%2Fv2%2Fcategories&post=10600"},{"taxonomy":"post_tag","embeddable":true,"href":"https:\/\/domosistemas.com\/index.php?rest_route=%2Fwp%2Fv2%2Ftags&post=10600"}],"curies":[{"name":"wp","href":"https:\/\/api.w.org\/{rel}","templated":true}]}}