{"id":10643,"date":"2019-11-27T10:02:53","date_gmt":"2019-11-27T10:02:53","guid":{"rendered":"https:\/\/domosistemas.com\/?p=10643"},"modified":"2019-11-27T10:02:53","modified_gmt":"2019-11-27T10:02:53","slug":"samsung-the-frame-se-actualiza-con-nuevos-marcos-para-favorecer-la-integracion-en-la-decoracion-del-hogar","status":"publish","type":"post","link":"https:\/\/domosistemas.com\/?p=10643","title":{"rendered":"Samsung The Frame se actualiza con nuevos marcos para favorecer la integraci\u00f3n en la decoraci\u00f3n del hogar"},"content":{"rendered":"<div>\n<p>\n      <img decoding=\"async\" src=\"https:\/\/i.blogs.es\/01bc30\/the-frame-2\/1024_2000.jpg\" alt=\"Samsung The Frame se actualiza con nuevos marcos para favorecer la integraci\u00f3n en la decoraci\u00f3n del hogar\">\n    <\/p>\n<p>En el mercado televisivo el dise\u00f1o es un aspecto que cada vez valoran m\u00e1s los compradores de un televisor. Y de entre todos los modelos y gamas que podemos encontrar, hay dos que de forma clara se diferencia del resto y ambas se encuentran en el cat\u00e1logo de Samsung: se trata de las familias de <em>Smart<\/em> TV etiquetadas bajo la firma <strong>The Frame y Serif<\/strong>. <\/p>\n<p><!-- BREAK 1 --><\/p>\n<p>Dos gamas que a lo largo de 2019 han visto c\u00f3mo llegaban novedades y que <strong>de cara a 2020 se actualizan con nuevos marcos<\/strong> que ahora llegan ofreciendo m\u00e1s colores entre los que elegir y m\u00e1s fondos disponibles para mostrar. <!--more--><\/p>\n<p><!-- BREAK 2 --><\/p>\n<div class=\"article-asset-image article-asset-normal\">\n<div class=\"asset-content\"> <img decoding=\"async\" alt=\"The Frame 1\" src=\"https:\/\/i.blogs.es\/76b9cd\/the-frame-1\/450_1000.jpg\"> <\/div>\n<\/div>\n<p>Desde que fueron lanzados en 2017, <a href=\"https:\/\/www.trendencias.com\/tecnologia\/probamos-television-pensada-para-que-aman-diseno-nos-pedimos-asi-modo-cuadro-samsung-frame\">Samsung The Frame<\/a> ha visto llegar algunas mejoras que han tratado de dar al televisor un mayor grado de personalizaci\u00f3n. Ahora con <strong>los nuevos biseles que la marca coreana est\u00e1 a\u00f1adiendo<\/strong> a la colecci\u00f3n se favorece la integraci\u00f3n en la decoraci\u00f3n del hogar.<\/p>\n<p><!-- BREAK 3 --><\/p>\n<p>Samsung The Frame cuenta ahora con nuevos <strong>biseles en color \u00abRojo Borgo\u00f1a\u00bb y \u00abClay Beige\u00bb<\/strong>, tonalidades que se suman a los colores ya cl\u00e1sicos como son blanco, negro, marr\u00f3n y beige. Un marco que los propietarios pueden cambiar a su antojo.<\/p>\n<p><!-- BREAK 4 --><\/p>\n<div class=\"article-asset-image article-asset-normal\">\n<div class=\"asset-content\"> <img decoding=\"async\" alt=\"Colores\" src=\"https:\/\/i.blogs.es\/b5fc6c\/colores\/450_1000.jpg\"> <\/div>\n<\/div>\n<p>Una mejora que se suma a la que vimos hace poco cuando a\u00f1adieron una <strong>nueva colecci\u00f3n de arte en sus televisores<\/strong> The Frame gracias a un acuerdo con el <a href=\"https:\/\/www.xatakahome.com\/televisores\/samsung-amplia-colecciones-arte-sus-televisores-the-frame-gracias-a-acuerdo-museo-hermitage-san-petersburgo\">museo Hermitage de San Petersburgo<\/a>, una m\u00e1s desde que <a href=\"https:\/\/www.xatakahome.com\/televisores\/the-frame-televisor-artistico-samsung-que-se-convierte-cuadro-cuando-no-se-usa-llega-al-mercado-europeo\">llegaron a Europa<\/a> en 2018.<\/p>\n<p><!-- BREAK 5 --><\/p>\n<div class=\"desvio-container\">\n<div class=\"desvio\">\n<div class=\"desvio-figure js-desvio-figure\">\n   <a href=\"https:\/\/www.trendencias.com\/tecnologia\/probamos-television-pensada-para-que-aman-diseno-nos-pedimos-asi-modo-cuadro-samsung-frame\" target=\"_blank\" rel=\"noopener noreferrer\"><br \/>\n    <img decoding=\"async\" src=\"https:\/\/i.blogs.es\/8d1694\/samsungframe\/375_142.jpg\" alt='Probamos la televisi\u00f3n pensada para los que aman el dise\u00f1o... y nos la pedimos: as\u00ed es el \"modo cuadro\" de la Samsung Frame'><br \/>\n   <\/a>\n  <\/div>\n<div class=\"desvio-summary\">\n<div class=\"desvio-taxonomy js-desvio-taxonomy\">\n    <a href=\"https:\/\/www.trendencias.com\/tecnologia\/probamos-television-pensada-para-que-aman-diseno-nos-pedimos-asi-modo-cuadro-samsung-frame\" class=\"desvio-taxonomy-anchor m-crosspost\" target=\"_blank\" rel=\"noopener noreferrer\">En Trendencias<\/a>\n   <\/div>\n<p>   <a href=\"https:\/\/www.trendencias.com\/tecnologia\/probamos-television-pensada-para-que-aman-diseno-nos-pedimos-asi-modo-cuadro-samsung-frame\" class=\"desvio-title js-desvio-title\" target=\"_blank\" rel=\"noopener noreferrer\">Probamos la televisi\u00f3n pensada para los que aman el dise\u00f1o&#8230; y nos la pedimos: as\u00ed es el \u00abmodo cuadro\u00bb de la Samsung Frame<\/a>\n  <\/div>\n<\/p><\/div>\n<\/div>\n<p>El Samsung The Frame est\u00e1 disponible con <strong>diagonales que van desde las 43 a las 65 pulgadas<\/strong> y este a\u00f1o ha estrenado paneles LCD 4K con la tecnolog\u00eda <a href=\"https:\/\/www.xataka.com\/tag\/qled\">QLED<\/a> <strong>(Quantum Dot Light Emitting Diode)<\/strong> que tan buen resultado le est\u00e1 dando en sus televisores de gama media y alta. <\/p>\n<p><!-- BREAK 6 --><\/p>\n<h2>Precio y disponibilidad<\/h2>\n<p>Recordar que el Samsung The Frame, tiene un precio que comienza a partir de <strong>999,99 euros<\/strong> y con tama\u00f1os de 43, 49, 55 y 65 pulgadas en un modelo que tiene un precio de <strong>1.999 euros<\/strong>.<\/p>\n<p><!-- BREAK 7 --><\/p>\n<p>Fuente |\u00a0<a href=\"https:\/\/www.flatpanelshd.com\/news.php?subaction=showfull&#038;id=1574830802\">FlatPanels<\/a><br \/>\nM\u00e1s informaci\u00f3n |\u00a0<a href=\"https:\/\/www.samsung.com\/es\/tvs\/the-frame\/design\/\">Samsung<\/a><\/p>\n<p><!-- BREAK 8 --><\/p>\n<h4>Tambi\u00e9n te recomendamos<\/h4>\n<p>\n        <a href=\"https:\/\/www.xatakahome.com\/televisores\/samsung-amplia-colecciones-arte-sus-televisores-the-frame-gracias-a-acuerdo-museo-hermitage-san-petersburgo?utm_source=recommended&#038;utm_medium=feed&#038;utm_campaign=27_Nov_2019\"><br \/>\n            Samsung ampl\u00eda las colecciones de arte en sus televisores The Frame gracias a un acuerdo con el museo Hermitage de San Petersburgo<br \/>\n        <\/a>\n    <\/p>\n<p>\n        <a href=\"https:\/\/www.xatakahome.com\/televisores\/space-monitor-samsung-llegan-a-espana-estas-sus-caracteristicas-precios-oficiales?utm_source=recommended&#038;utm_medium=feed&#038;utm_campaign=27_Nov_2019\"><br \/>\n            Los Space Monitor de Samsung llegan a Espa\u00f1a y estas son sus caracter\u00edsticas y precios oficiales<br \/>\n        <\/a>\n    <\/p>\n<p>\n        <a href=\"https:\/\/www.xatakahome.com\/televisores\/llegan-a-marcados-televisores-serif-the-frame-para-este-ano-2019-samsung-mejora-imagen-tecnologia-qled?utm_source=recommended&#038;utm_medium=feed&#038;utm_campaign=27_Nov_2019\"><br \/>\n            Llegan los televisores Serif y The Frame para este a\u00f1o 2019: Samsung mejora la imagen con la tecnolog\u00eda QLED<br \/>\n        <\/a>\n    <\/p>\n<p> &#8211; <br \/> La noticia<br \/>\n       <a href=\"https:\/\/www.xatakahome.com\/televisores\/samsung-the-frame-se-actualiza-nuevos-marcos-para-favorecer-integracion-decoracion-hogar?utm_source=feedburner&#038;utm_medium=feed&#038;utm_campaign=27_Nov_2019\"><br \/>\n        <em> Samsung The Frame se actualiza con nuevos marcos para favorecer la integraci\u00f3n en la decoraci\u00f3n del hogar <\/em><br \/>\n       <\/a><br \/>\n       fue publicada originalmente en<br \/>\n       <a href=\"https:\/\/www.xatakahome.com\/?utm_source=feedburner&#038;utm_medium=feed&#038;utm_campaign=27_Nov_2019\"><br \/>\n        <strong> Xataka Smart Home <\/strong><br \/>\n       <\/a><br \/>\n              por <a href=\"https:\/\/www.xatakahome.com\/autor\/jose-antonio-carmona?utm_source=feedburner&#038;utm_medium=feed&#038;utm_campaign=27_Nov_2019\"><br \/>\n        Jose Antonio<br \/>\n       <\/a><br \/>\n       . <\/p>\n<div class=\"feedflare\">\n<a href=\"http:\/\/feeds.weblogssl.com\/~ff\/Xatakahome?a=CQ076n9lGQU:PHOZnZ3p2zM:yIl2AUoC8zA\"><img decoding=\"async\" src=\"http:\/\/feeds.feedburner.com\/~ff\/Xatakahome?d=yIl2AUoC8zA\" border=\"0\"><\/a>\n<\/div>\n<p><img loading=\"lazy\" decoding=\"async\" src=\"http:\/\/feeds.feedburner.com\/~r\/Xatakahome\/~4\/CQ076n9lGQU\" height=\"1\" width=\"1\" alt=\"\"><\/div>\n","protected":false},"excerpt":{"rendered":"<p>En el mercado televisivo el dise\u00f1o es un aspecto que cada vez valoran m\u00e1s los compradores de un televisor. Y de entre todos los modelos y gamas que podemos encontrar, hay dos que de forma clara se diferencia del resto y ambas se encuentran en el cat\u00e1logo de Samsung: se trata de las familias de &hellip; <a href=\"https:\/\/domosistemas.com\/?p=10643\" class=\"more-link\">Sigue leyendo <span class=\"screen-reader-text\">Samsung The Frame se actualiza con nuevos marcos para favorecer la integraci\u00f3n en la decoraci\u00f3n del hogar<\/span><\/a><\/p>\n","protected":false},"author":1,"featured_media":0,"comment_status":"closed","ping_status":"closed","sticky":false,"template":"","format":"standard","meta":{"footnotes":""},"categories":[8],"tags":[],"class_list":["post-10643","post","type-post","status-publish","format-standard","hentry","category-xataka"],"_links":{"self":[{"href":"https:\/\/domosistemas.com\/index.php?rest_route=\/wp\/v2\/posts\/10643","targetHints":{"allow":["GET"]}}],"collection":[{"href":"https:\/\/domosistemas.com\/index.php?rest_route=\/wp\/v2\/posts"}],"about":[{"href":"https:\/\/domosistemas.com\/index.php?rest_route=\/wp\/v2\/types\/post"}],"author":[{"embeddable":true,"href":"https:\/\/domosistemas.com\/index.php?rest_route=\/wp\/v2\/users\/1"}],"replies":[{"embeddable":true,"href":"https:\/\/domosistemas.com\/index.php?rest_route=%2Fwp%2Fv2%2Fcomments&post=10643"}],"version-history":[{"count":0,"href":"https:\/\/domosistemas.com\/index.php?rest_route=\/wp\/v2\/posts\/10643\/revisions"}],"wp:attachment":[{"href":"https:\/\/domosistemas.com\/index.php?rest_route=%2Fwp%2Fv2%2Fmedia&parent=10643"}],"wp:term":[{"taxonomy":"category","embeddable":true,"href":"https:\/\/domosistemas.com\/index.php?rest_route=%2Fwp%2Fv2%2Fcategories&post=10643"},{"taxonomy":"post_tag","embeddable":true,"href":"https:\/\/domosistemas.com\/index.php?rest_route=%2Fwp%2Fv2%2Ftags&post=10643"}],"curies":[{"name":"wp","href":"https:\/\/api.w.org\/{rel}","templated":true}]}}