{"id":11983,"date":"2020-06-24T02:00:25","date_gmt":"2020-06-24T02:00:25","guid":{"rendered":"https:\/\/domosistemas.com\/?p=11983"},"modified":"2020-06-24T02:00:25","modified_gmt":"2020-06-24T02:00:25","slug":"datos-para-gestion-inteligente-resiliencia-digital-frente-al-covid-19-y-descarbonizacion-seran-protagonistas-del-vi-congreso-ciudades-inteligentes","status":"publish","type":"post","link":"https:\/\/domosistemas.com\/?p=11983","title":{"rendered":"Datos para gesti\u00f3n inteligente, resiliencia digital frente al COVID-19 y descarbonizaci\u00f3n ser\u00e1n protagonistas del VI Congreso Ciudades Inteligentes"},"content":{"rendered":"<div>\n<p>El <a href=\"https:\/\/www.congreso-ciudades-inteligentes.es\/\" target=\"_blank\" rel=\"noopener noreferrer\">VI Congreso Ciudades Inteligentes<\/a> ya tiene un programa definido para su celebraci&oacute;n el 15 de septiembre en el espacio La Nave del Ayuntamiento de Madrid, que como novedad este a&ntilde;o se celebrar&aacute; simult&aacute;neamente de manera presencial y online. Organizado por <a href=\"https:\/\/www.grupotecmared.es\/\" target=\"_blank\" rel=\"noopener noreferrer\">Grupo Tecma Red<\/a>, con el apoyo institucional de la Secretar&iacute;a de Estado de Digitalizaci&oacute;n e Inteligencia Artificial (SEDIA) y Red.es, del Ministerio de Asuntos Econ&oacute;micos y Transformaci&oacute;n Digital, el evento de referencia sobre las Ciudades y Territorios Inteligentes en Espa&ntilde;a se celebrar&aacute; bajo el lema &ldquo;Descarbonizar, Digitalizar y Distribuir: Retos de futuro de las ciudades hacia el 2050&rdquo;. El programa se defini&oacute; el pasado 18 de junio en una reuni&oacute;n del Comit&eacute; T&eacute;cnico celebrada online y est&aacute; caracterizado por una gran variedad de tem&aacute;ticas, con ejemplos de proyectos de ciudades e iniciativas p&uacute;blicas y privadas ya en marcha.<\/p>\n<figure id=\"attachment_77575\" aria-describedby=\"caption-attachment-77575\" style=\"width: 800px\" class=\"wp-caption aligncenter\"><img loading=\"lazy\" decoding=\"async\" class=\"size-full wp-image-77575\" src=\"https:\/\/static.casadomo.com\/media\/2020\/06\/6-congreso-ciudades-inteligentes-lanzamiento-programa-foto-familia.png\" alt=\"Foto de familia del Comit&eacute; T&eacute;cnico\" width=\"800\" height=\"485\" srcset=\"https:\/\/static.casadomo.com\/media\/2020\/06\/6-congreso-ciudades-inteligentes-lanzamiento-programa-foto-familia.png 800w, https:\/\/static.casadomo.com\/media\/2020\/06\/6-congreso-ciudades-inteligentes-lanzamiento-programa-foto-familia-300x182.png 300w, https:\/\/static.casadomo.com\/media\/2020\/06\/6-congreso-ciudades-inteligentes-lanzamiento-programa-foto-familia-768x466.png 768w, https:\/\/static.casadomo.com\/media\/2020\/06\/6-congreso-ciudades-inteligentes-lanzamiento-programa-foto-familia-180x109.png 180w\" sizes=\"auto, (max-width: 800px) 100vw, 800px\"><figcaption id=\"caption-attachment-77575\" class=\"wp-caption-text\">Miembros del Comit&eacute; T&eacute;cnico del VI Congreso Ciudades Inteligentes durante la segunda reuni&oacute;n.<\/figcaption><\/figure>\n<p>Esta sexta edici&oacute;n se realiza en un momento clave, despu&eacute;s de la situaci&oacute;n vivida en estos &uacute;ltimos meses, donde la tecnolog&iacute;a ha jugado un papel fundamental. En ese sentido, los contenidos del Congreso se centrar&aacute;n en temas de car&aacute;cter social, medioambiental, energ&eacute;tico y de gesti&oacute;n urbana, destacando la efectividad de las smart cities frente al COVID-19, as&iacute; como las oportunidades del uso de los datos y la nube para la gesti&oacute;n inteligente de las ciudades.<\/p>\n<h2>Programa del VI Congreso Ciudades Inteligentes<\/h2>\n<p>El Comit&eacute; T&eacute;cnico ha celebrado su segunda reuni&oacute;n del VI Congreso Ciudades inteligentes para definir el <a href=\"https:\/\/www.congreso-ciudades-inteligentes.es\/programa\/\" target=\"_blank\" rel=\"noopener noreferrer\">programa<\/a> del evento. En el encuentro se valoraron las 94 Comunicaciones y Proyectos de Ciudad Inteligente presentados y se confeccion&oacute; el programa definitivo.<\/p>\n<figure id=\"attachment_77576\" aria-describedby=\"caption-attachment-77576\" style=\"width: 800px\" class=\"wp-caption aligncenter\"><img loading=\"lazy\" decoding=\"async\" class=\"size-full wp-image-77576\" src=\"https:\/\/static.casadomo.com\/media\/2020\/06\/6-congreso-ciudades-inteligentes-lanzamiento-programa-reunion.png\" alt=\"Reuni&oacute;n del Comit&eacute; T&eacute;cnico\" width=\"800\" height=\"551\" srcset=\"https:\/\/static.casadomo.com\/media\/2020\/06\/6-congreso-ciudades-inteligentes-lanzamiento-programa-reunion.png 800w, https:\/\/static.casadomo.com\/media\/2020\/06\/6-congreso-ciudades-inteligentes-lanzamiento-programa-reunion-300x207.png 300w, https:\/\/static.casadomo.com\/media\/2020\/06\/6-congreso-ciudades-inteligentes-lanzamiento-programa-reunion-768x529.png 768w, https:\/\/static.casadomo.com\/media\/2020\/06\/6-congreso-ciudades-inteligentes-lanzamiento-programa-reunion-180x124.png 180w\" sizes=\"auto, (max-width: 800px) 100vw, 800px\"><figcaption id=\"caption-attachment-77576\" class=\"wp-caption-text\">El Comit&eacute; T&eacute;cnico del VI Congreso Ciudades Inteligentes seleccion&oacute; en la segunda reuni&oacute;n las ponencias orales.<\/figcaption><\/figure>\n<p>Los contenidos ser&aacute;n muy variados y estar&aacute;n caracterizados por su actualidad y la m&aacute;xima relevancia, con un enfoque muy pr&aacute;ctico. Habr&aacute; Conferencias Magistrales impartidas por diversas Administraciones P&uacute;blicas de referencia, dos Mesas Redondas sobre tem&aacute;ticas estrat&eacute;gicas para las Ciudades y Territorios Inteligentes, y la exposici&oacute;n de diversas Ponencias Orales seleccionadas del Llamamiento de Comunicaciones y Proyectos de Ciudad Inteligente.<\/p>\n<p>Tanto en la inauguraci&oacute;n como en la clausura, el Congreso tendr&aacute; una alta representaci&oacute;n institucional, con representantes de apoyos y colaboradores institucionales.<\/p>\n<p>Las Mesas Redondas se centrar&aacute;n en diversos aspectos estrat&eacute;gicos para el desarrollo y fomento de las Ciudades y Territorios Inteligentes en la actualidad:<\/p>\n<ul>\n<li>La primera Mesa Redonda tendr&aacute; el t&iacute;tulo &ldquo;Retos y oportunidades del empleo intensivo del cloud y los datos para la gesti&oacute;n inteligente de las ciudades: un nuevo modelo de prestaci&oacute;n de servicios p&uacute;blicos&rdquo;. Se debatir&aacute; sobre el uso de los datos y la nube por las autoridades p&uacute;blicas para mejorar las eficiencias hacia una gesti&oacute;n inteligente de las ciudades y ofrecer un nuevo modelo de prestaci&oacute;n de servicios p&uacute;blicos, m&aacute;s personalizados y proactivos, impulsando el empleo de modelos B2G, y mejorando el bienestar ciudadano y la sostenibilidad urbana. En concreto, esta mesa analizar&aacute; el papel que han desempe&ntilde;ado y pueden desempe&ntilde;ar los datos de las ciudades para contribuir a la gesti&oacute;n de situaciones como la creada por el COVID-19, en &aacute;mbitos como la movilidad y la salud.<\/li>\n<li>Con el t&iacute;tulo &ldquo;Resiliencia Digital: Efectividad de las ciudades inteligentes frente al COVID-19&rdquo;, la segunda Mesa Redonda analizar&aacute; si la transformaci&oacute;n inteligente de nuestras ciudades nos ha preparado para situaciones tan poco previstas como el COVID-19, y se intentar&aacute; responder a cuestiones como las siguientes: si son las TICs el principal valor que podr&iacute;a minimizar los efectos de la pandemia, si es necesario repensar nuestros modelos actuales de ciudades inteligentes y si realmente la tecnolog&iacute;a puede ayudar a la recuperaci&oacute;n.<\/li>\n<\/ul>\n<p>El programa se completar&aacute; con 15 Ponencias Orales, seleccionadas por el Comit&eacute; T&eacute;cnico de entre las 94 comunicaciones finales recibidas en el Llamamiento de Comunicaciones y Proyectos de Ciudad Inteligente. Algunas de ellas mostrar&aacute;n Proyectos de Ciudad Inteligente, presentados por los Ayuntamientos de las ciudades donde se desarrollan. Otras ponencias est&aacute;n relacionadas con algunas de las &aacute;reas tem&aacute;ticas del Congreso, como Participaci&oacute;n Ciudadana e Innovaci&oacute;n Social, Dise&ntilde;o Urbano y Accesibilidad, Transporte y Movilidad, Redes El&eacute;ctricas Inteligentes y Energ&iacute;as Renovables, Medioambiente Urbano, Transformaci&oacute;n Digital, Seguridad, Destinos Tur&iacute;sticos Inteligentes y Territorios Rurales Inteligentes.<\/p>\n<p>El Libro de Comunicaciones y Proyectos de Ciudad Inteligente del Congreso, que se entregar&aacute; a todos los asistentes, incluir&aacute; las 77 propuestas seleccionadas para su publicaci&oacute;n por el Comit&eacute; T&eacute;cnico que mostrar&aacute;n las numerosas experiencias sobre Ciudades y Territorios inteligentes en Espa&ntilde;a. Todas ellas ser&aacute;n tambi&eacute;n incluidas entre las 93 que ser&aacute;n publicadas en formato digital a trav&eacute;s del portal <a href=\"https:\/\/www.esmartcity.es\/\" target=\"_blank\" rel=\"noopener noreferrer\">ESMARTCITY<\/a> despu&eacute;s de la celebraci&oacute;n del evento.<\/p>\n<h2>Participaci&oacute;n presencial y online completa y participativa<\/h2>\n<p>La asistencia presencial al VI Congreso Ciudades Inteligentes se adaptar&aacute; para cumplir estrictamente con todas las recomendaciones sanitarias en el momento de celebraci&oacute;n del Congreso ante las circunstancias derivadas del COVID-19.<\/p>\n<figure id=\"attachment_77573\" aria-describedby=\"caption-attachment-77573\" style=\"width: 800px\" class=\"wp-caption aligncenter\"><img loading=\"lazy\" decoding=\"async\" class=\"size-full wp-image-77573\" src=\"https:\/\/static.casadomo.com\/media\/2020\/06\/6-congreso-ciudades-inteligentes-lanzamiento-programa-app-qr.png\" alt=\"App y QR\" width=\"800\" height=\"565\" srcset=\"https:\/\/static.casadomo.com\/media\/2020\/06\/6-congreso-ciudades-inteligentes-lanzamiento-programa-app-qr.png 800w, https:\/\/static.casadomo.com\/media\/2020\/06\/6-congreso-ciudades-inteligentes-lanzamiento-programa-app-qr-300x212.png 300w, https:\/\/static.casadomo.com\/media\/2020\/06\/6-congreso-ciudades-inteligentes-lanzamiento-programa-app-qr-768x542.png 768w, https:\/\/static.casadomo.com\/media\/2020\/06\/6-congreso-ciudades-inteligentes-lanzamiento-programa-app-qr-180x127.png 180w\" sizes=\"auto, (max-width: 800px) 100vw, 800px\"><figcaption id=\"caption-attachment-77573\" class=\"wp-caption-text\">La App del VI Congreso Ciudades inteligentes se puede descargar mediante QR.<\/figcaption><\/figure>\n<p>Asimismo, como novedad en esta edici&oacute;n se ofrecer&aacute; la participaci&oacute;n online para satisfacer las necesidades de los congresistas que quieran participar de forma activa en los Congresos, pero no puedan asistir f&iacute;sicamente. Los congresistas online podr&aacute;n disfrutar del seguimiento del congreso por streaming, realizar preguntas a los ponentes, descargar el Libro de Comunicaciones y Proyectos del Congreso, acceder al contenido de las empresas patrocinadoras y contactar directamente con ellas, entre otras opciones.<\/p>\n<p>Adem&aacute;s, con el fin de ofrecer la mejor experiencia posible para todos los asistentes, tanto online como offline, se ha desarrollado una App que complementar&aacute; los servicios de la web y ser&aacute; una herramienta de informaci&oacute;n y comunicaci&oacute;n. La App se puede descargar en <a href=\"https:\/\/apps.apple.com\/app\/id1505380006\" target=\"_blank\" rel=\"noopener noreferrer\">App Store<\/a> (iPhone) y <a href=\"https:\/\/play.google.com\/store\/apps\/details?id=es.grupotecmared.congresoci62020\" target=\"_blank\" rel=\"noopener noreferrer\">Play Store<\/a> (Android).<\/p>\n<p>&ldquo;El objetivo con esta transformaci&oacute;n del formato es conectar el mundo off-line con el mundo online. En el momento actual, resulta imprescindible el intercambio de conocimiento y la difusi&oacute;n de experiencias innovadoras en relaci&oacute;n con las ciudades y territorios inteligentes. Tambi&eacute;n hemos valorado que, como congreso de referencia en Espa&ntilde;a, tenemos la responsabilidad de trasmitir al sector un mensaje positivo y de optimismo, dando visibilidad a instituciones y empresas que siguen trabajando y lanzando nuevas iniciativas. Ejemplo de ello, son las m&aacute;s de 150 propuestas de comunicaciones que hemos recibido para conformar el programa del Congreso que se celebra el 15 de septiembre&rdquo;, apunta In&eacute;s Leal, Directora del Congreso Ciudades Inteligentes.<\/p>\n<h2>Abierto el plazo de inscripci&oacute;n<\/h2>\n<p>La inscripci&oacute;n presencial del Congreso estar&aacute; abierta hasta el 10 de septiembre, si antes no se completa el aforo, mientras que la inscripci&oacute;n online se podr&aacute; realizar hasta el mismo d&iacute;a del evento: 15 de septiembre de 2020. En ambas modalidades, existen condiciones especiales para las entidades de Apoyo Institucional, Redes de Ciudades, Entidades Colaboradoras y Empresas Patrocinadoras. Adem&aacute;s, hay descuentos especiales para estudiantes, profesionales menores de 30 a&ntilde;os y desempleados (plazas limitadas). Para m&aacute;s informaci&oacute;n e inscripci&oacute;n al Congreso dirigirse a la web <a href=\"http:\/\/www.congreso-ciudades-inteligentes.es\/inscripciones\" target=\"_blank\" rel=\"noopener noreferrer\">www.congreso-ciudades-inteligentes.es\/inscripciones<\/a><\/p>\n<p>El VI Congreso Ciudades Inteligentes es un evento multidisciplinar dirigido a todos los profesionales relacionados con las Ciudades y Territorios Inteligentes: Administraci&oacute;n P&uacute;blica, Arquitectos\/Ingenieros\/Urbanistas, Proveedores de Soluciones y Sistemas, I+D+i, Centros Tecnol&oacute;gicos\/Asociaciones, Usuarios\/ONG, Universidades\/Centros de Formaci&oacute;n, etc.<\/p>\n<h2>Apoyo institucional, comit&eacute; t&eacute;cnico, colaboradores y patrocinadores<\/h2>\n<p>Hasta el momento han confirmado la colaboraci&oacute;n y patrocinio las siguientes entidades:<\/p>\n<ul>\n<li><u>Organiza<\/u>: Grupo Tecma Red<\/li>\n<li><u>Apoyo Institucional<\/u>: Secretar&iacute;a de Estado de Digitalizaci&oacute;n e Inteligencia Artificial (SEDIA) y Red.es, del Ministerio de Asuntos Econ&oacute;micos y Transformaci&oacute;n Digital<\/li>\n<li><u>Colaboraci&oacute;n Institucional<\/u>: Ayuntamiento de Madrid, Federaci&oacute;n Espa&ntilde;ola de Municipios y Provincias FEMP, Ministerio de Transportes Movilidad y Agenda Urbana, Ministerio para la Transici&oacute;n Ecol&oacute;gica y el Reto Demogr&aacute;fico (a trav&eacute;s de la Oficina Espa&ntilde;ola de Cambio Clim&aacute;tico OECC), Ministerio de Derechos Sociales y Agenda 2030 (a trav&eacute;s de CEAPAT-IMSERSO) y la Secretar&iacute;a de Estado de Turismo del Ministerio de Industria, Comercio y Turismo (a trav&eacute;s de SEGITTUR)<\/li>\n<li><u>Redes Colaboradoras<\/u>: Red Espa&ntilde;ola de Ciudades Inteligentes (RECI), Red de Ciudades Ciencia e Innovaci&oacute;n (Red Innpulso), Red de Destinos Tur&iacute;sticos Inteligentes (Red DTI) y Red de Iniciativas Urbanas (RIU)<\/li>\n<li><u>Comit&eacute; T&eacute;cnico<\/u>: Secretar&iacute;a de Estado de Digitalizaci&oacute;n e Inteligencia Artificial (SEDIA), Red.es, Ministerio de Transportes Movilidad y Agenda Urbana, OECC del Ministerio para la Transici&oacute;n Ecol&oacute;gica y el Reto Demogr&aacute;fico, SEGITTUR, FEMP, Ayuntamiento de Madrid, RECI, Red Innpulso, CDTI, CEAPAT-IMSERSO del Ministerio de Derechos Sociales y Agenda 2030, AMETIC, CSCAE, CGCOII, CICCP, COIT, CCII, CONCITI, UNE, FutuRed, CEDER-CIEMAT, PESI, CREFAB, UN, IFMA Espa&ntilde;a, Itron y Grupo Tecma Red<\/li>\n<li><u>Patrocinio Platino<\/u>: Itron<\/li>\n<li><u>Patrocinio Oro<\/u>: Geotab<\/li>\n<li><u>Patrocinio Plata<\/u>: Ikusi<\/li>\n<li><u>Colaboradores<\/u>: a3e, ACA, ADHAC, AEDIP, Advantage Austria, AES, AFBEL, AFEC, Agremia, ALI, AMETIC, AMI, ANERR, ANESE, AOTEC, APTE, ASA, ASEJA, ASHRAE, AVS, BREEAM, Building Smart Spanish Chapter, AHK, C&aacute;mara de Comercio Hispano-Danesa, C&aacute;mara de Comercio Hispano-Noruega, CARTIF, CDTI, CCII, CECU, CEDOM, CENER, CAFMadrid, CGATE, CONCITI, CGCOII, Cities Forum, Cl&uacute;ster de Movilidad y Log&iacute;stica de Euskadi, CSCAE, COIT, COITT-AEGITT, COSITAL, DOMOTYS, EMVS, ENERAGEN, FECOTEL, FENITEL, Fundaci&oacute;n Chile-Espa&ntilde;a, Fundaci&oacute;n ONCE, FutuRed, GBCe, IBSTT, IFMA Espa&ntilde;a, IMDEA Energ&iacute;a, Inst. CC. Eduardo Torroja, KNX Espa&ntilde;a, LEITAT, Lonmark Espa&ntilde;a, Madrid Network, PESI, PLANETIC, PTC, SECARTYS, SERCOBE, Smart City Cl&uacute;ster, SmartLivingPlat, TECNALIA y UDP<\/li>\n<\/ul>\n<p>La entrada <a rel=\"nofollow\" href=\"https:\/\/www.casadomo.com\/2020\/06\/24\/datos-gestion-inteligente-resiliencia-digital-frente-covid-19-descarbonizacion-seran-protagonistas-6-congreso-ciudades-inteligentes\">Datos para gesti&oacute;n inteligente, resiliencia digital frente al COVID-19 y descarbonizaci&oacute;n ser&aacute;n protagonistas del VI Congreso Ciudades Inteligentes<\/a> aparece primero en <a rel=\"nofollow\" href=\"https:\/\/www.casadomo.com\/\">CASADOMO<\/a>.<\/p>\n<\/div>\n","protected":false},"excerpt":{"rendered":"<p>El VI Congreso Ciudades Inteligentes ya tiene un programa definido para su celebraci&oacute;n el 15 de septiembre en el espacio La Nave del Ayuntamiento de Madrid, que como novedad este a&ntilde;o se celebrar&aacute; simult&aacute;neamente de manera presencial y online. Organizado por Grupo Tecma Red, con el apoyo institucional de la Secretar&iacute;a de Estado de Digitalizaci&oacute;n &hellip; <a href=\"https:\/\/domosistemas.com\/?p=11983\" class=\"more-link\">Sigue leyendo <span class=\"screen-reader-text\">Datos para gesti\u00f3n inteligente, resiliencia digital frente al COVID-19 y descarbonizaci\u00f3n ser\u00e1n protagonistas del VI Congreso Ciudades Inteligentes<\/span><\/a><\/p>\n","protected":false},"author":1,"featured_media":0,"comment_status":"closed","ping_status":"closed","sticky":false,"template":"","format":"standard","meta":{"footnotes":""},"categories":[3],"tags":[],"class_list":["post-11983","post","type-post","status-publish","format-standard","hentry","category-casadomo-com"],"_links":{"self":[{"href":"https:\/\/domosistemas.com\/index.php?rest_route=\/wp\/v2\/posts\/11983","targetHints":{"allow":["GET"]}}],"collection":[{"href":"https:\/\/domosistemas.com\/index.php?rest_route=\/wp\/v2\/posts"}],"about":[{"href":"https:\/\/domosistemas.com\/index.php?rest_route=\/wp\/v2\/types\/post"}],"author":[{"embeddable":true,"href":"https:\/\/domosistemas.com\/index.php?rest_route=\/wp\/v2\/users\/1"}],"replies":[{"embeddable":true,"href":"https:\/\/domosistemas.com\/index.php?rest_route=%2Fwp%2Fv2%2Fcomments&post=11983"}],"version-history":[{"count":0,"href":"https:\/\/domosistemas.com\/index.php?rest_route=\/wp\/v2\/posts\/11983\/revisions"}],"wp:attachment":[{"href":"https:\/\/domosistemas.com\/index.php?rest_route=%2Fwp%2Fv2%2Fmedia&parent=11983"}],"wp:term":[{"taxonomy":"category","embeddable":true,"href":"https:\/\/domosistemas.com\/index.php?rest_route=%2Fwp%2Fv2%2Fcategories&post=11983"},{"taxonomy":"post_tag","embeddable":true,"href":"https:\/\/domosistemas.com\/index.php?rest_route=%2Fwp%2Fv2%2Ftags&post=11983"}],"curies":[{"name":"wp","href":"https:\/\/api.w.org\/{rel}","templated":true}]}}