{"id":11988,"date":"2020-06-24T10:18:19","date_gmt":"2020-06-24T10:18:19","guid":{"rendered":"https:\/\/domosistemas.com\/?p=11988"},"modified":"2020-06-24T10:18:19","modified_gmt":"2020-06-24T10:18:19","slug":"los-airpods-pro-seran-compatibles-con-sonido-7-1-virtual-y-contaran-con-emparejamiento-automatico","status":"publish","type":"post","link":"https:\/\/domosistemas.com\/?p=11988","title":{"rendered":"Los AirPods Pro ser\u00e1n compatibles con sonido 7.1 virtual y contar\u00e1n con emparejamiento autom\u00e1tico"},"content":{"rendered":"<div>\n<p>\n      <img decoding=\"async\" src=\"https:\/\/i.blogs.es\/84d974\/apple-7icnvpkmajq6oqxzdtwz3mh-970-80\/1024_2000.jpg\" alt=\"Los AirPods Pro ser&aacute;n compatibles con sonido 7.1 virtual y contar&aacute;n con emparejamiento autom&aacute;tico\">\n    <\/p>\n<p>Una de las novedades anunciadas en el <a href=\"https:\/\/www.xataka.com\/event\/apple-wwdc-2020-conferencia-directo-online-novedades\">WWDC 2020<\/a> (Apple Worldwide Developers Conference) ha estado relacionada con los auriculares <a href=\"https:\/\/www.xataka.com\/analisis\/airpods-pro-analisis-caracteristicas-precio-especificaciones\">AirPods Pro<\/a> y una <strong>futura actualizaci&oacute;n<\/strong> del software que permitir&aacute; a&ntilde;adir funcionalidades avanzadas relativas al <strong>audio multicanal<\/strong>.<\/p>\n<p><!-- BREAK 1 --><\/p>\n<p>Se trata de un <strong>nuevo firmware<\/strong>  para estos auriculares inal&aacute;mbricos que llegar&aacute; a finales de a&ntilde;o y que permitir&aacute; hacerlos compatibles con lo que el fabricante ha denominado <strong>Spatial Audio<\/strong> y que pretende mejorar la capacidad del dispositivo para representar audio envolvente de hasta <strong>7.1 canales<\/strong>.<!--more--><\/p>\n<p><!-- BREAK 2 --><\/p>\n<div class=\"article-asset-image article-asset-normal\">\n<div class=\"asset-content\"> <img decoding=\"async\" alt=\"Airpodsspatialaudio 2 Small\" src=\"https:\/\/i.blogs.es\/50369a\/airpodsspatialaudio_2_small-6\/450_1000.jpg\"> <\/div>\n<\/div>\n<p>La idea de Apple es que podamos utilizar los auriculares para ver cine, siendo compatibles con pistas de sonido de <strong>5.1 y 7.1 canales<\/strong> as&iacute; como con <strong>Dolby Atmos<\/strong>, a&ntilde;adiendo algunos extra interesantes  gracias a los sensores de posici&oacute;n incluidos bajo su carcasa.<\/p>\n<p><!-- BREAK 3 --><\/p>\n<p>Seg&uacute;n comentaron en la presentaci&oacute;n, los auriculares son capaces de utilizar conjuntamente <strong>los sensores en los auriculares junto con los aceler&oacute;metros y giroscopio<\/strong> de los m&oacute;viles para que, aunque movamos la cabeza, posicionen de forma m&aacute;s precisa la fuente del sonido identificando en cada momento cu&aacute;l es su procedencia y representado as&iacute; una mejor escena sonora.<\/p>\n<p><!-- BREAK 4 --><\/p>\n<div class=\"article-asset-image article-asset-normal\">\n<div class=\"asset-content\"> <img decoding=\"async\" alt=\"Airpodsspatialaudio Small\" src=\"https:\/\/i.blogs.es\/8f87fa\/airpodsspatialaudio_small-5\/450_1000.jpg\"> <\/div>\n<\/div>\n<p>Para ello el fabricante ha incorporado nuevos algoritmos de sonido espacial que tratan de replicar la experiencia inmersiva de una sala de cine y que se ayudan de una serie de filtros unidireccionales y el ajuste de las frecuencias que recibe cada uno de los drivers izquierdo y derecho logrando, en teor&iacute;a, un <strong>campo sonoro m&aacute;s extenso<\/strong>, algo que deberemos esperar a comprobar por nosotros mismos.<\/p>\n<p><!-- BREAK 5 --><\/p>\n<div class=\"desvio-container\">\n<div class=\"desvio\">\n<div class=\"desvio-figure js-desvio-figure\">\n   <a href=\"https:\/\/www.xataka.com\/analisis\/airpods-pro-analisis-caracteristicas-precio-especificaciones\" target=\"_blank\" rel=\"noopener noreferrer\"><br \/>\n    <img decoding=\"async\" src=\"https:\/\/i.blogs.es\/e48dc1\/airpods-pro-review-xataka-portada\/375_142.jpg\" alt=\"Airpods Pro, an&aacute;lisis: la cancelaci&oacute;n de ruido toma el control\"><br \/>\n   <\/a>\n  <\/div>\n<div class=\"desvio-summary\">\n<div class=\"desvio-taxonomy js-desvio-taxonomy\">\n    <a href=\"https:\/\/www.xataka.com\/analisis\/airpods-pro-analisis-caracteristicas-precio-especificaciones\" class=\"desvio-taxonomy-anchor m-crosspost\" target=\"_blank\" rel=\"noopener noreferrer\">En Xataka<\/a>\n   <\/div>\n<p>   <a href=\"https:\/\/www.xataka.com\/analisis\/airpods-pro-analisis-caracteristicas-precio-especificaciones\" class=\"desvio-title js-desvio-title\" target=\"_blank\" rel=\"noopener noreferrer\">Airpods Pro, an&aacute;lisis: la cancelaci&oacute;n de ruido toma el control<\/a>\n  <\/div>\n<\/p><\/div>\n<\/div>\n<h2>Emparejamiento autom&aacute;tico<\/h2>\n<p>Adem&aacute;s de esta mejora en el sonido multicanal la otra gran novedad para estos auriculares que llegar&aacute; tras la actualizaci&oacute;n ha sido su <strong>capacidad para emparejarse<\/strong> con los diferentes dispositivos de forma autom&aacute;tica.<\/p>\n<p><!-- BREAK 6 --><\/p>\n<p>La idea es que mientras estemos usando los AirPods por ejemplo con un ordenador Mac y recibamos una llamada en un iPhone, los auriculares <strong>se conecten autom&aacute;ticamente<\/strong> al tel&eacute;fono para atender la llamada sin que tengamos que intervenir de  forma manual.<\/p>\n<p><!-- BREAK 7 --><\/p>\n<p> &#8211; <br \/> La noticia<br \/>\n      <a href=\"https:\/\/www.xatakahome.com\/altavoces\/airpods-pro-seran-compatibles-sonido-7-1-virtual-contaran-emparejamiento-automatico?utm_source=feedburner&amp;utm_medium=feed&amp;utm_campaign=24_Jun_2020\"><br \/>\n       <em> Los AirPods Pro ser&aacute;n compatibles con sonido 7.1 virtual y contar&aacute;n con emparejamiento autom&aacute;tico <\/em><br \/>\n      <\/a><br \/>\n      fue publicada originalmente en<br \/>\n      <a href=\"https:\/\/www.xatakahome.com\/?utm_source=feedburner&amp;utm_medium=feed&amp;utm_campaign=24_Jun_2020\"><br \/>\n       <strong> Xataka Smart Home <\/strong><br \/>\n      <\/a><br \/>\n            por <a href=\"https:\/\/www.xatakahome.com\/autor\/paco-rodriguez?utm_source=feedburner&amp;utm_medium=feed&amp;utm_campaign=24_Jun_2020\"><br \/>\n       Paco Rodriguez<br \/>\n      <\/a><br \/>\n      . <\/p>\n<div class=\"feedflare\">\n<a href=\"http:\/\/feeds.weblogssl.com\/~ff\/Xatakahome?a=KEhJPJu2Vts:OO56FqbZ3ac:yIl2AUoC8zA\"><img decoding=\"async\" src=\"http:\/\/feeds.feedburner.com\/~ff\/Xatakahome?d=yIl2AUoC8zA\" border=\"0\"><\/a>\n<\/div>\n<p><img loading=\"lazy\" decoding=\"async\" src=\"http:\/\/feeds.feedburner.com\/~r\/Xatakahome\/~4\/KEhJPJu2Vts\" height=\"1\" width=\"1\" alt=\"\"><\/div>\n","protected":false},"excerpt":{"rendered":"<p>Una de las novedades anunciadas en el WWDC 2020 (Apple Worldwide Developers Conference) ha estado relacionada con los auriculares AirPods Pro y una futura actualizaci&oacute;n del software que permitir&aacute; a&ntilde;adir funcionalidades avanzadas relativas al audio multicanal. Se trata de un nuevo firmware para estos auriculares inal&aacute;mbricos que llegar&aacute; a finales de a&ntilde;o y que permitir&aacute; &hellip; <a href=\"https:\/\/domosistemas.com\/?p=11988\" class=\"more-link\">Sigue leyendo <span class=\"screen-reader-text\">Los AirPods Pro ser\u00e1n compatibles con sonido 7.1 virtual y contar\u00e1n con emparejamiento autom\u00e1tico<\/span><\/a><\/p>\n","protected":false},"author":1,"featured_media":0,"comment_status":"closed","ping_status":"closed","sticky":false,"template":"","format":"standard","meta":{"footnotes":""},"categories":[8],"tags":[],"class_list":["post-11988","post","type-post","status-publish","format-standard","hentry","category-xataka"],"_links":{"self":[{"href":"https:\/\/domosistemas.com\/index.php?rest_route=\/wp\/v2\/posts\/11988","targetHints":{"allow":["GET"]}}],"collection":[{"href":"https:\/\/domosistemas.com\/index.php?rest_route=\/wp\/v2\/posts"}],"about":[{"href":"https:\/\/domosistemas.com\/index.php?rest_route=\/wp\/v2\/types\/post"}],"author":[{"embeddable":true,"href":"https:\/\/domosistemas.com\/index.php?rest_route=\/wp\/v2\/users\/1"}],"replies":[{"embeddable":true,"href":"https:\/\/domosistemas.com\/index.php?rest_route=%2Fwp%2Fv2%2Fcomments&post=11988"}],"version-history":[{"count":0,"href":"https:\/\/domosistemas.com\/index.php?rest_route=\/wp\/v2\/posts\/11988\/revisions"}],"wp:attachment":[{"href":"https:\/\/domosistemas.com\/index.php?rest_route=%2Fwp%2Fv2%2Fmedia&parent=11988"}],"wp:term":[{"taxonomy":"category","embeddable":true,"href":"https:\/\/domosistemas.com\/index.php?rest_route=%2Fwp%2Fv2%2Fcategories&post=11988"},{"taxonomy":"post_tag","embeddable":true,"href":"https:\/\/domosistemas.com\/index.php?rest_route=%2Fwp%2Fv2%2Ftags&post=11988"}],"curies":[{"name":"wp","href":"https:\/\/api.w.org\/{rel}","templated":true}]}}