{"id":12250,"date":"2020-08-20T09:11:55","date_gmt":"2020-08-20T09:11:55","guid":{"rendered":"https:\/\/domosistemas.com\/?p=12250"},"modified":"2020-08-20T09:11:55","modified_gmt":"2020-08-20T09:11:55","slug":"lenovo-presenta-el-ideacentre-mini-5i-un-elegante-mini-pc-con-lo-ultimo-en-cpus-intel-y-un-cuidado-diseno-con-acabado-textil","status":"publish","type":"post","link":"https:\/\/domosistemas.com\/?p=12250","title":{"rendered":"Lenovo presenta el IdeaCentre Mini 5i, un elegante mini-PC con lo \u00faltimo en CPUs Intel y un cuidado dise\u00f1o con acabado textil"},"content":{"rendered":"<div>\n<p>\n      <img decoding=\"async\" src=\"https:\/\/i.blogs.es\/b92d93\/mini-5i_03\/1024_2000.jpg\" alt=\"Lenovo presenta el IdeaCentre Mini 5i, un elegante mini-PC con lo \u00faltimo en CPUs Intel y un cuidado dise\u00f1o con acabado textil\">\n    <\/p>\n<p>Lenovo est\u00e1 de presentaciones esta semana y si hace unas horas <a href=\"https:\/\/www.xataka.com\/ordenadores\/lenovo-renueva-su-gama-portatiles-yoga-cinco-modelos-que-llegan-procesador-amd-pantalla-2-8k\">los port\u00e1tiles<\/a> eran los protagonistas del fabricante, ahora os traemos un interesante y curioso ordenador en <strong>formato mini-PC<\/strong> que llama la atenci\u00f3n no solo por sus especificaciones t\u00e9cnicas a la altura de un equipo de similar gama, sino por su <strong>cuidado aspecto externo<\/strong> que, si bien puede que no resulte del todo pr\u00e1ctico, s\u00ed es bonito, elegante y decorativo.<\/p>\n<p><!-- BREAK 1 --><\/p>\n<p>Es el nuevo <strong>IdeaCentre Mini 5i<\/strong>, un PC con unas dimensiones de 194 x 182.4 x 40 mm capaz de montar procesadores <strong>Intel Core i3, i5 e i7<\/strong> de d\u00e9cima generaci\u00f3n (Comet Lake) y que sin duda destaca por su aspecto externo. <\/p>\n<p><!-- BREAK 2 --><!--more--><\/p>\n<div class=\"article-asset-image article-asset-normal\">\n<div class=\"asset-content\">\n<p> <img decoding=\"async\" alt=\"Mini 5i\" class=\"centro_sinmarco\" src=\"https:\/\/i.blogs.es\/635f33\/mini-5i_01\/450_1000.jpg\"><\/p><\/div>\n<\/div>\n<p>El cuerpo del ordenador tiene en sus laterales y frontal un color gris\u00e1ceo con textura moteada al m\u00e1s puro estilo del papel reciclado y est\u00e1 coronado por un <strong>acabado textil gris<\/strong> que recuerda al tejido de muchos altavoces inteligentes y que sin duda le da un aspecto elegante y discreto, aunque no s\u00e9 hasta que punto es conveniente recubrir un equipo inform\u00e1tico con tela a la hora de <strong>disipar el calor<\/strong> generado por los diferentes elementos electr\u00f3nicos y en el caso de que tenga alguna mancha de comida o bebida.<\/p>\n<p><!-- BREAK 3 --><\/p>\n<div class=\"article-asset-image article-asset-normal\">\n<div class=\"asset-content\">\n<p> <img decoding=\"async\" alt=\"Mini 5i\" class=\"centro_sinmarco\" src=\"https:\/\/i.blogs.es\/d79471\/mini-5i_02\/450_1000.jpg\"><\/p><\/div>\n<\/div>\n<p>En el interior de la caja rectangular nos encontramos con capacidad para instalar m\u00f3dulos de <strong>entre 4 y 32 GB de memoria RAM DDR4<\/strong>, espacio para <strong>discos SSD de hasta 512 GB<\/strong> y la posibilidad de montar tambi\u00e9n discos duros mec\u00e1nicos de <strong>1 o 2 TB<\/strong>.<\/p>\n<p><!-- BREAK 4 --><\/p>\n<p>El equipo cuenta con conectividad <strong>Bluetooth 5.0, WiFi 6<\/strong>, puerto Ethernet, cinco conectores USB 3.1 Tipo-A, otro Tipo-C y salida gr\u00e1fica HDMI con posibilidad de montar un sistema multipantalla. En cuanto a los procesadores soportados por la placa base, son los siguientes:<\/p>\n<p><!-- BREAK 5 --><\/p>\n<ul>\n<li>Intel Core <strong>i7-10700T<\/strong>\n<\/li>\n<li>Intel Core <strong>i5-10400T<\/strong>\n<\/li>\n<li>Intel Core <strong>i5-10400<\/strong>\n<\/li>\n<li>Intel Core <strong>i3-10100T<\/strong>\n<\/li>\n<li>Intel Core <strong>i3-10100<\/strong>\n<\/li>\n<\/ul>\n<p>Por \u00faltimo, el fabricante incluye una fuente de alimentaci\u00f3n externa de <strong>90 o 135 vatios<\/strong>, dependiendo del modelo, y completa el conjunto con <strong>Windows 10 Home<\/strong> preinstalado.<\/p>\n<p><!-- BREAK 6 --><\/p>\n<div class=\"article-asset-image article-asset-normal\">\n<div class=\"asset-content\">\n<p> <img decoding=\"async\" alt=\"Mini 5i\" class=\"centro_sinmarco\" src=\"https:\/\/i.blogs.es\/62c96f\/mini-5i_05\/450_1000.jpg\"><\/p><\/div>\n<\/div>\n<h2>Precio y disponibilidad<\/h2>\n<p>Los nuevos Lenovo IdeaCentre Mini 5i llegar\u00e1n a los distribuidores a partir de septiembre y con un precio que partir\u00e1 de los <strong>500 euros<\/strong>.<\/p>\n<p><!-- BREAK 7 --><\/p>\n<p>M\u00e1s informaci\u00f3n | <a href=\"https:\/\/www.xatakahome.com\/redirect?url=https%3A%2F%2Fwww.lenovo.com%2Fes%2Fes%2Fpc&amp;category=ordenadores\">Lenovo<\/a><\/p>\n<p><!-- BREAK 8 --><script>\n (function() {\n  window._JS_MODULES = window._JS_MODULES || {};\n  var headElement = document.getElementsByTagName('head')[0];\n  if (_JS_MODULES.instagram) {\n   var instagramScript = document.createElement('script');\n   instagramScript.src = 'https:\/\/platform.instagram.com\/en_US\/embeds.js';\n   instagramScript.async = true;\n   instagramScript.defer = true;\n   headElement.appendChild(instagramScript);\n  }\n })();\n<\/script><\/p>\n<p> &#8211; <br \/> La noticia<br \/>\n      <a href=\"https:\/\/www.xatakahome.com\/ordenadores\/lenovo-presenta-ideacentre-mini-5i-elegante-mini-pc-ultimo-cpus-intel-cuidado-diseno-acabado-textil?utm_source=feedburner&amp;utm_medium=feed&amp;utm_campaign=20_Aug_2020\"><br \/>\n       <em> Lenovo presenta el IdeaCentre Mini 5i, un elegante mini-PC con lo \u00faltimo en CPUs Intel y un cuidado dise\u00f1o con acabado textil <\/em><br \/>\n      <\/a><br \/>\n      fue publicada originalmente en<br \/>\n      <a href=\"https:\/\/www.xatakahome.com\/?utm_source=feedburner&amp;utm_medium=feed&amp;utm_campaign=20_Aug_2020\"><br \/>\n       <strong> Xataka Smart Home <\/strong><br \/>\n      <\/a><br \/>\n            por <a href=\"https:\/\/www.xatakahome.com\/autor\/paco-rodriguez?utm_source=feedburner&amp;utm_medium=feed&amp;utm_campaign=20_Aug_2020\"><br \/>\n       Paco Rodriguez<br \/>\n      <\/a><br \/>\n      . <\/p>\n<div class=\"feedflare\">\n<a href=\"http:\/\/feeds.weblogssl.com\/~ff\/Xatakahome?a=VTXgXzaoK5c:1x8J2TPGZNY:yIl2AUoC8zA\"><img decoding=\"async\" src=\"http:\/\/feeds.feedburner.com\/~ff\/Xatakahome?d=yIl2AUoC8zA\" border=\"0\"><\/a>\n<\/div>\n<p><img loading=\"lazy\" decoding=\"async\" src=\"http:\/\/feeds.feedburner.com\/~r\/Xatakahome\/~4\/VTXgXzaoK5c\" height=\"1\" width=\"1\" alt=\"\">\n<\/div>\n","protected":false},"excerpt":{"rendered":"<p>Lenovo est\u00e1 de presentaciones esta semana y si hace unas horas los port\u00e1tiles eran los protagonistas del fabricante, ahora os traemos un interesante y curioso ordenador en formato mini-PC que llama la atenci\u00f3n no solo por sus especificaciones t\u00e9cnicas a la altura de un equipo de similar gama, sino por su cuidado aspecto externo que, &hellip; <a href=\"https:\/\/domosistemas.com\/?p=12250\" class=\"more-link\">Sigue leyendo <span class=\"screen-reader-text\">Lenovo presenta el IdeaCentre Mini 5i, un elegante mini-PC con lo \u00faltimo en CPUs Intel y un cuidado dise\u00f1o con acabado textil<\/span><\/a><\/p>\n","protected":false},"author":1,"featured_media":0,"comment_status":"closed","ping_status":"closed","sticky":false,"template":"","format":"standard","meta":{"footnotes":""},"categories":[8],"tags":[],"class_list":["post-12250","post","type-post","status-publish","format-standard","hentry","category-xataka"],"_links":{"self":[{"href":"https:\/\/domosistemas.com\/index.php?rest_route=\/wp\/v2\/posts\/12250","targetHints":{"allow":["GET"]}}],"collection":[{"href":"https:\/\/domosistemas.com\/index.php?rest_route=\/wp\/v2\/posts"}],"about":[{"href":"https:\/\/domosistemas.com\/index.php?rest_route=\/wp\/v2\/types\/post"}],"author":[{"embeddable":true,"href":"https:\/\/domosistemas.com\/index.php?rest_route=\/wp\/v2\/users\/1"}],"replies":[{"embeddable":true,"href":"https:\/\/domosistemas.com\/index.php?rest_route=%2Fwp%2Fv2%2Fcomments&post=12250"}],"version-history":[{"count":0,"href":"https:\/\/domosistemas.com\/index.php?rest_route=\/wp\/v2\/posts\/12250\/revisions"}],"wp:attachment":[{"href":"https:\/\/domosistemas.com\/index.php?rest_route=%2Fwp%2Fv2%2Fmedia&parent=12250"}],"wp:term":[{"taxonomy":"category","embeddable":true,"href":"https:\/\/domosistemas.com\/index.php?rest_route=%2Fwp%2Fv2%2Fcategories&post=12250"},{"taxonomy":"post_tag","embeddable":true,"href":"https:\/\/domosistemas.com\/index.php?rest_route=%2Fwp%2Fv2%2Ftags&post=12250"}],"curies":[{"name":"wp","href":"https:\/\/api.w.org\/{rel}","templated":true}]}}