{"id":12775,"date":"2020-11-11T03:00:27","date_gmt":"2020-11-11T03:00:27","guid":{"rendered":"https:\/\/domosistemas.com\/?p=12775"},"modified":"2020-11-11T03:00:27","modified_gmt":"2020-11-11T03:00:27","slug":"el-vii-congreso-edificios-energia-casi-nula-posiciona-el-sector-de-la-edificacion-como-motor-clave-para-la-descarbonizacion-y-la-recuperacion-economica-en-espana","status":"publish","type":"post","link":"https:\/\/domosistemas.com\/?p=12775","title":{"rendered":"El VII Congreso Edificios Energ\u00eda Casi Nula posiciona el sector de la edificaci\u00f3n como motor clave para la descarbonizaci\u00f3n y la recuperaci\u00f3n econ\u00f3mica en Espa\u00f1a"},"content":{"rendered":"<div>\n<p>El <a href=\"https:\/\/www.congreso-edificios-energia-casi-nula.es\/\" target=\"_blank\" rel=\"noopener noreferrer\">VII Congreso Edificios Energ\u00eda Casi Nula<\/a> reuni\u00f3 a m\u00e1s de 400 congresistas simult\u00e1neamente en formato presencial y online. Celebrado el 5 de noviembre en el espacio La Nave del Ayuntamiento de Madrid, los asistentes pudieron seguir por primera vez el Congreso en streaming a trav\u00e9s de la web y la app del evento, y en modalidad presencial cumpliendo estrictamente con todas las recomendaciones sanitarias derivadas del COVID-19. Esta s\u00e9ptima edici\u00f3n, bajo el lema \u201cLa descarbonizaci\u00f3n de la edificaci\u00f3n, una palanca para reactivar el sector: obra nueva y rehabilitaci\u00f3n\u201d, se convirti\u00f3 en una gran oportunidad para posicionar el sector de la edificaci\u00f3n como motor de la recuperaci\u00f3n econ\u00f3mica y como palanca innovadora de los cambios necesarios para la transici\u00f3n ecol\u00f3gica en Espa\u00f1a.<\/p>\n<figure id=\"attachment_82085\" aria-describedby=\"caption-attachment-82085\" style=\"width: 800px\" class=\"wp-caption aligncenter\"><img loading=\"lazy\" decoding=\"async\" class=\"size-full wp-image-82085\" src=\"https:\/\/static.casadomo.com\/media\/2020\/11\/7-Congreso-Edificios-Energia-Casi-Nula-Inauguracion.png\" alt=\"Inauguraci\u00f3n 7 Congreso Edificios Energ\u00eda Casi Nula\" width=\"800\" height=\"533\" srcset=\"https:\/\/static.casadomo.com\/media\/2020\/11\/7-Congreso-Edificios-Energia-Casi-Nula-Inauguracion.png 800w, https:\/\/static.casadomo.com\/media\/2020\/11\/7-Congreso-Edificios-Energia-Casi-Nula-Inauguracion-300x200.png 300w, https:\/\/static.casadomo.com\/media\/2020\/11\/7-Congreso-Edificios-Energia-Casi-Nula-Inauguracion-768x512.png 768w, https:\/\/static.casadomo.com\/media\/2020\/11\/7-Congreso-Edificios-Energia-Casi-Nula-Inauguracion-180x120.png 180w\" sizes=\"auto, (max-width: 800px) 100vw, 800px\"><figcaption id=\"caption-attachment-82085\" class=\"wp-caption-text\">El VII Congreso Edificios Energ\u00eda Casi Nula se celebr\u00f3 en el espacio La Nave del Ayuntamiento de Madrid cumpliendo con todas las medidas sanitarias derivadas del COVID-19.<\/figcaption><\/figure>\n<p>Organizado por <a href=\"https:\/\/www.grupotecmared.es\/\" target=\"_blank\" rel=\"noopener noreferrer\">Grupo Tecma Red<\/a> y el Ministerio de Transportes, Movilidad y Agenda Urbana (Mitma), a trav\u00e9s de la Direcci\u00f3n General de Agenda Urbana y Arquitectura, esta edici\u00f3n se ha celebrado en un a\u00f1o clave para la obligatoriedad de los Edificios de Energ\u00eda Casi Nula (EECN) en Espa\u00f1a.<\/p>\n<p>El acto inaugural cont\u00f3 con la presencia de David Lucas, secretario general de Agenda Urbana y Vivienda del Ministerio de Transportes, Movilidad y Agenda Urbana, que incidi\u00f3 en diferentes cuestiones, como el presupuesto que destinar\u00e1 el Mitma en materia de rehabilitaci\u00f3n y regeneraci\u00f3n urbana, la \u201cEstrategia a largo plazo para la rehabilitaci\u00f3n energ\u00e9tica en el sector de la edificaci\u00f3n en Espa\u00f1a\u201d (ERESEE 2020) recientemente actualizada, as\u00ed como los fondos de recuperaci\u00f3n europeos como oportunidad para mejorar la eficiencia energ\u00e9tica de los edificios y la necesidad de la colaboraci\u00f3n p\u00fablico-privada.<\/p>\n<figure id=\"attachment_82086\" aria-describedby=\"caption-attachment-82086\" style=\"width: 800px\" class=\"wp-caption aligncenter\"><img loading=\"lazy\" decoding=\"async\" class=\"size-full wp-image-82086\" src=\"https:\/\/static.casadomo.com\/media\/2020\/11\/7-Congreso-Edificios-Energia-Casi-Nula-Inauguracion-2.png\" alt=\"Autoridades en la inauguraci\u00f3n\" width=\"800\" height=\"485\" srcset=\"https:\/\/static.casadomo.com\/media\/2020\/11\/7-Congreso-Edificios-Energia-Casi-Nula-Inauguracion-2.png 800w, https:\/\/static.casadomo.com\/media\/2020\/11\/7-Congreso-Edificios-Energia-Casi-Nula-Inauguracion-2-300x182.png 300w, https:\/\/static.casadomo.com\/media\/2020\/11\/7-Congreso-Edificios-Energia-Casi-Nula-Inauguracion-2-768x466.png 768w, https:\/\/static.casadomo.com\/media\/2020\/11\/7-Congreso-Edificios-Energia-Casi-Nula-Inauguracion-2-180x109.png 180w\" sizes=\"auto, (max-width: 800px) 100vw, 800px\"><figcaption id=\"caption-attachment-82086\" class=\"wp-caption-text\">David Lucas, secretario general de Agenda Urbana y Vivienda del Ministerio de Transportes, Movilidad y Agenda Urbana, e In\u00e9s Leal, directora del Congreso, en la inauguraci\u00f3n del evento.<\/figcaption><\/figure>\n<p>En la inauguraci\u00f3n, la directora del Congreso Edificios Energ\u00eda Casi Nula, In\u00e9s Leal, destac\u00f3 que \u201ca pesar de las complejas circunstancias, hemos querido asumir la responsabilidad de organizar una nueva edici\u00f3n para seguir dando visibilidad a todos los que siguen trabajando y lanzando nuevas iniciativas. Queremos trasmitir un mensaje positivo hacia el futuro, y hoy resulta m\u00e1s imprescindible que nunca el intercambio de conocimientos y experiencias en la b\u00fasqueda de un sector descarbonizado y sostenible\u201d.<\/p>\n<h2>El futuro del sector de la edificaci\u00f3n en Espa\u00f1a<\/h2>\n<p>El VII Congreso Edificios Energ\u00eda Casi Nula abord\u00f3 las cuestiones clave que afectan al futuro del sector de la edificaci\u00f3n en Espa\u00f1a, con la mirada puesta en los compromisos a 2050. Con este objetivo se celebraron dos ponencias magistrales. En primer lugar, I\u00f1aqui Carnicero, director general de Agenda Urbana y Arquitectura del Mitma, expuso las l\u00edneas de futuro del sector de la edificaci\u00f3n en Espa\u00f1a encaminadas hacia una transici\u00f3n ecol\u00f3gica y una arquitectura de calidad, resaltando el papel relevante de la rehabilitaci\u00f3n integral en el reto de la descarbonizaci\u00f3n de la econom\u00eda, entre otros aspectos, adem\u00e1s de las estrategias del futuro Plan de Rehabilitaci\u00f3n y Regeneraci\u00f3n, y los desaf\u00edos y actuaciones de la Agenda Urbana Espa\u00f1ola.<\/p>\n<figure id=\"attachment_82089\" aria-describedby=\"caption-attachment-82089\" style=\"width: 800px\" class=\"wp-caption aligncenter\"><img loading=\"lazy\" decoding=\"async\" class=\"size-full wp-image-82089\" src=\"https:\/\/static.casadomo.com\/media\/2020\/11\/7-Congreso-Edificios-Energia-Casi-Nula-Ponencia-Magistral.png\" alt=\"I\u00f1aki Carnicero imparte la primera ponencia magistral\" width=\"800\" height=\"533\" srcset=\"https:\/\/static.casadomo.com\/media\/2020\/11\/7-Congreso-Edificios-Energia-Casi-Nula-Ponencia-Magistral.png 800w, https:\/\/static.casadomo.com\/media\/2020\/11\/7-Congreso-Edificios-Energia-Casi-Nula-Ponencia-Magistral-300x200.png 300w, https:\/\/static.casadomo.com\/media\/2020\/11\/7-Congreso-Edificios-Energia-Casi-Nula-Ponencia-Magistral-768x512.png 768w, https:\/\/static.casadomo.com\/media\/2020\/11\/7-Congreso-Edificios-Energia-Casi-Nula-Ponencia-Magistral-180x120.png 180w\" sizes=\"auto, (max-width: 800px) 100vw, 800px\"><figcaption id=\"caption-attachment-82089\" class=\"wp-caption-text\">I\u00f1aqui Carnicero, director general de Agenda Urbana y Arquitectura, imparti\u00f3 la primera ponencia magistral.<\/figcaption><\/figure>\n<p>Por su parte, el director de Ahorro y Eficiencia Energ\u00e9tica del Instituto para la Diversificaci\u00f3n y Ahorro de la Energ\u00eda (IDAE), Pedro A. Prieto, analiz\u00f3 el papel del IDAE en materia de rehabilitaci\u00f3n energ\u00e9tica de edificios e integraci\u00f3n de renovables en la edificaci\u00f3n en Espa\u00f1a. Entre otras cuestiones, repas\u00f3 las medidas propuestas por el Plan Nacional Integrado de Energ\u00eda y Clima (PNIEC) para el sector de la edificaci\u00f3n, as\u00ed como present\u00f3 el Programa de Rehabilitaci\u00f3n Energ\u00e9tica de Edificios (PREE).<\/p>\n<p>Adem\u00e1s, en las tres mesas redondas del Congreso, representantes de administraciones p\u00fablicas, expertos y empresas abordaron los temas protagonistas del Congreso, con la exposici\u00f3n de sus experiencias y las acciones a priorizar en el contexto actual.<\/p>\n<figure id=\"attachment_82091\" aria-describedby=\"caption-attachment-82091\" style=\"width: 800px\" class=\"wp-caption aligncenter\"><img loading=\"lazy\" decoding=\"async\" class=\"size-full wp-image-82091\" src=\"https:\/\/static.casadomo.com\/media\/2020\/11\/7-Congreso-Edificios-Energia-Casi-Nula-Streaming.png\" alt=\"Mesa redonda en streaming\" width=\"800\" height=\"450\" srcset=\"https:\/\/static.casadomo.com\/media\/2020\/11\/7-Congreso-Edificios-Energia-Casi-Nula-Streaming.png 800w, https:\/\/static.casadomo.com\/media\/2020\/11\/7-Congreso-Edificios-Energia-Casi-Nula-Streaming-300x169.png 300w, https:\/\/static.casadomo.com\/media\/2020\/11\/7-Congreso-Edificios-Energia-Casi-Nula-Streaming-768x432.png 768w, https:\/\/static.casadomo.com\/media\/2020\/11\/7-Congreso-Edificios-Energia-Casi-Nula-Streaming-180x101.png 180w\" sizes=\"auto, (max-width: 800px) 100vw, 800px\"><figcaption id=\"caption-attachment-82091\" class=\"wp-caption-text\">M\u00e1s de 300 congresistas siguieron el evento en streaming, y algunos ponentes participaron de forma online.<\/figcaption><\/figure>\n<p>Bajo el propio lema del evento, la primera de ellas analiz\u00f3 los aspectos relacionados con la descarbonizaci\u00f3n del sector de la edificaci\u00f3n y el potencial en obra nueva y rehabilitaci\u00f3n para activar la econom\u00eda, mientras que el binomio de energ\u00eda y sostenibilidad a escala urbana centr\u00f3 la segunda mesa, en la que se habl\u00f3 de las oportunidades que presenta el nuevo modelo de ciudad. Finalmente, en la tercera mesa redonda se incidi\u00f3 en la digitalizaci\u00f3n y la tecnolog\u00eda como herramientas clave que ayudar\u00e1n a la rehabilitaci\u00f3n y la circularidad.<\/p>\n<p>El programa se complet\u00f3 con la exposici\u00f3n de las 14 ponencias orales seleccionadas por el Comit\u00e9 T\u00e9cnico de entre las 52 propuestas recibidas en el Llamamiento de Comunicaciones y Proyectos EECN, basadas en algunas de las \u00e1reas tem\u00e1ticas del Congreso, como Rehabilitaci\u00f3n y regeneraci\u00f3n urbana; Innovaci\u00f3n en soluciones arquitect\u00f3nicas y constructivas; Instalaciones, tecnolog\u00edas e integraci\u00f3n de energ\u00edas renovables; Integraci\u00f3n del edificio en el entorno energ\u00e9tico y distritos de energ\u00eda positiva; Uso, operaci\u00f3n y mantenimiento: prestaciones reales; Salud y bienestar en los edificios; Nuevos instrumentos de gesti\u00f3n y financiaci\u00f3n sostenible.<\/p>\n<figure id=\"attachment_82088\" aria-describedby=\"caption-attachment-82088\" style=\"width: 800px\" class=\"wp-caption aligncenter\"><img loading=\"lazy\" decoding=\"async\" class=\"size-full wp-image-82088\" src=\"https:\/\/static.casadomo.com\/media\/2020\/11\/7-Congreso-Edificios-Energia-Casi-Nula-Ponencia.png\" alt=\"Ponencia de Danosa\" width=\"800\" height=\"533\" srcset=\"https:\/\/static.casadomo.com\/media\/2020\/11\/7-Congreso-Edificios-Energia-Casi-Nula-Ponencia.png 800w, https:\/\/static.casadomo.com\/media\/2020\/11\/7-Congreso-Edificios-Energia-Casi-Nula-Ponencia-300x200.png 300w, https:\/\/static.casadomo.com\/media\/2020\/11\/7-Congreso-Edificios-Energia-Casi-Nula-Ponencia-768x512.png 768w, https:\/\/static.casadomo.com\/media\/2020\/11\/7-Congreso-Edificios-Energia-Casi-Nula-Ponencia-180x120.png 180w\" sizes=\"auto, (max-width: 800px) 100vw, 800px\"><figcaption id=\"caption-attachment-82088\" class=\"wp-caption-text\">A lo largo de la jornada, se expusieron las 14 ponencias orales seleccionadas por el Comit\u00e9 T\u00e9cnico.<\/figcaption><\/figure>\n<p>De esta manera, el evento constat\u00f3 el elevado grado de madurez de los proyectos de Edificios de Energ\u00eda Casi Nula en nuestro pa\u00eds, adem\u00e1s de mostrar las \u00faltimas iniciativas puestas en marcha por administraciones y empresas en colaboraci\u00f3n p\u00fablico-privada.<\/p>\n<p>Para finalizar, la clausura del Congreso cont\u00f3 con la intervenci\u00f3n de Silvia Rold\u00e1n, consejera delegada de Metro de Madrid, que mostr\u00f3 los avances del edificio de su nueva sede en Madrid, un EECN actualmente en construcci\u00f3n que fue presentado como proyecto en la pasada edici\u00f3n del Congreso.<\/p>\n<figure id=\"attachment_82090\" aria-describedby=\"caption-attachment-82090\" style=\"width: 800px\" class=\"wp-caption aligncenter\"><img loading=\"lazy\" decoding=\"async\" class=\"size-full wp-image-82090\" src=\"https:\/\/static.casadomo.com\/media\/2020\/11\/7-Congreso-Edificios-Energia-Casi-Nula-Clausura-1.png\" alt=\"Clausura\" width=\"800\" height=\"533\" srcset=\"https:\/\/static.casadomo.com\/media\/2020\/11\/7-Congreso-Edificios-Energia-Casi-Nula-Clausura-1.png 800w, https:\/\/static.casadomo.com\/media\/2020\/11\/7-Congreso-Edificios-Energia-Casi-Nula-Clausura-1-300x200.png 300w, https:\/\/static.casadomo.com\/media\/2020\/11\/7-Congreso-Edificios-Energia-Casi-Nula-Clausura-1-768x512.png 768w, https:\/\/static.casadomo.com\/media\/2020\/11\/7-Congreso-Edificios-Energia-Casi-Nula-Clausura-1-180x120.png 180w\" sizes=\"auto, (max-width: 800px) 100vw, 800px\"><figcaption id=\"caption-attachment-82090\" class=\"wp-caption-text\">En la clausura del evento, Silvia Rold\u00e1n, consejera delegada de Metro de Madrid, e In\u00e9s Leal.<\/figcaption><\/figure>\n<p>In\u00e9s Leal anunci\u00f3 que en 2021 se celebrar\u00e1 el VIII Congreso Edificios Energ\u00eda Casi Nula y agradeci\u00f3 el apoyo de instituciones, empresas y entidades colaboradoras, as\u00ed como miembros del comit\u00e9 t\u00e9cnico y congresistas presenciales y online, que han hecho posible la celebraci\u00f3n de esta s\u00e9ptima edici\u00f3n. \u201cEl Congreso ha demostrado que estamos ante una oportunidad \u00fanica, preparados para cumplir nuestros compromisos de descarbonizaci\u00f3n a 2050, como sector y como pa\u00eds. Simplemente tenemos que pasar a la acci\u00f3n\u201d, destac\u00f3 la directora del Congreso.<\/p>\n<h2>Organizaci\u00f3n, apoyos, patrocinios, comit\u00e9 t\u00e9cnico y colaboradores<\/h2>\n<ul>\n<li>\n<u>Organiza:<\/u> Grupo Tecma Red y Ministerio de Transportes, Movilidad y Agenda Urbana<\/li>\n<li>\n<u>Apoyo Institucional:<\/u> Ayuntamiento de Madrid, Ministerio para la Transici\u00f3n Ecol\u00f3gica y el Reto Demogr\u00e1fico, a trav\u00e9s de la Oficina Espa\u00f1ola de Cambio Clim\u00e1tico y del IDAE<\/li>\n<li>\n<u>Patrocinio Platino:<\/u> S&amp;P<\/li>\n<li>\n<u>Patrocinio Oro:<\/u> K\u00f6mmerling y Saint-Gobain<\/li>\n<li>\n<u>Patrocinio Plata:<\/u> Aldes, Saunier Duval y Vaillant<\/li>\n<li>\n<u>Patrocinio Bronce:<\/u> Baumit, BAXI, BIG-EU, BMI, Danosa, habitissimo, LafargeHolcim y LG Business Solutions<\/li>\n<li>\n<u>Comit\u00e9 T\u00e9cnico:<\/u> Ministerio de Transportes, Movilidad y Agenda Urbana, IDAE, OECC, FEMP, CIEMAT, INCASOL, IETcc, CGCOII, CGATE, CSCAE, CICCP, CAFMadrid, AVS, CENER, CARTIF, ATECYR, PTE-ee, IFMA ESPA\u00d1A, CEPCO, ANDIMAT, ASEFAVE, AFEC, CONAIF, AEDICI, Fundaci\u00f3n Laboral de la Construcci\u00f3n, GBCE, CECU, PEP, SOLARTYS, CNI, BuildingSmart Spanish Chapter, Soler &amp; Palau y Grupo Tecma Red.<\/li>\n<li>\n<u>Colaboradores:<\/u> a3e, ACA, ADHAC, AEA, AECCTI, AEDICI, AEDIP, AFEC, AFELMA, AFME, AIFIm, AIPEX, AISLA, AMI, ANAIP, ANAPE, ANDIMAT, ANERR, ANESE, ANFAPA, ASA, ASEFAVE, ASHRAE, ASIT, ASPRIMA, ATECYR, AUS, AVEBIOM, AVS, BREEAM ES, BUILDING YOUNGS, BuildingSMART Spanish Chapter, C\u00e1mara de Comercio Alemana para Espa\u00f1a \u2013 AHK, CARTIF, CDTI, CECU, CEDOM, CEEC, CENER, CEPCO, CICCP, CIEMAT, CIRCE, CNI, COIIM, CAFMadrid, COIT, COITT\/AEGITT, CSCAE, CGCOII, CGATE, COGEN ESPA\u00d1A, CONAIF, DOMOTYS, EFENAR, EMVS, ENACE, ENERAGEN, ENERGYLAB, EURECAT, F2E, FECOTEL, FENIE, FENITEL, Fundaci\u00f3n Laboral de la Construcci\u00f3n, GBCe, HISPALYT, IFMA, IMDEA Energ\u00eda, INNOVARCILLA, INST. CC. EDUARDO TORROJA, IVE, IPUR, IREC, ITH, Asociaci\u00f3n KNX, Fundaci\u00f3n La Casa que Ahorra, LEITAT Centro Tecnol\u00f3gico, Madrid Network, PEP, PTE-ee, SECARTYS, SMARTLIVINGPLAT, SOLARTYS, TECNALIA y UNEF<\/li>\n<\/ul>\n<p>La entrada <a rel=\"nofollow\" href=\"https:\/\/www.casadomo.com\/2020\/11\/11\/7-congreso-edificios-energia-casi-nula-posiciona-sector-edificacion-motor-clave-descarbonizacion-recuperacion-economica-espana\">El VII Congreso Edificios Energ\u00eda Casi Nula posiciona el sector de la edificaci\u00f3n como motor clave para la descarbonizaci\u00f3n y la recuperaci\u00f3n econ\u00f3mica en Espa\u00f1a<\/a> aparece primero en <a rel=\"nofollow\" href=\"https:\/\/www.casadomo.com\/\">CASADOMO<\/a>.<\/p>\n<\/div>\n","protected":false},"excerpt":{"rendered":"<p>El VII Congreso Edificios Energ\u00eda Casi Nula reuni\u00f3 a m\u00e1s de 400 congresistas simult\u00e1neamente en formato presencial y online. Celebrado el 5 de noviembre en el espacio La Nave del Ayuntamiento de Madrid, los asistentes pudieron seguir por primera vez el Congreso en streaming a trav\u00e9s de la web y la app del evento, y &hellip; <a href=\"https:\/\/domosistemas.com\/?p=12775\" class=\"more-link\">Sigue leyendo <span class=\"screen-reader-text\">El VII Congreso Edificios Energ\u00eda Casi Nula posiciona el sector de la edificaci\u00f3n como motor clave para la descarbonizaci\u00f3n y la recuperaci\u00f3n econ\u00f3mica en Espa\u00f1a<\/span><\/a><\/p>\n","protected":false},"author":1,"featured_media":0,"comment_status":"closed","ping_status":"closed","sticky":false,"template":"","format":"standard","meta":{"footnotes":""},"categories":[3],"tags":[],"class_list":["post-12775","post","type-post","status-publish","format-standard","hentry","category-casadomo-com"],"_links":{"self":[{"href":"https:\/\/domosistemas.com\/index.php?rest_route=\/wp\/v2\/posts\/12775","targetHints":{"allow":["GET"]}}],"collection":[{"href":"https:\/\/domosistemas.com\/index.php?rest_route=\/wp\/v2\/posts"}],"about":[{"href":"https:\/\/domosistemas.com\/index.php?rest_route=\/wp\/v2\/types\/post"}],"author":[{"embeddable":true,"href":"https:\/\/domosistemas.com\/index.php?rest_route=\/wp\/v2\/users\/1"}],"replies":[{"embeddable":true,"href":"https:\/\/domosistemas.com\/index.php?rest_route=%2Fwp%2Fv2%2Fcomments&post=12775"}],"version-history":[{"count":0,"href":"https:\/\/domosistemas.com\/index.php?rest_route=\/wp\/v2\/posts\/12775\/revisions"}],"wp:attachment":[{"href":"https:\/\/domosistemas.com\/index.php?rest_route=%2Fwp%2Fv2%2Fmedia&parent=12775"}],"wp:term":[{"taxonomy":"category","embeddable":true,"href":"https:\/\/domosistemas.com\/index.php?rest_route=%2Fwp%2Fv2%2Fcategories&post=12775"},{"taxonomy":"post_tag","embeddable":true,"href":"https:\/\/domosistemas.com\/index.php?rest_route=%2Fwp%2Fv2%2Ftags&post=12775"}],"curies":[{"name":"wp","href":"https:\/\/api.w.org\/{rel}","templated":true}]}}