{"id":12812,"date":"2020-11-17T03:00:33","date_gmt":"2020-11-17T03:00:33","guid":{"rendered":"https:\/\/domosistemas.com\/?p=12812"},"modified":"2020-11-17T03:00:33","modified_gmt":"2020-11-17T03:00:33","slug":"digitalizacion-de-la-baja-tension-comunidades-energeticas-y-almacenamiento-protagonizaran-el-vii-congreso-smart-grids-el-16-de-diciembre-de-2020","status":"publish","type":"post","link":"https:\/\/domosistemas.com\/?p=12812","title":{"rendered":"Digitalizaci\u00f3n de la baja tensi\u00f3n, comunidades energ\u00e9ticas y almacenamiento protagonizar\u00e1n el VII Congreso Smart Grids el 16 de diciembre de 2020"},"content":{"rendered":"<div>\n<p>El <a href=\"https:\/\/www.congreso-smartgrids.es\/\" target=\"_blank\" rel=\"noopener noreferrer\">VII Congreso Smart Grids<\/a>, la cita de referencia del sector de las redes el\u00e9ctricas inteligentes en Espa\u00f1a, tendr\u00e1 lugar el 16 de diciembre de 2020, por primera vez en un formato 100% online. El programa de esta s\u00e9ptima edici\u00f3n cuenta con una conferencia magistral, varias mesas redondas sobre la digitalizaci\u00f3n de la baja tensi\u00f3n, las comunidades energ\u00e9ticas y el almacenamiento en las smart grids; y diversas ponencias orales, seleccionadas por el Comit\u00e9 T\u00e9cnico del Congreso de entre las 46 propuestas recibidas en el Llamamiento de Comunicaciones, que ha estado abierto a todos los actores clave del sector en nuestro pa\u00eds.<\/p>\n<figure id=\"attachment_82322\" aria-describedby=\"caption-attachment-82322\" style=\"width: 800px\" class=\"wp-caption aligncenter\"><img loading=\"lazy\" decoding=\"async\" class=\"size-full wp-image-82322\" src=\"https:\/\/static.casadomo.com\/media\/2020\/11\/7-Congreso-Smart-Grids-Programa-Foto-Familia-800.png\" alt=\"Foto de familia de la reuni\u00f3n online\" width=\"800\" height=\"443\" srcset=\"https:\/\/static.casadomo.com\/media\/2020\/11\/7-Congreso-Smart-Grids-Programa-Foto-Familia-800.png 800w, https:\/\/static.casadomo.com\/media\/2020\/11\/7-Congreso-Smart-Grids-Programa-Foto-Familia-800-300x166.png 300w, https:\/\/static.casadomo.com\/media\/2020\/11\/7-Congreso-Smart-Grids-Programa-Foto-Familia-800-768x425.png 768w, https:\/\/static.casadomo.com\/media\/2020\/11\/7-Congreso-Smart-Grids-Programa-Foto-Familia-800-360x200.png 360w, https:\/\/static.casadomo.com\/media\/2020\/11\/7-Congreso-Smart-Grids-Programa-Foto-Familia-800-180x100.png 180w\" sizes=\"auto, (max-width: 800px) 100vw, 800px\"><figcaption id=\"caption-attachment-82322\" class=\"wp-caption-text\">Foto de familia de la segunda reuni\u00f3n online del Comit\u00e9 T\u00e9cnico del VII Congreso Smart Grids.<\/figcaption><\/figure>\n<p>El evento est\u00e1 organizado por <a href=\"https:\/\/www.grupotecmared.es\/\" target=\"_blank\" rel=\"noopener noreferrer\">Grupo Tecma Red<\/a>, con la co-organizaci\u00f3n de FutuRed, la Plataforma Tecnol\u00f3gica Espa\u00f1ola de Redes El\u00e9ctricas, contando con el apoyo de m\u00e1s de 60 entidades p\u00fablicas y privadas del sector. El Congreso se desarrollar\u00e1 en esta edici\u00f3n en formato online, con conexi\u00f3n en streaming, ofreciendo una experiencia variada y participativa para todos los asistentes.<\/p>\n<p>El VII Congreso Smart Grids abordar\u00e1 los principales aspectos que afectan al futuro de las redes el\u00e9ctricas inteligentes en el contexto nacional y europeo, en un momento de m\u00e1ximo inter\u00e9s tras la reciente aprobaci\u00f3n de nuevos marcos normativos en materia de energ\u00eda que aspiran a impulsar la reactivaci\u00f3n econ\u00f3mica y la transici\u00f3n energ\u00e9tica en nuestro pa\u00eds, adem\u00e1s de potenciar las smart grids como un elemento clave en este proceso de transformaci\u00f3n energ\u00e9tica.<\/p>\n<p>\u201cEl pr\u00f3ximo 16 de diciembre celebraremos el VII Congreso Smart Grids por primera vez en un formato 100% online, aprovechando este formato digital para proporcionar una experiencia rica, variada e interactiva para todos los participantes. Por supuesto, seguimos contando con los contenidos m\u00e1s novedosos y actuales, debates clave y la presencia profesional m\u00e1s relevante del sector de las smart grids en nuestro pa\u00eds\u201d, apunta el director del Congreso, Stefan Junestrand.<\/p>\n<h2>El programa del VII Congreso Smart Grids, clave en el momento actual<\/h2>\n<p>La segunda reuni\u00f3n del Comit\u00e9 T\u00e9cnico se celebr\u00f3 de manera telem\u00e1tica el pasado 15 de octubre, una cita en la que se defini\u00f3 el <a href=\"https:\/\/www.congreso-smartgrids.es\/programa\/\" target=\"_blank\" rel=\"noopener noreferrer\">programa<\/a>, con la selecci\u00f3n de las ponencias orales, de entre las recibidas en el Llamamiento de Comunicaciones, as\u00ed como de las tem\u00e1ticas de las mesas redondas.<\/p>\n<figure id=\"attachment_82323\" aria-describedby=\"caption-attachment-82323\" style=\"width: 800px\" class=\"wp-caption aligncenter\"><img loading=\"lazy\" decoding=\"async\" class=\"size-full wp-image-82323\" src=\"https:\/\/static.casadomo.com\/media\/2020\/11\/7-Congreso-Smart-Grids-Programa-Reunion-Comite-Tecnico-800.png\" alt=\"Reuni\u00f3n del Comit\u00e9 T\u00e9cnico\" width=\"800\" height=\"611\" srcset=\"https:\/\/static.casadomo.com\/media\/2020\/11\/7-Congreso-Smart-Grids-Programa-Reunion-Comite-Tecnico-800.png 800w, https:\/\/static.casadomo.com\/media\/2020\/11\/7-Congreso-Smart-Grids-Programa-Reunion-Comite-Tecnico-800-300x229.png 300w, https:\/\/static.casadomo.com\/media\/2020\/11\/7-Congreso-Smart-Grids-Programa-Reunion-Comite-Tecnico-800-768x587.png 768w, https:\/\/static.casadomo.com\/media\/2020\/11\/7-Congreso-Smart-Grids-Programa-Reunion-Comite-Tecnico-800-180x137.png 180w\" sizes=\"auto, (max-width: 800px) 100vw, 800px\"><figcaption id=\"caption-attachment-82323\" class=\"wp-caption-text\">La segunda reuni\u00f3n online del Comit\u00e9 T\u00e9cnico defini\u00f3 el programa del Congreso que se compone de una conferencia magistral, tres mesas redondas y 13 ponencias orales.<\/figcaption><\/figure>\n<p>A lo largo del Congreso, de un d\u00eda de duraci\u00f3n, se llevar\u00e1n a cabo una conferencia magistral, tres mesas redondas y la exposici\u00f3n de 13 ponencias orales:<\/p>\n<ul>\n<li>La conferencia magistral abordar\u00e1 el papel de las redes el\u00e9ctricas en la transici\u00f3n energ\u00e9tica en Espa\u00f1a, abordando las pol\u00edticas y estrategias en inversiones necesarias para alcanzar ese objetivo.<\/li>\n<li>La primera mesa redonda, \u201cLa digitalizaci\u00f3n de la baja tensi\u00f3n y su integraci\u00f3n en las smart grids\u00bb, se centrar\u00e1 en un tema imprescindible para conseguir una digitalizaci\u00f3n total de las redes el\u00e9ctricas.<\/li>\n<li>Bajo el t\u00edtulo \u201cComunidades energ\u00e9ticas: Nuevos modelos de consumo compartido\u201d, la segunda mesa redonda generar\u00e1 un debate multidisciplinar sobre una nueva y revolucionaria perspectiva del consumo energ\u00e9tico.<\/li>\n<li>Y la tercera mesa redonda, \u201cRetos y oportunidades del almacenamiento en las redes el\u00e9ctricas inteligentes\u201d, analizar\u00e1 un tema clave para poder abordar cambios estrat\u00e9gicos en nuestro modelo energ\u00e9tico.<\/li>\n<li>Las 13 ponencias orales abarcar\u00e1n una gran variedad de proyectos relacionados con los principales aspectos de las smart grids en Espa\u00f1a. Las ponencias seleccionadas representan a las diferentes \u00e1reas tem\u00e1ticas del Congreso: Modelos de Flexibilidad y Mercado; La revoluci\u00f3n en la Baja Tensi\u00f3n; Las Redes El\u00e9ctricas en el contexto de las Pol\u00edticas de Energ\u00eda y Clima; Digitalizaci\u00f3n y Tecnolog\u00edas Disruptivas; Equipos Avanzados, Control, Operaci\u00f3n, Protecci\u00f3n, Calidad del Suministro y Gesti\u00f3n de Activos en las Redes El\u00e9ctricas de Transporte y de Distribuci\u00f3n.<\/li>\n<\/ul>\n<p>Todas las propuestas aceptadas por el Comit\u00e9 T\u00e9cnico ser\u00e1n publicadas en el Libro de Comunicaciones del VII Congreso Smart Grids, y en formato digital a trav\u00e9s del portal <a href=\"https:\/\/www.smartgridsinfo.es\/\">SMARTGRIDSINFO<\/a> con posterioridad a la celebraci\u00f3n del evento. El libro estar\u00e1 disponible para su descarga libre en pdf para todos los profesionales del sector y para su compra en papel a trav\u00e9s de Amazon.<\/p>\n<p>Tanto en la inauguraci\u00f3n como en la clausura, el Congreso contar\u00e1 con alta representaci\u00f3n institucional, con representantes de la Administraci\u00f3n, de FutuRed y de entidades destacadas del sector.<\/p>\n<h2>Comit\u00e9 T\u00e9cnico VII Congreso Smart Grids<\/h2>\n<p>El <a href=\"https:\/\/www.congreso-smartgrids.es\/comite-tecnico\/\" target=\"_blank\" rel=\"noopener noreferrer\">Comit\u00e9 T\u00e9cnico<\/a> del VII Congreso Smart Grids est\u00e1 formado por m\u00e1s de 50 profesionales expertos de diversos perfiles y con amplia experiencia en cada una de las \u00e1reas tem\u00e1ticas que abordar\u00e1 el Congreso.<\/p>\n<p>Cuenta con representantes de las siguientes entidades: AEDIVE, AELEC, AEPIBAL, AFBEL, AFCE, ASEME, BatteryPlat, CCII, CDTI, CEDER-CIEMAT, CEDOM, CENER, CARTIF, CGCOII, CIC Energigune, CICCP, CIDE, Cl\u00faster de Energ\u00eda del Pa\u00eds Vasco, CNH2, CNI INSTALADORES, COIIM, ENERCLUB, ENTRA Agregaci\u00f3n y Flexibilidad, FENITEL, IMDEA ENERG\u00cdA, Instituto de Almacenamiento Energ\u00e9tico Albufera, IREC, ITE, PESI, PLANETIC, Red El\u00e9ctrica de Espa\u00f1a, SERCOBE, TECNALIA, T&amp;D Europe, UVA, FutuRed y Grupo Tecma Red.<\/p>\n<h2>Abierto el plazo de inscripci\u00f3n 100% online<\/h2>\n<p>El VII Congreso Smart Grids, mediante esta nueva modalidad online, posibilitar\u00e1 el seguimiento de todos los contenidos del Congreso en streaming. Adem\u00e1s, durante el evento se podr\u00e1 participar en los chats con los ponentes, descargar el libro de comunicaciones y disponer de todas las ponencias.<\/p>\n<p>El plazo de inscripci\u00f3n del VII Congreso Smart Grids estar\u00e1 abierto hasta el mismo d\u00eda del evento. Existen condiciones especiales para miembros de apoyos institucionales, entidades colaboradoras, autores de comunicaciones y patrocinadores. Adem\u00e1s, existen descuentos espec\u00edficos para profesionales menores de 30 a\u00f1os, estudiantes y desempleados (plazas limitadas). Para m\u00e1s informaci\u00f3n y formalizar la inscripci\u00f3n dirigirse a la web del Congreso: <a href=\"http:\/\/www.congreso-smartgrids.es\/inscripciones\/\" target=\"_blank\" rel=\"noopener noreferrer\">www.congreso-smartgrids.es\/inscripciones<\/a><\/p>\n<h2>Organizaci\u00f3n, patrocinios, apoyo y colaboradores<\/h2>\n<p>Hasta el momento han confirmado la colaboraci\u00f3n y patrocinio las siguientes entidades:<\/p>\n<ul>\n<li>\n<u>Organiza<\/u>: Grupo Tecma Red<\/li>\n<li>\n<u>Co-organiza<\/u>: FutuRed<\/li>\n<li>\n<u>Patrocinio Oro<\/u>: Schneider Electric<\/li>\n<li>\n<u>Patrocinio Plata<\/u>: Lacroix Sofrel Espa\u00f1a<\/li>\n<li>\n<u>Apoyo Institucional<\/u>: Ayuntamiento de Madrid<\/li>\n<li>\n<u>Colaboradores<\/u>: A3E, ACE, ACOGEN, AEDIVE, AELEC, AEPIBAL, AFBEL, AFCE, AMETIC, AMI, ANAE, ANESE, ASEME, APYDE, BatteryPlat, BREEAM.ES, AHK, CCII, CDTI, CEDOM, CEIT-IK4, CENER, CNH2, CIC ENERGIGUNE, CIDE, CIEMAT, CIRCE, ENERCLUB, Cl\u00faster Energ\u00eda Pa\u00eds Vasco, CNI Instaladores, CICCP Madrid, CGCOII, COIIM, COIT, COITT\/AEGITT, CONAIF, CREVER, EMVS, ENERAGEN, ENERGYLAB, Enginyers Industrials de Catalunya, FECOTEL, FENIE, FENITEL, IEBS, IMDEA Energ\u00eda, IO-CSIC, IREC, ITE, KNX Espa\u00f1a, PESI, PLANETIC, RECI, SECARTYS, SERCOBE, TECNALIA, T&amp;D Europe, UNEF, Universidad de Valencia, Universidad de Valladolid<\/li>\n<\/ul>\n<p>La entrada <a rel=\"nofollow\" href=\"https:\/\/www.casadomo.com\/2020\/11\/17\/digitalizacion-baja-tension-comunidades-energeticas-almacenamiento-protagonizaran-7-congreso-smart-grids-16-diciembre-2020\">Digitalizaci\u00f3n de la baja tensi\u00f3n, comunidades energ\u00e9ticas y almacenamiento protagonizar\u00e1n el VII Congreso Smart Grids el 16 de diciembre de 2020<\/a> aparece primero en <a rel=\"nofollow\" href=\"https:\/\/www.casadomo.com\/\">CASADOMO<\/a>.<\/p>\n<\/div>\n","protected":false},"excerpt":{"rendered":"<p>El VII Congreso Smart Grids, la cita de referencia del sector de las redes el\u00e9ctricas inteligentes en Espa\u00f1a, tendr\u00e1 lugar el 16 de diciembre de 2020, por primera vez en un formato 100% online. El programa de esta s\u00e9ptima edici\u00f3n cuenta con una conferencia magistral, varias mesas redondas sobre la digitalizaci\u00f3n de la baja tensi\u00f3n, &hellip; <a href=\"https:\/\/domosistemas.com\/?p=12812\" class=\"more-link\">Sigue leyendo <span class=\"screen-reader-text\">Digitalizaci\u00f3n de la baja tensi\u00f3n, comunidades energ\u00e9ticas y almacenamiento protagonizar\u00e1n el VII Congreso Smart Grids el 16 de diciembre de 2020<\/span><\/a><\/p>\n","protected":false},"author":1,"featured_media":0,"comment_status":"closed","ping_status":"closed","sticky":false,"template":"","format":"standard","meta":{"footnotes":""},"categories":[3],"tags":[],"class_list":["post-12812","post","type-post","status-publish","format-standard","hentry","category-casadomo-com"],"_links":{"self":[{"href":"https:\/\/domosistemas.com\/index.php?rest_route=\/wp\/v2\/posts\/12812","targetHints":{"allow":["GET"]}}],"collection":[{"href":"https:\/\/domosistemas.com\/index.php?rest_route=\/wp\/v2\/posts"}],"about":[{"href":"https:\/\/domosistemas.com\/index.php?rest_route=\/wp\/v2\/types\/post"}],"author":[{"embeddable":true,"href":"https:\/\/domosistemas.com\/index.php?rest_route=\/wp\/v2\/users\/1"}],"replies":[{"embeddable":true,"href":"https:\/\/domosistemas.com\/index.php?rest_route=%2Fwp%2Fv2%2Fcomments&post=12812"}],"version-history":[{"count":0,"href":"https:\/\/domosistemas.com\/index.php?rest_route=\/wp\/v2\/posts\/12812\/revisions"}],"wp:attachment":[{"href":"https:\/\/domosistemas.com\/index.php?rest_route=%2Fwp%2Fv2%2Fmedia&parent=12812"}],"wp:term":[{"taxonomy":"category","embeddable":true,"href":"https:\/\/domosistemas.com\/index.php?rest_route=%2Fwp%2Fv2%2Fcategories&post=12812"},{"taxonomy":"post_tag","embeddable":true,"href":"https:\/\/domosistemas.com\/index.php?rest_route=%2Fwp%2Fv2%2Ftags&post=12812"}],"curies":[{"name":"wp","href":"https:\/\/api.w.org\/{rel}","templated":true}]}}