{"id":12853,"date":"2020-11-24T03:00:53","date_gmt":"2020-11-24T03:00:53","guid":{"rendered":"https:\/\/domosistemas.com\/?p=12853"},"modified":"2020-11-24T03:00:53","modified_gmt":"2020-11-24T03:00:53","slug":"rise-spotlights-el-foro-digital-mensual-centrado-en-las-areas-clave-de-ise-2021","status":"publish","type":"post","link":"https:\/\/domosistemas.com\/?p=12853","title":{"rendered":"RISE Spotlights, el foro digital mensual centrado en las \u00e1reas clave de ISE 2021"},"content":{"rendered":"<div>\n<p>Integrated Systems Events, organizador de la feria Integrated Systems Europe (<a href=\"https:\/\/www.iseurope.org\/\" target=\"_blank\" rel=\"noopener noreferrer\">ISE<\/a>), ha anunciado el lanzamiento de <a href=\"https:\/\/www.iseurope.org\/content-hub\/rise-series-2021\/\" target=\"_blank\" rel=\"noopener noreferrer\">RISE Spotlights<\/a>, un foro que tiene el objetivo de generar conversaciones en la industria, as\u00ed como impulsar el compromiso entre los asistentes, expositores y socios de la feria antes de ISE 2021, que tendr\u00e1 lugar en Fira de Barcelona, del 1 al 4 de junio de 2021.<\/p>\n<figure id=\"attachment_82609\" aria-describedby=\"caption-attachment-82609\" style=\"width: 800px\" class=\"wp-caption aligncenter\"><img decoding=\"async\" loading=\"lazy\" class=\"size-full wp-image-82609\" src=\"https:\/\/static.casadomo.com\/media\/2020\/11\/ise-rise-spotlights-foto-digital-gratuito-materias-feria.png\" alt=\"Rise Spotlights de ISE2021.\" width=\"800\" height=\"388\" srcset=\"https:\/\/static.casadomo.com\/media\/2020\/11\/ise-rise-spotlights-foto-digital-gratuito-materias-feria.png 800w, https:\/\/static.casadomo.com\/media\/2020\/11\/ise-rise-spotlights-foto-digital-gratuito-materias-feria-300x146.png 300w, https:\/\/static.casadomo.com\/media\/2020\/11\/ise-rise-spotlights-foto-digital-gratuito-materias-feria-768x372.png 768w, https:\/\/static.casadomo.com\/media\/2020\/11\/ise-rise-spotlights-foto-digital-gratuito-materias-feria-180x87.png 180w\" sizes=\"auto, (max-width: 800px) 100vw, 800px\"><figcaption id=\"caption-attachment-82609\" class=\"wp-caption-text\">RISE Spotlights ofrecer\u00e1 diversos eventos digitales gratuitos para hablar de las claves centrales de ISE 2021.<\/figcaption><\/figure>\n<p>RISE Spotlights estar\u00e1 compuesto por una serie de eventos digitales gratuitos, de car\u00e1cter mensual y de dos horas de duraci\u00f3n, que se centrar\u00e1n en las \u00e1reas de soluciones clave en ISE 2021. Integrated Systems Events contar\u00e1 con la colaboraci\u00f3n de The Next Web (TNW), que apoyar\u00e1 los eventos digitales con contenido \u00fanico de expertos mundiales en la materia, emprendedores tecnol\u00f3gicos y empresas emergentes. El contenido incluye mesas redondas, entrevistas y reuniones virtuales interactivas.<\/p>\n<h2>Primer evento mensual<\/h2>\n<p>El 24 de noviembre, a las 14:00 horas, se celebrar\u00e1 el primer RISE Spotlight, que tratar\u00e1 sobre las comunicaciones unificadas y las tecnolog\u00edas de colaboraci\u00f3n, focaliz\u00e1ndose en la \u2018Evoluci\u00f3n del espacio de trabajo\u2019. Esta tem\u00e1tica ha tenido mucha relevancia en los \u00faltimos meses debido a la pandemia de COVID-19, que ha acelerado el cambio al teletrabajo, al tiempo que ha abierto un debate de c\u00f3mo ser\u00e1 el futuro del trabajo.<\/p>\n<p>Este evento ofrecer\u00e1 informaci\u00f3n sobre las \u00faltimas tendencias y explorar\u00e1 c\u00f3mo las empresas y las personas deben equiparse y organizarse para adaptarse a las nuevas normas laborales. En el primer RISE Spotlight participar\u00e1n Marit Janssen, consultora de transformaci\u00f3n en ABN AMOR; John Egan, director ejecutivo de L&#8217;Atelier; Jon Sidwick, presidente de Collabtech Group; y Sean Wargo, director senior de inteligencia de mercado en AVIXA, entre otros profesionales.<\/p>\n<p>Los interesados en participar en este evento online deben realizar previamente la <a href=\"https:\/\/hopin.com\/events\/rise-spotlight-workspace-evolution\" target=\"_blank\" rel=\"noopener noreferrer\">inscripci\u00f3n<\/a>.<\/p>\n<p>La entrada <a rel=\"nofollow\" href=\"https:\/\/www.casadomo.com\/2020\/11\/24\/rise-spotlights-foro-digital-mensual-centrado-areas-clave-ise-2021\">RISE Spotlights, el foro digital mensual centrado en las \u00e1reas clave de ISE 2021<\/a> aparece primero en <a rel=\"nofollow\" href=\"https:\/\/www.casadomo.com\/\">CASADOMO<\/a>.<\/p>\n<\/div>\n","protected":false},"excerpt":{"rendered":"<p>Integrated Systems Events, organizador de la feria Integrated Systems Europe (ISE), ha anunciado el lanzamiento de RISE Spotlights, un foro que tiene el objetivo de generar conversaciones en la industria, as\u00ed como impulsar el compromiso entre los asistentes, expositores y socios de la feria antes de ISE 2021, que tendr\u00e1 lugar en Fira de Barcelona, &hellip; <a href=\"https:\/\/domosistemas.com\/?p=12853\" class=\"more-link\">Sigue leyendo <span class=\"screen-reader-text\">RISE Spotlights, el foro digital mensual centrado en las \u00e1reas clave de ISE 2021<\/span><\/a><\/p>\n","protected":false},"author":1,"featured_media":0,"comment_status":"closed","ping_status":"closed","sticky":false,"template":"","format":"standard","meta":{"footnotes":""},"categories":[3],"tags":[],"class_list":["post-12853","post","type-post","status-publish","format-standard","hentry","category-casadomo-com"],"_links":{"self":[{"href":"https:\/\/domosistemas.com\/index.php?rest_route=\/wp\/v2\/posts\/12853","targetHints":{"allow":["GET"]}}],"collection":[{"href":"https:\/\/domosistemas.com\/index.php?rest_route=\/wp\/v2\/posts"}],"about":[{"href":"https:\/\/domosistemas.com\/index.php?rest_route=\/wp\/v2\/types\/post"}],"author":[{"embeddable":true,"href":"https:\/\/domosistemas.com\/index.php?rest_route=\/wp\/v2\/users\/1"}],"replies":[{"embeddable":true,"href":"https:\/\/domosistemas.com\/index.php?rest_route=%2Fwp%2Fv2%2Fcomments&post=12853"}],"version-history":[{"count":0,"href":"https:\/\/domosistemas.com\/index.php?rest_route=\/wp\/v2\/posts\/12853\/revisions"}],"wp:attachment":[{"href":"https:\/\/domosistemas.com\/index.php?rest_route=%2Fwp%2Fv2%2Fmedia&parent=12853"}],"wp:term":[{"taxonomy":"category","embeddable":true,"href":"https:\/\/domosistemas.com\/index.php?rest_route=%2Fwp%2Fv2%2Fcategories&post=12853"},{"taxonomy":"post_tag","embeddable":true,"href":"https:\/\/domosistemas.com\/index.php?rest_route=%2Fwp%2Fv2%2Ftags&post=12853"}],"curies":[{"name":"wp","href":"https:\/\/api.w.org\/{rel}","templated":true}]}}