{"id":12983,"date":"2020-12-18T10:11:21","date_gmt":"2020-12-18T10:11:21","guid":{"rendered":"https:\/\/domosistemas.com\/?p=12983"},"modified":"2020-12-18T10:11:21","modified_gmt":"2020-12-18T10:11:21","slug":"el-vii-congreso-smart-grids-identifica-las-redes-electricas-inteligentes-como-eje-de-la-transicion-energetica-y-de-la-reactivacion-economica","status":"publish","type":"post","link":"https:\/\/domosistemas.com\/?p=12983","title":{"rendered":"El VII Congreso Smart Grids identifica las redes el\u00e9ctricas inteligentes como eje de la transici\u00f3n energ\u00e9tica y de la reactivaci\u00f3n econ\u00f3mica"},"content":{"rendered":"<div>\n<p>M\u00e1s de 200 congresistas asistieron al <a href=\"https:\/\/www.congreso-smartgrids.es\/\" target=\"_blank\" rel=\"noopener noreferrer\">VII Congreso Smart Grids<\/a>, que se celebr\u00f3 el 16 de diciembre por primera vez en formato online. Organizado por <a href=\"https:\/\/www.grupotecmared.es\/\" target=\"_blank\" rel=\"noopener noreferrer\">Grupo Tecma Red<\/a> y co-organizado por FutuRed, la Plataforma Tecnol\u00f3gica Espa\u00f1ola de Redes El\u00e9ctricas, esta s\u00e9ptima edici\u00f3n ha tenido lugar en un a\u00f1o energ\u00e9tico muy activo a nivel normativo y en un contexto en el que el sistema el\u00e9ctrico vive un momento sin precedentes motivado por la transici\u00f3n energ\u00e9tica.<\/p>\n<figure id=\"attachment_83609\" aria-describedby=\"caption-attachment-83609\" style=\"width: 800px\" class=\"wp-caption aligncenter\"><img decoding=\"async\" loading=\"lazy\" class=\"size-full wp-image-83609\" src=\"https:\/\/static.casadomo.com\/media\/2020\/12\/800-Congreso-Smart-Grids-Resultados-Inauguracion-Clausura-800.png\" alt=\"Inauguraci\u00f3n, Clausura y Ponencia Inaugural\" width=\"800\" height=\"460\" srcset=\"https:\/\/static.casadomo.com\/media\/2020\/12\/800-Congreso-Smart-Grids-Resultados-Inauguracion-Clausura-800.png 800w, https:\/\/static.casadomo.com\/media\/2020\/12\/800-Congreso-Smart-Grids-Resultados-Inauguracion-Clausura-800-300x173.png 300w, https:\/\/static.casadomo.com\/media\/2020\/12\/800-Congreso-Smart-Grids-Resultados-Inauguracion-Clausura-800-768x442.png 768w, https:\/\/static.casadomo.com\/media\/2020\/12\/800-Congreso-Smart-Grids-Resultados-Inauguracion-Clausura-800-180x104.png 180w\" sizes=\"auto, (max-width: 800px) 100vw, 800px\"><figcaption id=\"caption-attachment-83609\" class=\"wp-caption-text\">En la inauguraci\u00f3n y clausura se cont\u00f3 con la intervenci\u00f3n del director del Congreso Smart Grids y de los representantes de FutuRed, y la ponencia inaugural fue impartida por Miguel Rodrigo, del IDAE.<\/figcaption><\/figure>\n<p>La inauguraci\u00f3n de la cita de referencia del sector de las redes el\u00e9ctricas inteligentes en Espa\u00f1a cont\u00f3 con la intervenci\u00f3n de Ra\u00fal Su\u00e1rez, presidente de FutuRed, quien afirm\u00f3 que la celebraci\u00f3n de esta s\u00e9ptima edici\u00f3n supone la constataci\u00f3n de que las smart grids se han convertido en elemento imprescindible del sistema el\u00e9ctrico, que se acelerar\u00e1 al ser identificado como uno de los sectores de actividad clave en el Plan de Recuperaci\u00f3n de la econom\u00eda espa\u00f1ola dentro del marco Next Generation de la Uni\u00f3n Europea.<\/p>\n<p>Por su parte, el director del Congreso Smart Grids, Stefan Junestrand, se\u00f1al\u00f3 el momento de m\u00e1xima relevancia para la celebraci\u00f3n de esta edici\u00f3n, \u201cjusto cinco a\u00f1os despu\u00e9s del Acuerdo de Par\u00eds y tras la reciente aprobaci\u00f3n de nuevos marcos normativos en materia de energ\u00eda, que aspiran a impulsar la reactivaci\u00f3n econ\u00f3mica y la transici\u00f3n energ\u00e9tica en nuestro pa\u00eds, adem\u00e1s de potenciar las smart grids como un elemento clave en este proceso de transformaci\u00f3n\u201d.<\/p>\n<h2>Las redes el\u00e9ctricas inteligentes en la transici\u00f3n energ\u00e9tica<\/h2>\n<p>Abordar el papel de las redes el\u00e9ctricas inteligentes en la transici\u00f3n energ\u00e9tica en Espa\u00f1a, con una visi\u00f3n amplia en el marco del Plan de Recuperaci\u00f3n presentado recientemente por el Gobierno, fue el objetivo de la ponencia inaugural impartida por Miguel Rodrigo, jefe Departamento Marco Regulatorio y Estrategia Corporativa del Instituto para la Diversificaci\u00f3n y Ahorro de la Energ\u00eda (IDAE). En su intervenci\u00f3n, destac\u00f3 la gran actividad normativa desarrollada este a\u00f1o en materia energ\u00e9tica en Espa\u00f1a y realiz\u00f3 un repaso de las tendencias en pol\u00edtica energ\u00e9tica europea. Se\u00f1al\u00f3 la flexibilidad, la electrificaci\u00f3n y la ambici\u00f3n reforzada como ejes clave, as\u00ed como la importancia de la eficiencia energ\u00e9tica y del consenso generalizado de que es el momento de acelerar.<\/p>\n<figure id=\"attachment_83607\" aria-describedby=\"caption-attachment-83607\" style=\"width: 800px\" class=\"wp-caption aligncenter\"><img decoding=\"async\" loading=\"lazy\" class=\"size-full wp-image-83607\" src=\"https:\/\/static.casadomo.com\/media\/2020\/12\/800-7-Congreso-Smart-Grids-Resultados-Mesas-Redondas.png\" alt=\"Mesas Redondas VII Congreso Smart Grids\" width=\"800\" height=\"522\" srcset=\"https:\/\/static.casadomo.com\/media\/2020\/12\/800-7-Congreso-Smart-Grids-Resultados-Mesas-Redondas.png 800w, https:\/\/static.casadomo.com\/media\/2020\/12\/800-7-Congreso-Smart-Grids-Resultados-Mesas-Redondas-300x196.png 300w, https:\/\/static.casadomo.com\/media\/2020\/12\/800-7-Congreso-Smart-Grids-Resultados-Mesas-Redondas-768x501.png 768w, https:\/\/static.casadomo.com\/media\/2020\/12\/800-7-Congreso-Smart-Grids-Resultados-Mesas-Redondas-180x117.png 180w\" sizes=\"auto, (max-width: 800px) 100vw, 800px\"><figcaption id=\"caption-attachment-83607\" class=\"wp-caption-text\">Moderadores y ponentes de las tres mesas redondas analizaron la digitalizaci\u00f3n de la baja tensi\u00f3n, las comunidades energ\u00e9ticas y el almacenamiento en las smart grids.<\/figcaption><\/figure>\n<p>Por otro lado, la digitalizaci\u00f3n de la baja tensi\u00f3n, las comunidades energ\u00e9ticas y el almacenamiento en las smart grids protagonizaron las tres mesas redondas del Congreso, en las que representantes de administraciones p\u00fablicas, expertos y empresas aportaron sus experiencias y plantearon las acciones a priorizar en la actualidad.<\/p>\n<p>La primera mesa redonda analiz\u00f3 la digitalizaci\u00f3n de la baja tensi\u00f3n y su integraci\u00f3n en las smart grids, destacando la flexibilidad, la telegesti\u00f3n, la integraci\u00f3n del veh\u00edculo el\u00e9ctrico y la necesidad de digitalizaci\u00f3n, automatizaci\u00f3n y gesti\u00f3n del uso. Por su parte, las comunidades energ\u00e9ticas protagonizaron la segunda mesa redonda, a las que se identific\u00f3 como un gran componente de innovaci\u00f3n social y una herramienta clave para la descarbonizaci\u00f3n y aceleraci\u00f3n de todo el proceso de transici\u00f3n energ\u00e9tica. Finalmente, en la tercera mesa redonda se abordaron los retos y oportunidades del almacenamiento en las redes el\u00e9ctricas inteligentes, analizando diferentes tecnolog\u00edas como las bater\u00edas o el hidr\u00f3geno renovable.<\/p>\n<p>La jornada se complet\u00f3 con la exposici\u00f3n de 13 ponencias orales seleccionadas por el Comit\u00e9 T\u00e9cnico de entre las 44 propuestas recibidas en el Llamamiento de Comunicaciones, basadas en las \u00e1reas tem\u00e1ticas del Congreso: Modelos de Flexibilidad y Mercado; La revoluci\u00f3n en la Baja Tensi\u00f3n; Las Redes El\u00e9ctricas en el contexto de las Pol\u00edticas de Energ\u00eda y Clima; Digitalizaci\u00f3n y Tecnolog\u00edas Disruptivas; Equipos Avanzados, Control, Operaci\u00f3n, Protecci\u00f3n, Calidad del Suministro y Gesti\u00f3n de Activos en las Redes El\u00e9ctricas de Transporte y de Distribuci\u00f3n.<\/p>\n<figure id=\"attachment_83608\" aria-describedby=\"caption-attachment-83608\" style=\"width: 800px\" class=\"wp-caption aligncenter\"><img decoding=\"async\" loading=\"lazy\" class=\"size-full wp-image-83608\" src=\"https:\/\/static.casadomo.com\/media\/2020\/12\/800-7-Congreso-Smart-Grids-Resultados-Ponencias.png\" alt=\"Ponencias VII Congreso Smart Grids\" width=\"800\" height=\"461\" srcset=\"https:\/\/static.casadomo.com\/media\/2020\/12\/800-7-Congreso-Smart-Grids-Resultados-Ponencias.png 800w, https:\/\/static.casadomo.com\/media\/2020\/12\/800-7-Congreso-Smart-Grids-Resultados-Ponencias-300x173.png 300w, https:\/\/static.casadomo.com\/media\/2020\/12\/800-7-Congreso-Smart-Grids-Resultados-Ponencias-768x443.png 768w, https:\/\/static.casadomo.com\/media\/2020\/12\/800-7-Congreso-Smart-Grids-Resultados-Ponencias-180x104.png 180w\" sizes=\"auto, (max-width: 800px) 100vw, 800px\"><figcaption id=\"caption-attachment-83608\" class=\"wp-caption-text\">A lo largo de la jornada se presentaron las 13 ponencias orales seleccionadas por el Comit\u00e9 T\u00e9cnico.<\/figcaption><\/figure>\n<p>Los m\u00e1s de 200 congresistas pudieron seguir el evento en streaming a trav\u00e9s de la web y plantear preguntas a los ponentes en un chat habilitado para compartir conocimientos y experiencias, ofreciendo una experiencia participativa para todos los asistentes.<\/p>\n<p>El VII Congreso Smart Grids constat\u00f3 el avance de las redes el\u00e9ctricas inteligentes y analiz\u00f3 los retos a afrontar en los pr\u00f3ximos a\u00f1os, a trav\u00e9s de las reflexiones de los ponentes y de la exposici\u00f3n de las \u00faltimas iniciativas puestas en marcha por administraciones y empresas.<\/p>\n<p>Francisco Barcel\u00f3, vicepresidente de FutuRed, intervino en la clausura del Congreso, realizando un repaso de los contenidos planteados a lo largo de la jornada y destacando la electrificaci\u00f3n y la transformaci\u00f3n digital como los grandes retos actuales de las redes el\u00e9ctricas.<\/p>\n<p>El director del Congreso agradeci\u00f3 el apoyo de instituciones, empresas, organizaciones y asociaciones colaboradoras, adem\u00e1s de los miembros del Comit\u00e9 T\u00e9cnico, ponentes y congresistas que han hecho posible la celebraci\u00f3n de esta s\u00e9ptima edici\u00f3n. \u201cHemos disfrutado de una jornada con un programa excelente, gracias a la ponencia inaugural, mesas redondas con debates de alt\u00edsimo nivel, y ponencias con una gran variedad de tem\u00e1ticas que realmente reflejan la amplitud y complejidad del sector de las smart grids\u201d, concluy\u00f3 Stefan Junestrand.<\/p>\n<h2>Organizaci\u00f3n, patrocinios, apoyo, comit\u00e9 t\u00e9cnico y colaboradores<\/h2>\n<ul>\n<li>\n<u>Organiza<\/u>: Grupo Tecma Red<\/li>\n<li>\n<u>Co-organiza<\/u>: FutuRed<\/li>\n<li>\n<u>Patrocinio Oro<\/u>: Schneider Electric<\/li>\n<li>\n<u>Patrocinio Plata<\/u>: Lacroix Sofrel Espa\u00f1a<\/li>\n<li>\n<u>Apoyo Institucional<\/u>: Ayuntamiento de Madrid<\/li>\n<li>\n<u>Comit\u00e9 T\u00e9cnico:<\/u> AEDIVE, AELEC, AEPIBAL, AFBEL, AFCE, ASEME, BatteryPlat, CCII, CDTI, CEDER-CIEMAT, CEDOM, CENER, CARTIF, CGCOII, CIC Energigune, CICCP, CIDE, Cl\u00faster de Energ\u00eda del Pa\u00eds Vasco, CNH2, CNI INSTALADORES, COIIM, ENERCLUB, ENTRA Agregaci\u00f3n y Flexibilidad, FENITEL, IMDEA ENERG\u00cdA, Instituto de Almacenamiento Energ\u00e9tico Albufera, IREC, ITE, PESI, PLANETIC, Red El\u00e9ctrica de Espa\u00f1a, SERCOBE, TECNALIA, T&amp;D Europe, UVA, FutuRed y Grupo Tecma Red<\/li>\n<li>\n<u>Colaboradores<\/u>: A3E, ACE, ACOGEN, AEDIVE, AELEC, AEPIBAL, AFBEL, AFCE, AMETIC, AMI, ANAE, ANESE, ASEME, APYDE, BatteryPlat, BREEAM.ES, AHK, CCII, CDTI, CEDOM, CEIT-IK4, CENER, CNH2, CIC ENERGIGUNE, CIDE, CIEMAT, CIRCE, ENERCLUB, Cl\u00faster Energ\u00eda Pa\u00eds Vasco, CNI Instaladores, CICCP Madrid, CGCOII, COIIM, COIT, COITT\/AEGITT, CONAIF, CONCITI, CREVER, EMVS, ENERAGEN, ENERGYLAB, Enginyers Industrials de Catalunya, FECOTEL, FENIE, FENITEL, IEBS, IMDEA Energ\u00eda, IO-CSIC, IREC, ITE, KNX Espa\u00f1a, PESI, PLANETIC, RECI, SECARTYS, SERCOBE, TECNALIA, T&amp;D Europe, UNEF, Universidad de Valencia, Universidad de Valladolid<\/li>\n<\/ul>\n<p>La entrada <a rel=\"nofollow\" href=\"https:\/\/www.casadomo.com\/2020\/12\/18\/7-congreso-smart-grids-identifica-redes-electricas-inteligentes-eje-transicion-energetica-reactivacion-economica\">El VII Congreso Smart Grids identifica las redes el\u00e9ctricas inteligentes como eje de la transici\u00f3n energ\u00e9tica y de la reactivaci\u00f3n econ\u00f3mica<\/a> aparece primero en <a rel=\"nofollow\" href=\"https:\/\/www.casadomo.com\/\">CASADOMO<\/a>.<\/p>\n<\/div>\n","protected":false},"excerpt":{"rendered":"<p>M\u00e1s de 200 congresistas asistieron al VII Congreso Smart Grids, que se celebr\u00f3 el 16 de diciembre por primera vez en formato online. Organizado por Grupo Tecma Red y co-organizado por FutuRed, la Plataforma Tecnol\u00f3gica Espa\u00f1ola de Redes El\u00e9ctricas, esta s\u00e9ptima edici\u00f3n ha tenido lugar en un a\u00f1o energ\u00e9tico muy activo a nivel normativo y &hellip; <a href=\"https:\/\/domosistemas.com\/?p=12983\" class=\"more-link\">Sigue leyendo <span class=\"screen-reader-text\">El VII Congreso Smart Grids identifica las redes el\u00e9ctricas inteligentes como eje de la transici\u00f3n energ\u00e9tica y de la reactivaci\u00f3n econ\u00f3mica<\/span><\/a><\/p>\n","protected":false},"author":1,"featured_media":0,"comment_status":"closed","ping_status":"closed","sticky":false,"template":"","format":"standard","meta":{"footnotes":""},"categories":[3],"tags":[],"class_list":["post-12983","post","type-post","status-publish","format-standard","hentry","category-casadomo-com"],"_links":{"self":[{"href":"https:\/\/domosistemas.com\/index.php?rest_route=\/wp\/v2\/posts\/12983","targetHints":{"allow":["GET"]}}],"collection":[{"href":"https:\/\/domosistemas.com\/index.php?rest_route=\/wp\/v2\/posts"}],"about":[{"href":"https:\/\/domosistemas.com\/index.php?rest_route=\/wp\/v2\/types\/post"}],"author":[{"embeddable":true,"href":"https:\/\/domosistemas.com\/index.php?rest_route=\/wp\/v2\/users\/1"}],"replies":[{"embeddable":true,"href":"https:\/\/domosistemas.com\/index.php?rest_route=%2Fwp%2Fv2%2Fcomments&post=12983"}],"version-history":[{"count":0,"href":"https:\/\/domosistemas.com\/index.php?rest_route=\/wp\/v2\/posts\/12983\/revisions"}],"wp:attachment":[{"href":"https:\/\/domosistemas.com\/index.php?rest_route=%2Fwp%2Fv2%2Fmedia&parent=12983"}],"wp:term":[{"taxonomy":"category","embeddable":true,"href":"https:\/\/domosistemas.com\/index.php?rest_route=%2Fwp%2Fv2%2Fcategories&post=12983"},{"taxonomy":"post_tag","embeddable":true,"href":"https:\/\/domosistemas.com\/index.php?rest_route=%2Fwp%2Fv2%2Ftags&post=12983"}],"curies":[{"name":"wp","href":"https:\/\/api.w.org\/{rel}","templated":true}]}}