{"id":13016,"date":"2020-12-31T08:09:07","date_gmt":"2020-12-31T08:09:07","guid":{"rendered":"https:\/\/domosistemas.com\/?p=13016"},"modified":"2020-12-31T08:09:07","modified_gmt":"2020-12-31T08:09:07","slug":"asus-anuncia-el-monitor-proart-pa278cv-con-verificacion-calman-y-resolucion-qhd-esta-pensado-para-usuarios-avanzados","status":"publish","type":"post","link":"https:\/\/domosistemas.com\/?p=13016","title":{"rendered":"ASUS anuncia el monitor ProArt PA278CV: con verificaci\u00f3n Calman y resoluci\u00f3n QHD, est\u00e1 pensado para usuarios avanzados"},"content":{"rendered":"<div>\n<p>\n      <img decoding=\"async\" src=\"https:\/\/i.blogs.es\/1375d9\/asus-proart-pa278cv-2\/1024_2000.jpg\" alt=\"ASUS anuncia el monitor ProArt PA278CV: con verificaci\u00f3n Calman y resoluci\u00f3n QHD, est\u00e1 pensado para usuarios avanzados\">\n    <\/p>\n<p>ASUS sigue apostando por los <a href=\"https:\/\/www.xatakahome.com\/tag\/monitores\">monitores avanzados<\/a> para usuarios que buscan una pantalla con amplios \u00e1ngulos de visualizaci\u00f3n y una buena y <a href=\"https:\/\/www.xatakahome.com\/accesorios\/acer-anuncia-nueva-gama-monitores-conceptd-pensados-para-que-buscan-maxima-fidelidad-color-patalla\">precisa respuesta en la representaci\u00f3n del color<\/a>. Siguiendo esta l\u00ednea anuncia que ampl\u00eda la familia ProArt con la llegada de un nuevo integrante como es el monitor <strong>ASUS ProArt PA278CV<\/strong>.<\/p>\n<p><!-- BREAK 1 --><\/p>\n<p>Un monitor con un tama\u00f1o contenido en el que la empresa asi\u00e1tica busca acercarse al usuario que tanto a nivel dom\u00e9stico, como profesional, <strong>precisa sobre todo una fuel representaci\u00f3n en pantalla<\/strong>, dejando a un lado las prestaciones que s\u00ed que ofrecen por ejemplo los monitores gaming.<\/p>\n<p><!-- BREAK 2 --><!--more--><\/p>\n<h2>\u00a0Fiel representaci\u00f3n de los colores en pantalla<\/h2>\n<div class=\"article-asset-image article-asset-normal\">\n<div class=\"asset-content\">\n<p>  <img decoding=\"async\" alt=\"Asus Proart Pa278cv\" class=\"centro_sinmarco\" src=\"https:\/\/i.blogs.es\/21d0c9\/asus-proart-pa278cv\/450_1000.jpg\"><\/p><\/div>\n<\/div>\n<p>En este sentido, el ASUS ProArt PA278CV es un monitor de un tama\u00f1o contenido que cuenta un panel de tipo IPS con una diagonal de 27 pulgadas en el que <strong>logra una resoluci\u00f3n<\/strong> QHD (2.560 x 1.440 p\u00edxeles) en una relaci\u00f3n de aspecto de 16:9.<\/p>\n<p><!-- BREAK 3 --><\/p>\n<p>Este modelo ofrece una tasa de refresco de 75 Hz y un tiempo de respuesta de 5ms, valores como vemos, muy alejados de lo que podemos encontrar en un monitor paga juegos. <strong>Los cambios se perciben a partir de ahora<\/strong>, m\u00e1xime si tenemos en cuenta que este modelo est\u00e1 respaldado por la verificaci\u00f3n Calman.<\/p>\n<p><!-- BREAK 4 --><\/p>\n<div class=\"article-asset article-asset-normal article-asset-center\">\n<div class=\"desvio-container\">\n<div class=\"desvio\">\n<div class=\"desvio-figure js-desvio-figure\">\n    <a href=\"https:\/\/www.xataka.com\/perifericos\/nueve-monitores-4k-uhd-que-merece-pena-apostar-para-exprimir-al-maximo-nuestro-pc-mac\" target='\"_blank\"' rel=\"noopener\"><br \/>\n     <img decoding=\"async\" alt=\"Nueve monitores 4K UHD por los que merece la pena apostar para exprimir al m\u00e1ximo nuestro PC o Mac\" src=\"https:\/\/i.blogs.es\/72dda8\/monitor4kap\/375_142.jpg\"><br \/>\n    <\/a>\n   <\/div>\n<div class=\"desvio-summary\">\n<div class=\"desvio-taxonomy js-desvio-taxonomy\">\n     <a href=\"https:\/\/www.xataka.com\/perifericos\/nueve-monitores-4k-uhd-que-merece-pena-apostar-para-exprimir-al-maximo-nuestro-pc-mac\" class=\"desvio-taxonomy-anchor m-crosspost\" target='\"_blank\"' rel=\"noopener\">En Xataka<\/a>\n    <\/div>\n<p>    <a href=\"https:\/\/www.xataka.com\/perifericos\/nueve-monitores-4k-uhd-que-merece-pena-apostar-para-exprimir-al-maximo-nuestro-pc-mac\" class=\"desvio-title js-desvio-title\" target='\"_blank\"' rel=\"noopener\">Nueve monitores 4K UHD por los que merece la pena apostar para exprimir al m\u00e1ximo nuestro PC o Mac<\/a>\n   <\/div>\n<\/p><\/div>\n<\/p><\/div>\n<\/div>\n<p>Y es que el ASUS ProArt PA278CV cuenta con <strong>una cobertura del 100% de la gama de colores<\/strong> sRGB, Rec. 709 y para DCI-P3. Ofrece una profundidad de color de 8 bits, un brillo m\u00e1ximo de 350 nits y un contraste de 1000:1. <\/p>\n<p><!-- BREAK 5 --><\/p>\n<p>Y gracias a Calman, <strong>este modelo cuenta con distintos ajustes de color ya preestablecidos<\/strong>, permitiendo tambi\u00e9n el que el usuario pueda personalizar libremente los colores de la pantalla a su gusto con la paleta ProArt. De esta forma se pueden ajustar valores como el tono, la temperatura y la gamma del color. <\/p>\n<p><!-- BREAK 6 --><\/p>\n<p>Adem\u00e1s, <strong>ofrece el ajuste de color de 6 ejes<\/strong>, la selecci\u00f3n de temperatura de color, QuickFit, el sistema Trace Free, tecnolog\u00edas para reducir el impacto de la luz azul baja y minimizar el parpadeo certificadas por TUV Rheinland.<\/p>\n<p><!-- BREAK 7 --><\/p>\n<p>En cuanto a la conectividad, se incluyen un <strong>puerto HDMI 1.4b, dos DisplayPort 1.2<\/strong>, salida de auriculares jack de 3,5 mm, un hub con cuatro entradas USB-A 3.1 y un puerto USB-C con capacidad de carga. Adem\u00e1s, cuentan con un sistema de sonido auxiliar est\u00e9reo de 2&#215;2 vatios RMS de potencia.<\/p>\n<p><!-- BREAK 8 --><\/p>\n<h2>Precio y disponibilidad<\/h2>\n<p>Este modelo, que <strong>se encuentra por debajo en prestaciones de los otros integrantes<\/strong> de la familia ProArt <a href=\"https:\/\/www.xatakahome.com\/ordenadores\/asus-estrena-monitores-gama-alta-nuevos-proart-display-pa32ucx-p-pa27ucx-llegan-iluminacion-mini-led-fald\">que vimos en primavera<\/a>, ha sido anunciado, pero por ahora no hay fecha para su llegada a los distintos mercados ni tampoco del precio con el que debutar\u00e1 en las tiendas.<\/p>\n<p><!-- BREAK 9 --><\/p>\n<p>V\u00eda | <a href=\"https:\/\/www.displayspecifications.com\/en\/news\/5565468\">Displayspecifications<\/a><\/p>\n<p><script>\n (function() {\n  window._JS_MODULES = window._JS_MODULES || {};\n  var headElement = document.getElementsByTagName('head')[0];\n  if (_JS_MODULES.instagram) {\n   var instagramScript = document.createElement('script');\n   instagramScript.src = 'https:\/\/platform.instagram.com\/en_US\/embeds.js';\n   instagramScript.async = true;\n   instagramScript.defer = true;\n   headElement.appendChild(instagramScript);\n  }\n })();\n<\/script><\/p>\n<p> &#8211; <br \/> La noticia<br \/>\n      <a href=\"https:\/\/www.xatakahome.com\/accesorios\/asus-anuncia-monitor-proart-pa278cv-verificacion-calman-resolucion-qhd-esta-pensado-para-usuarios-avanzados?utm_source=feedburner&amp;utm_medium=feed&amp;utm_campaign=31_Dec_2020\"><br \/>\n       <em> ASUS anuncia el monitor ProArt PA278CV: con verificaci\u00f3n Calman y resoluci\u00f3n QHD, est\u00e1 pensado para usuarios avanzados <\/em><br \/>\n      <\/a><br \/>\n      fue publicada originalmente en<br \/>\n      <a href=\"https:\/\/www.xatakahome.com\/?utm_source=feedburner&amp;utm_medium=feed&amp;utm_campaign=31_Dec_2020\"><br \/>\n       <strong> Xataka Smart Home <\/strong><br \/>\n      <\/a><br \/>\n            por <a href=\"https:\/\/www.xatakahome.com\/autor\/jose-antonio-carmona?utm_source=feedburner&amp;utm_medium=feed&amp;utm_campaign=31_Dec_2020\"><br \/>\n       Jose Antonio<br \/>\n      <\/a><br \/>\n      . <\/p>\n<div class=\"feedflare\">\n<a href=\"http:\/\/feeds.weblogssl.com\/~ff\/Xatakahome?a=-OQo_jG0hJY:xExnex6E3tI:yIl2AUoC8zA\"><img decoding=\"async\" src=\"http:\/\/feeds.feedburner.com\/~ff\/Xatakahome?d=yIl2AUoC8zA\" border=\"0\"><\/a>\n<\/div>\n<p><img loading=\"lazy\" decoding=\"async\" src=\"http:\/\/feeds.feedburner.com\/~r\/Xatakahome\/~4\/-OQo_jG0hJY\" height=\"1\" width=\"1\" alt=\"\">\n<\/div>\n","protected":false},"excerpt":{"rendered":"<p>ASUS sigue apostando por los monitores avanzados para usuarios que buscan una pantalla con amplios \u00e1ngulos de visualizaci\u00f3n y una buena y precisa respuesta en la representaci\u00f3n del color. Siguiendo esta l\u00ednea anuncia que ampl\u00eda la familia ProArt con la llegada de un nuevo integrante como es el monitor ASUS ProArt PA278CV. Un monitor con &hellip; <a href=\"https:\/\/domosistemas.com\/?p=13016\" class=\"more-link\">Sigue leyendo <span class=\"screen-reader-text\">ASUS anuncia el monitor ProArt PA278CV: con verificaci\u00f3n Calman y resoluci\u00f3n QHD, est\u00e1 pensado para usuarios avanzados<\/span><\/a><\/p>\n","protected":false},"author":1,"featured_media":0,"comment_status":"closed","ping_status":"closed","sticky":false,"template":"","format":"standard","meta":{"footnotes":""},"categories":[8],"tags":[],"class_list":["post-13016","post","type-post","status-publish","format-standard","hentry","category-xataka"],"_links":{"self":[{"href":"https:\/\/domosistemas.com\/index.php?rest_route=\/wp\/v2\/posts\/13016","targetHints":{"allow":["GET"]}}],"collection":[{"href":"https:\/\/domosistemas.com\/index.php?rest_route=\/wp\/v2\/posts"}],"about":[{"href":"https:\/\/domosistemas.com\/index.php?rest_route=\/wp\/v2\/types\/post"}],"author":[{"embeddable":true,"href":"https:\/\/domosistemas.com\/index.php?rest_route=\/wp\/v2\/users\/1"}],"replies":[{"embeddable":true,"href":"https:\/\/domosistemas.com\/index.php?rest_route=%2Fwp%2Fv2%2Fcomments&post=13016"}],"version-history":[{"count":0,"href":"https:\/\/domosistemas.com\/index.php?rest_route=\/wp\/v2\/posts\/13016\/revisions"}],"wp:attachment":[{"href":"https:\/\/domosistemas.com\/index.php?rest_route=%2Fwp%2Fv2%2Fmedia&parent=13016"}],"wp:term":[{"taxonomy":"category","embeddable":true,"href":"https:\/\/domosistemas.com\/index.php?rest_route=%2Fwp%2Fv2%2Fcategories&post=13016"},{"taxonomy":"post_tag","embeddable":true,"href":"https:\/\/domosistemas.com\/index.php?rest_route=%2Fwp%2Fv2%2Ftags&post=13016"}],"curies":[{"name":"wp","href":"https:\/\/api.w.org\/{rel}","templated":true}]}}