{"id":13028,"date":"2021-01-05T11:13:18","date_gmt":"2021-01-05T11:13:18","guid":{"rendered":"https:\/\/domosistemas.com\/?p=13028"},"modified":"2021-01-05T11:13:18","modified_gmt":"2021-01-05T11:13:18","slug":"tcl-presentara-una-nueva-generacion-de-televisores-lcd-con-tecnologia-miniled-en-el-ces-2021","status":"publish","type":"post","link":"https:\/\/domosistemas.com\/?p=13028","title":{"rendered":"TCL presentar\u00e1 una nueva generaci\u00f3n de televisores LCD con tecnolog\u00eda miniLED en el CES 2021"},"content":{"rendered":"<div>\n<p>\n      <img decoding=\"async\" src=\"https:\/\/i.blogs.es\/27f32d\/ces-2021-teaser-tcl-1600x780\/1024_2000.jpg\" alt=\"TCL presentar\u00e1 una nueva generaci\u00f3n de televisores LCD con tecnolog\u00eda miniLED en el CES 2021\">\n    <\/p>\n<p>Este pr\u00f3ximo <a href=\"https:\/\/www.xatakahome.com\/tag\/ces-2021\">CES 2021<\/a> que comenzar\u00e1 la semana que viene est\u00e1 llamado a acercar al usuario medio las nuevas tecnolog\u00edas de imagen basadas en <strong>paneles LCD con retroiluminaci\u00f3n miniLED<\/strong>.<\/p>\n<p><!-- BREAK 1 --><\/p>\n<p>Si hace unos d\u00edas <a href=\"https:\/\/www.xatakahome.com\/televisores\/lg-lanzara-2021-sus-televisores-qned-miniled-10-modelos-4k-8k-86-pulgadas-2-500-zonas-fald\">era LG<\/a> la que confirmaba su apuesta por esta evoluci\u00f3n tecnol\u00f3gica, ahora ha sido <strong>TCL<\/strong>, pionera en el sector y con <a href=\"https:\/\/www.xatakahome.com\/televisores\/tcl-acerca-tecnologia-mini-led-a-gamas-medias-bajas-nuevos-televisores-serie-6-a-partir-650-dolares\">dos generaciones<\/a> ya en el mercado, la que ha avanzado sus intenciones para la feria, que pasan por mostrar la que ser\u00e1 su tercera generaci\u00f3n de <strong>televisores mini-LED<\/strong> y los que han denominado como <strong>tecnolog\u00edas \u2018Future Display\u2019<\/strong>.<\/p>\n<p><!-- BREAK 2 --><!--more--><\/p>\n<p>Aunque no se han concretado m\u00e1s detalles sobre los lanzamientos, es de suponer que la nueva generaci\u00f3n de mini-LED superar\u00e1  a los mostrados en 2020 donde el buque insignia del fabricante utilizaba la tecnolog\u00eda de <strong>integraci\u00f3n Viridian<\/strong> con una alta densidad de hasta <strong>25.000 mini-LEDs<\/strong> por panel y cerca de <strong>5.000 zonas de control de la luz FALD<\/strong> sobre una diagonal de 75 pulgadas y resoluci\u00f3n 8K.<\/p>\n<p><!-- BREAK 3 --><\/p>\n<div class=\"article-asset-image article-asset-normal\">\n<div class=\"asset-content\">\n<p>  <img decoding=\"async\" alt=\"TCL CES 2021\" class=\"centro_sinmarco\" src=\"https:\/\/i.blogs.es\/5b30ed\/1\/450_1000.jpg\"><\/p><\/div>\n<\/div>\n<p>El a\u00f1o pasado tambi\u00e9n se mostraron algunos prototipos de teles con mini-LED que lograban reducir el grosor del panel a solo 5 mm, caracter\u00edstica que quiz\u00e1 se implemente ahora en los modelos comerciales junto como modelos basados en Viridian con <strong>tama\u00f1os m\u00e1s reducidos<\/strong> que podamos tener en nuestras casas. <\/p>\n<p><!-- BREAK 4 --><\/p>\n<p>Pero adem\u00e1s, parece que este a\u00f1o apostar\u00e1n m\u00e1s por la <strong>Internet de las cosas<\/strong> y la inteligencia artificial, aunque no han comentado todav\u00eda en qu\u00e9 sentido ni c\u00f3mo lo har\u00e1n. En palabras de <strong>Kevin Wang, CEO de TCL<\/strong> Industrial Holdings y TCL Electronics:<\/p>\n<p><!-- BREAK 5 --><\/p>\n<blockquote>\n<p>TCL est\u00e1 orgullosa de estar en el CES 2021 como miembro de esta vibrante industria. Como una de las marcas l\u00edderes del sector de la electr\u00f3nica de consumo y la segunda marca de televisores de Am\u00e9rica, es nuestra misi\u00f3n hacer la vida inteligente con tecnolog\u00eda innovadora a trav\u00e9s de nuestra estrategia AIxIoT. En el futuro, nos comprometemos a proporcionar los mejores productos y servicios inteligentes a los usuarios en todo el mundo.<\/p>\n<\/blockquote>\n<div class=\"article-asset article-asset-normal article-asset-center\">\n<div class=\"desvio-container\">\n<div class=\"desvio\">\n<div class=\"desvio-figure js-desvio-figure\">\n    <a href=\"https:\/\/www.xataka.com\/analisis\/tcl-x10-opiniones-toma-contacto\" target='\"_blank\"' rel=\"noopener\"><br \/>\n     <img decoding=\"async\" alt=\"TCL X10, primeras impresiones: su primer televisor con tecnolog\u00eda mini-LED quiere batir al C9 OLED de LG y el Q90R QLED de Samsung\" src=\"https:\/\/i.blogs.es\/1ce400\/tclap\/375_142.jpg\"><br \/>\n    <\/a>\n   <\/div>\n<div class=\"desvio-summary\">\n<div class=\"desvio-taxonomy js-desvio-taxonomy\">\n     <a href=\"https:\/\/www.xataka.com\/analisis\/tcl-x10-opiniones-toma-contacto\" class=\"desvio-taxonomy-anchor m-crosspost\" target='\"_blank\"' rel=\"noopener\">En Xataka<\/a>\n    <\/div>\n<p>    <a href=\"https:\/\/www.xataka.com\/analisis\/tcl-x10-opiniones-toma-contacto\" class=\"desvio-title js-desvio-title\" target='\"_blank\"' rel=\"noopener\">TCL X10, primeras impresiones: su primer televisor con tecnolog\u00eda mini-LED quiere batir al C9 OLED de LG y el Q90R QLED de Samsung<\/a>\n   <\/div>\n<\/p><\/div>\n<\/p><\/div>\n<\/div>\n<p>\u00bfCu\u00e1les ser\u00e1n estos productos inteligentes y c\u00f3mo ser\u00e1 la nueva generaci\u00f3n de <strong>teles miniLED de TCL<\/strong>? Pues deberemos esperar al pr\u00f3ximo <strong>lunes 11 de enero de 2021<\/strong> para saberlo.<\/p>\n<p><!-- BREAK 6 --><\/p>\n<p>M\u00e1s informaci\u00f3n | <a href=\"https:\/\/www.tcl.com\/es\/es.html\">TCL<\/a><\/p>\n<p><script>\n (function() {\n  window._JS_MODULES = window._JS_MODULES || {};\n  var headElement = document.getElementsByTagName('head')[0];\n  if (_JS_MODULES.instagram) {\n   var instagramScript = document.createElement('script');\n   instagramScript.src = 'https:\/\/platform.instagram.com\/en_US\/embeds.js';\n   instagramScript.async = true;\n   instagramScript.defer = true;\n   headElement.appendChild(instagramScript);\n  }\n })();\n<\/script><\/p>\n<p> &#8211; <br \/> La noticia<br \/>\n      <a href=\"https:\/\/www.xatakahome.com\/televisores\/tcl-presentara-nueva-generacion-televisores-lcd-tecnologia-miniled-ces-2021?utm_source=feedburner&amp;utm_medium=feed&amp;utm_campaign=05_Jan_2021\"><br \/>\n       <em> TCL presentar\u00e1 una nueva generaci\u00f3n de televisores LCD con tecnolog\u00eda miniLED en el CES 2021 <\/em><br \/>\n      <\/a><br \/>\n      fue publicada originalmente en<br \/>\n      <a href=\"https:\/\/www.xatakahome.com\/?utm_source=feedburner&amp;utm_medium=feed&amp;utm_campaign=05_Jan_2021\"><br \/>\n       <strong> Xataka Smart Home <\/strong><br \/>\n      <\/a><br \/>\n            por <a href=\"https:\/\/www.xatakahome.com\/autor\/paco-rodriguez?utm_source=feedburner&amp;utm_medium=feed&amp;utm_campaign=05_Jan_2021\"><br \/>\n       Paco Rodriguez<br \/>\n      <\/a><br \/>\n      . <\/p>\n<div class=\"feedflare\">\n<a href=\"http:\/\/feeds.weblogssl.com\/~ff\/Xatakahome?a=FgVvMrYrOyk:-uMiF6RcTds:yIl2AUoC8zA\"><img decoding=\"async\" src=\"http:\/\/feeds.feedburner.com\/~ff\/Xatakahome?d=yIl2AUoC8zA\" border=\"0\"><\/a>\n<\/div>\n<p><img loading=\"lazy\" decoding=\"async\" src=\"http:\/\/feeds.feedburner.com\/~r\/Xatakahome\/~4\/FgVvMrYrOyk\" height=\"1\" width=\"1\" alt=\"\">\n<\/div>\n","protected":false},"excerpt":{"rendered":"<p>Este pr\u00f3ximo CES 2021 que comenzar\u00e1 la semana que viene est\u00e1 llamado a acercar al usuario medio las nuevas tecnolog\u00edas de imagen basadas en paneles LCD con retroiluminaci\u00f3n miniLED. Si hace unos d\u00edas era LG la que confirmaba su apuesta por esta evoluci\u00f3n tecnol\u00f3gica, ahora ha sido TCL, pionera en el sector y con dos &hellip; <a href=\"https:\/\/domosistemas.com\/?p=13028\" class=\"more-link\">Sigue leyendo <span class=\"screen-reader-text\">TCL presentar\u00e1 una nueva generaci\u00f3n de televisores LCD con tecnolog\u00eda miniLED en el CES 2021<\/span><\/a><\/p>\n","protected":false},"author":1,"featured_media":0,"comment_status":"closed","ping_status":"closed","sticky":false,"template":"","format":"standard","meta":{"footnotes":""},"categories":[8],"tags":[],"class_list":["post-13028","post","type-post","status-publish","format-standard","hentry","category-xataka"],"_links":{"self":[{"href":"https:\/\/domosistemas.com\/index.php?rest_route=\/wp\/v2\/posts\/13028","targetHints":{"allow":["GET"]}}],"collection":[{"href":"https:\/\/domosistemas.com\/index.php?rest_route=\/wp\/v2\/posts"}],"about":[{"href":"https:\/\/domosistemas.com\/index.php?rest_route=\/wp\/v2\/types\/post"}],"author":[{"embeddable":true,"href":"https:\/\/domosistemas.com\/index.php?rest_route=\/wp\/v2\/users\/1"}],"replies":[{"embeddable":true,"href":"https:\/\/domosistemas.com\/index.php?rest_route=%2Fwp%2Fv2%2Fcomments&post=13028"}],"version-history":[{"count":0,"href":"https:\/\/domosistemas.com\/index.php?rest_route=\/wp\/v2\/posts\/13028\/revisions"}],"wp:attachment":[{"href":"https:\/\/domosistemas.com\/index.php?rest_route=%2Fwp%2Fv2%2Fmedia&parent=13028"}],"wp:term":[{"taxonomy":"category","embeddable":true,"href":"https:\/\/domosistemas.com\/index.php?rest_route=%2Fwp%2Fv2%2Fcategories&post=13028"},{"taxonomy":"post_tag","embeddable":true,"href":"https:\/\/domosistemas.com\/index.php?rest_route=%2Fwp%2Fv2%2Ftags&post=13028"}],"curies":[{"name":"wp","href":"https:\/\/api.w.org\/{rel}","templated":true}]}}