{"id":13031,"date":"2021-01-06T12:18:30","date_gmt":"2021-01-06T12:18:30","guid":{"rendered":"https:\/\/domosistemas.com\/?p=13031"},"modified":"2021-01-06T12:18:30","modified_gmt":"2021-01-06T12:18:30","slug":"lg-presenta-la-cordzerothinq-a9-kompressor-su-nueva-aspiradora-inalambrica-cuya-base-de-carga-vacia-el-polvo-por-ti","status":"publish","type":"post","link":"https:\/\/domosistemas.com\/?p=13031","title":{"rendered":"LG presenta la CordZeroThinQ A9 Kompressor+, su nueva aspiradora inal\u00e1mbrica cuya base de carga vac\u00eda el polvo por ti"},"content":{"rendered":"<div>\n<p>\n      <img decoding=\"async\" src=\"https:\/\/i.blogs.es\/f5ea65\/2021-lg-cordzero-and-charging-station-scaled\/1024_2000.jpg\" alt=\"LG presenta la CordZeroThinQ A9 Kompressor+, su nueva aspiradora inal\u00e1mbrica cuya base de carga vac\u00eda el polvo por ti\">\n    <\/p>\n<p>LG contin\u00faa avanzando novedades de cara al <a href=\"https:\/\/www.xatakahome.com\/tag\/ces-2021\">CES 2021<\/a> y hoy le ha tocado el turno a su nueva aspiradora avanzada que han denominado como <strong>CordZeroThinQ A9 Kompressor+<\/strong>, un modelo inal\u00e1mbrico, con bater\u00eda integrada, <strong>cuya base de carga vac\u00eda el polvo por ti<\/strong>.<\/p>\n<p><!-- BREAK 1 --><\/p>\n<p>Se trata de una evoluci\u00f3n de los modelos presentados el <a href=\"https:\/\/www.xatakahome.com\/electrodomesticos-innovadores\/lg-presentara-su-nueva-gama-aspiradores-cordzero-ces-2020\">a\u00f1o pasado<\/a>  y que llega ahora con la intenci\u00f3n de ofrecer un sistema de limpieza tanto <strong>para alfombras<\/strong> como <strong>para suelo liso<\/strong> con sistema de cambio de cepillos r\u00e1pido para realizar ambas tareas.<\/p>\n<p><!-- BREAK 2 --><!--more--><\/p>\n<p>Lo m\u00e1s novedoso del equipo es su estaci\u00f3n o base de carga, que cuenta con un <strong>sistema de autolimpieza<\/strong> para el recept\u00e1culo interno de la aspiradora donde va almacenando el polvo y los residuos tras cada uso. Seg\u00fan LG, de esta forma se logra una <strong>mayor higiene<\/strong> al no tener que tocar el usuario los residuos recogidos en ning\u00fan momento.<\/p>\n<p><!-- BREAK 3 --><\/p>\n<div class=\"article-asset-image article-asset-normal\">\n<div class=\"asset-content\">\n<p>  <img decoding=\"async\" alt=\"LG aspiradora\" class=\"centro_sinmarco\" src=\"https:\/\/i.blogs.es\/b18bfe\/2021-lg-cordzero-and-charging-station-9\/450_1000.jpg\"><\/p><\/div>\n<\/div>\n<p>Para ello, al depositar la aspiradora en la estaci\u00f3n de carga, \u00e9sta <strong>desechar\u00e1 el contenido de polvo y dem\u00e1s materiales aspirados en una bolsa de basura<\/strong>, al mismo tiempo que va recargando la bater\u00eda interna  preparando el sistema para el pr\u00f3ximo uso. Tambi\u00e9n podemos activar esta funci\u00f3n de forma manual por medio de un bot\u00f3n situado en la base de carga.<\/p>\n<p><!-- BREAK 4 --><\/p>\n<p>La estaci\u00f3n incluye espacio suficiente para almacenar los diferentes <strong>cepillos, mopas y accesorios incluidos<\/strong>, cuenta con botones de activaci\u00f3n \u00abOne-touch\u00bb, <strong>dos bater\u00edas de intercambio r\u00e1pido<\/strong> y filtros extra\u00edbles y lavables.<\/p>\n<p><!-- BREAK 5 --><\/p>\n<h2>Precio y disponibilidad<\/h2>\n<p>La nueva aspiradora <strong>LG CordZeroThinQ A9 Kompressor+<\/strong> se presentar\u00e1 oficialmente la semana que viene en el CES 2021, as\u00ed que deberemos esperar un poco m\u00e1s para conocer detalles sobre su precio y disponibilidad en tiendas.<\/p>\n<p><!-- BREAK 6 --><\/p>\n<p>M\u00e1s informaci\u00f3n | <a href=\"http:\/\/www.lgnewsroom.com\/2021\/01\/newest-lg-cordzerothinq-vac-with-new-charging-station-delivers-hassle-free-cleaning-experience\/\">LG<\/a><\/p>\n<p><!-- BREAK 7 --><script>\n (function() {\n  window._JS_MODULES = window._JS_MODULES || {};\n  var headElement = document.getElementsByTagName('head')[0];\n  if (_JS_MODULES.instagram) {\n   var instagramScript = document.createElement('script');\n   instagramScript.src = 'https:\/\/platform.instagram.com\/en_US\/embeds.js';\n   instagramScript.async = true;\n   instagramScript.defer = true;\n   headElement.appendChild(instagramScript);\n  }\n })();\n<\/script><\/p>\n<p> &#8211; <br \/> La noticia<br \/>\n      <a href=\"https:\/\/www.xatakahome.com\/electrodomesticos-innovadores\/lg-presenta-cordzerothinq-a9-kompressor-su-nueva-aspiradora-inalambrica-cuya-base-carga-vacia-polvo-ti?utm_source=feedburner&amp;utm_medium=feed&amp;utm_campaign=06_Jan_2021\"><br \/>\n       <em> LG presenta la CordZeroThinQ A9 Kompressor+, su nueva aspiradora inal\u00e1mbrica cuya base de carga vac\u00eda el polvo por ti <\/em><br \/>\n      <\/a><br \/>\n      fue publicada originalmente en<br \/>\n      <a href=\"https:\/\/www.xatakahome.com\/?utm_source=feedburner&amp;utm_medium=feed&amp;utm_campaign=06_Jan_2021\"><br \/>\n       <strong> Xataka Smart Home <\/strong><br \/>\n      <\/a><br \/>\n            por <a href=\"https:\/\/www.xatakahome.com\/autor\/paco-rodriguez?utm_source=feedburner&amp;utm_medium=feed&amp;utm_campaign=06_Jan_2021\"><br \/>\n       Paco Rodriguez<br \/>\n      <\/a><br \/>\n      . <\/p>\n<div class=\"feedflare\">\n<a href=\"http:\/\/feeds.weblogssl.com\/~ff\/Xatakahome?a=kyWZUeJ_QhA:Cc9urjZa0-A:yIl2AUoC8zA\"><img decoding=\"async\" src=\"http:\/\/feeds.feedburner.com\/~ff\/Xatakahome?d=yIl2AUoC8zA\" border=\"0\"><\/a>\n<\/div>\n<p><img loading=\"lazy\" decoding=\"async\" src=\"http:\/\/feeds.feedburner.com\/~r\/Xatakahome\/~4\/kyWZUeJ_QhA\" height=\"1\" width=\"1\" alt=\"\">\n<\/div>\n","protected":false},"excerpt":{"rendered":"<p>LG contin\u00faa avanzando novedades de cara al CES 2021 y hoy le ha tocado el turno a su nueva aspiradora avanzada que han denominado como CordZeroThinQ A9 Kompressor+, un modelo inal\u00e1mbrico, con bater\u00eda integrada, cuya base de carga vac\u00eda el polvo por ti. Se trata de una evoluci\u00f3n de los modelos presentados el a\u00f1o pasado &hellip; <a href=\"https:\/\/domosistemas.com\/?p=13031\" class=\"more-link\">Sigue leyendo <span class=\"screen-reader-text\">LG presenta la CordZeroThinQ A9 Kompressor+, su nueva aspiradora inal\u00e1mbrica cuya base de carga vac\u00eda el polvo por ti<\/span><\/a><\/p>\n","protected":false},"author":1,"featured_media":0,"comment_status":"closed","ping_status":"closed","sticky":false,"template":"","format":"standard","meta":{"footnotes":""},"categories":[8],"tags":[],"class_list":["post-13031","post","type-post","status-publish","format-standard","hentry","category-xataka"],"_links":{"self":[{"href":"https:\/\/domosistemas.com\/index.php?rest_route=\/wp\/v2\/posts\/13031","targetHints":{"allow":["GET"]}}],"collection":[{"href":"https:\/\/domosistemas.com\/index.php?rest_route=\/wp\/v2\/posts"}],"about":[{"href":"https:\/\/domosistemas.com\/index.php?rest_route=\/wp\/v2\/types\/post"}],"author":[{"embeddable":true,"href":"https:\/\/domosistemas.com\/index.php?rest_route=\/wp\/v2\/users\/1"}],"replies":[{"embeddable":true,"href":"https:\/\/domosistemas.com\/index.php?rest_route=%2Fwp%2Fv2%2Fcomments&post=13031"}],"version-history":[{"count":0,"href":"https:\/\/domosistemas.com\/index.php?rest_route=\/wp\/v2\/posts\/13031\/revisions"}],"wp:attachment":[{"href":"https:\/\/domosistemas.com\/index.php?rest_route=%2Fwp%2Fv2%2Fmedia&parent=13031"}],"wp:term":[{"taxonomy":"category","embeddable":true,"href":"https:\/\/domosistemas.com\/index.php?rest_route=%2Fwp%2Fv2%2Fcategories&post=13031"},{"taxonomy":"post_tag","embeddable":true,"href":"https:\/\/domosistemas.com\/index.php?rest_route=%2Fwp%2Fv2%2Ftags&post=13031"}],"curies":[{"name":"wp","href":"https:\/\/api.w.org\/{rel}","templated":true}]}}