{"id":13487,"date":"2021-03-15T12:02:52","date_gmt":"2021-03-15T12:02:52","guid":{"rendered":"https:\/\/domosistemas.com\/?p=13487"},"modified":"2021-03-15T12:02:52","modified_gmt":"2021-03-15T12:02:52","slug":"espana-implantara-un-sistema-de-etiquetado-en-dispositivos-electricos-en-funcion-de-su-reparabilidad","status":"publish","type":"post","link":"https:\/\/domosistemas.com\/?p=13487","title":{"rendered":"Espa\u00f1a implantar\u00e1 un sistema de etiquetado en dispositivos el\u00e9ctricos en funci\u00f3n de su reparabilidad"},"content":{"rendered":"<div>\n<p>\n      <img decoding=\"async\" src=\"https:\/\/i.blogs.es\/9a9cdf\/reparar\/1024_2000.jpeg\" alt=\"Espa\u00f1a implantar\u00e1 un sistema de etiquetado en dispositivos el\u00e9ctricos en funci\u00f3n de su reparabilidad\">\n    <\/p>\n<p>Hace unos d\u00edas vimos como llegaba el nuevo etiquetado de eficiencia energ\u00e9tica <a href=\"https:\/\/www.xataka.com\/energia\/toca-despedirse-a-asi-nuevo-etiquetado-eficiencia-energetica-union-europea-que-entra-vigor-este-2021\">impuesto por la uni\u00f3n europea<\/a>. Se acaba la nomenclatura A+++ de forma que tenemos que acostumbrarnos a clasificaciones que van desde la letra A a la letra G. Un etiquetado que parece, <strong>no llegar\u00e1 en solitario a los dispositivos electr\u00f3nicos<\/strong>.<\/p>\n<p><!-- BREAK 1 --><\/p>\n<p>Si ya tenemos que acostumbrarnos a la nueva clasificiaci\u00f3n <a href=\"https:\/\/www.xatakahome.com\/iluminacion-y-energia\/asi-nuevas-etiquetas-eficiencia-energetica-escala-exigente-codigos-qr-diferencian-sdr-hdr-teles\">incluso en los televisores<\/a>, ahora parece que tambi\u00e9n tendremos que hacer lo propio con el nuevo etiquetado que <strong>clasificar\u00e1 a los aparatos electr\u00f3nicos en funci\u00f3n de su \u00edndice de reparabilidad<\/strong>.<\/p>\n<p><!-- BREAK 2 --><!--more--><\/p>\n<h2>\u00a0Reparar en lugar de comprar<\/h2>\n<div class=\"article-asset-image article-asset-normal\">\n<div class=\"asset-content\">\n<p>  <img decoding=\"async\" alt=\"Obsolescencia\" class=\"centro_sinmarco\" src=\"https:\/\/i.blogs.es\/dcbd72\/obsolescencia\/450_1000.jpeg\"><\/p><\/div>\n<\/div>\n<p>Se trata de una medida anunciada en una conferencia organizada por Nueva Econom\u00eda Forum por el Ministro de Consumo, Alberto Garz\u00f3n. El Ministerio <strong>tiene previsto aprobar un nuevo sistema de etiquetado<\/strong> que afectar\u00e1 a los aparatos electr\u00f3nicos de forma que los usuarios veremos un sello en el embalaje que cambiar\u00e1 en funci\u00f3n de su \u00edndice de reparabilidad. <\/p>\n<p><!-- BREAK 3 --><\/p>\n<blockquote class=\"twitter-tweet\">\n<p lang=\"es\" dir=\"ltr\">\ud83d\udde3\ufe0fSe\u00f1ala <a href=\"https:\/\/twitter.com\/agarzon?ref_src=twsrc%5Etfw\">@agarzon<\/a>, ministro de <a href=\"https:\/\/twitter.com\/consumogob?ref_src=twsrc%5Etfw\">@consumogob<\/a> que el \u00ab\u00edndice de reparabilidad\u00bb va a contribuir junto con otras medidas a cambiar la mentalidad y el paradigma a la hora de consumir <a href=\"https:\/\/t.co\/jdgu2V1pC8\">pic.twitter.com\/jdgu2V1pC8<\/a><\/p>\n<p>\u2014 Nueva Econom\u00eda F\u00f3rum (@NewEconomyForum) <a href=\"https:\/\/twitter.com\/NewEconomyForum\/status\/1371382486664613889?ref_src=twsrc%5Etfw\">March 15, 2021<\/a>\n<\/p><\/blockquote>\n<p><script async src=\"https:\/\/platform.twitter.com\/widgets.js\" charset=\"utf-8\"><\/script><\/p>\n<p>Ya estamos acostumbrados a ver como por ejemplo, en algunos medios como iFixit, ofrecen una nota final cuando abren y estudian c\u00f3mo est\u00e1 montado un dispositivo. Ahora, con esta medida, el nuevo sello servir\u00e1 para <strong>que el posible comprador sepa como de f\u00e1cil o dif\u00edcil es de reparar<\/strong> un aparato electr\u00f3nico.<\/p>\n<p><!-- BREAK 4 --><\/p>\n<div class=\"article-asset-video article-asset-normal\">\n<div class=\"asset-content\">\n<div class=\"base-asset-video\">\n<div class=\"js-dailymotion\">\n    <script type=\"application\/json\">\n     {\"videoId\":\"x7zmt9g\",\"autoplay\":true,\"title\":\"Antes de comprar una TV por menos de 500\u20ac \u00a1mira esto! CARACTER\u00cdSTICAS DE LA TELEVISI\u00d3N PERFECTA (1080p_25fps_H264-128kbit_AAC)\"}\n    <\/script>\n   <\/div>\n<\/p><\/div>\n<\/p><\/div>\n<\/div>\n<p>Seg\u00fan Garz\u00f3n, el objetivo de esta medida es fomentar que los usuarios apuesten por <strong>reparar productos en lugar de comprar otros nuevos<\/strong> con el objetivo de aminorar el impacto en el medioambiente del planeta. Una medida que claramente tiene en mente el intentar, sino acabar, si poner luz y taqu\u00edgrafos sobre la <a href=\"https:\/\/www.xataka.com\/tag\/obsolescencia-programada\">obsolescencia programada<\/a>.<\/p>\n<p><!-- BREAK 5 --><\/p>\n<div class=\"article-asset article-asset-normal article-asset-center\">\n<div class=\"desvio-container\">\n<div class=\"desvio\">\n<div class=\"desvio-figure js-desvio-figure\">\n    <a href=\"https:\/\/www.xataka.com\/energia\/toca-despedirse-a-asi-nuevo-etiquetado-eficiencia-energetica-union-europea-que-entra-vigor-este-2021\" target='\"_blank\"' rel=\"noopener\"><br \/>\n     <img decoding=\"async\" alt=\"Toca despedirse del A+++: as\u00ed es el nuevo etiquetado de eficiencia energ\u00e9tica de la Uni\u00f3n Europea que entra en vigor este 2021\" src=\"https:\/\/i.blogs.es\/b968db\/nuevo-etiquetado-energetica-ue-2021\/375_142.jpeg\"><br \/>\n    <\/a>\n   <\/div>\n<div class=\"desvio-summary\">\n<div class=\"desvio-taxonomy js-desvio-taxonomy\">\n     <a href=\"https:\/\/www.xataka.com\/energia\/toca-despedirse-a-asi-nuevo-etiquetado-eficiencia-energetica-union-europea-que-entra-vigor-este-2021\" class=\"desvio-taxonomy-anchor m-crosspost\" target='\"_blank\"' rel=\"noopener\">En Xataka<\/a>\n    <\/div>\n<p>    <a href=\"https:\/\/www.xataka.com\/energia\/toca-despedirse-a-asi-nuevo-etiquetado-eficiencia-energetica-union-europea-que-entra-vigor-este-2021\" class=\"desvio-title js-desvio-title\" target='\"_blank\"' rel=\"noopener\">Toca despedirse del A+++: as\u00ed es el nuevo etiquetado de eficiencia energ\u00e9tica de la Uni\u00f3n Europea que entra en vigor este 2021<\/a>\n   <\/div>\n<\/p><\/div>\n<\/p><\/div>\n<\/div>\n<p><strong>El nuevo etiquetado quiere fomentar el consumo sostenible y acabar con los residuos<\/strong> y estar\u00e1 basado en una clasificaci\u00f3n con una escala que va de 0 a 10 puntos. Puntos que var\u00edan y se obtienen en base a cinco criterios objetivos como son la documentaci\u00f3n proporcionada por el fabricante para la reparaci\u00f3n, la facilidad para desmontar el producto, el c\u00e1lculo la disponibilidad de piezas de repuesto, la relaci\u00f3n entre el precio de lo recambios y del producto original y otros criterios en funci\u00f3n de la AEE (asistencia y facilidad en el reinicio de software). Seg\u00fan explica el ministerio, para calcular este \u00edndice del uno al diez:<\/p>\n<p><!-- BREAK 6 --><\/p>\n<blockquote>\n<p>\u00abSe tendr\u00e1 en cuenta la documentaci\u00f3n proporcionada por el fabricante para la reparaci\u00f3n y la facilidad para desmontar el producto. Tambi\u00e9n sumar\u00e1 en el c\u00e1lculo la disponibilidad de piezas de repuesto, la relaci\u00f3n entre el precio de las piezas de repuesto y del producto original, as\u00ed como otros criterios espec\u00edficos en funci\u00f3n de la categor\u00eda AEE (asistencia y facilidad en el reinicio de software)\u00bb.<\/p>\n<\/blockquote>\n<p>A su vez, todas estas variables ser\u00e1n medidas por los propios fabricantes o importadores con una escala que llega hasta los 20 puntos por cada categor\u00eda. Para el resultado final, <strong>se suman todos los puntos obtenidos y se dividen entre 10<\/strong>, quedando el valor resultante reflejado en la etiqueta final y siendo entonces, responsabilidad de las autoridades de Consumo y de Vigilancia de Mercado la supervisi\u00f3n de las mismas.<\/p>\n<p><!-- BREAK 7 --><\/p>\n<div class=\"article-asset-image article-asset-normal\">\n<div class=\"asset-content\">\n<p>  <img decoding=\"async\" alt=\"Reparar\" class=\"centro_sinmarco\" src=\"https:\/\/i.blogs.es\/3c70cf\/reparar\/450_1000.jpeg\"><\/p><\/div>\n<\/div>\n<p><strong>Espa\u00f1a ser\u00e1 el segundo pa\u00eds en implementar esta medida<\/strong>, tras Francia, pa\u00eds que lo empez\u00f3 a aplicar en 2020 fruto de las recomendaciones del Parlamento europeo. Hay que tener en cuenta que no se trata de la primera medida que vemos implantar en Europa, pues ya vimos como <a href=\"https:\/\/www.xataka.com\/ecologia-y-naturaleza\/derecho-a-reparar-se-impone-union-europea-tu-tele-tu-frigorifico-deberian-durarte-al-10-anos\">el Parlamento Europeo aprobaba una ley<\/a> que apostaba por el \u00abderecho a reparar\u00bb con el objetivo aumentar la vida \u00fatil de los dispositivos electr\u00f3nicos y lograr as\u00ed un menor impacto medioambiental.<\/p>\n<p><!-- BREAK 8 --><\/p>\n<p>V\u00eda |\u00a0<a href=\"https:\/\/www.abc.es\/economia\/abci-garzon-anuncia-nuevo-etiquetado-para-aparatos-electricos-funcion-reparabilidad-202103150944_noticia.html\">ABC<\/a><\/p>\n<p><!-- BREAK 9 --><script>\n (function() {\n  window._JS_MODULES = window._JS_MODULES || {};\n  var headElement = document.getElementsByTagName('head')[0];\n  if (_JS_MODULES.instagram) {\n   var instagramScript = document.createElement('script');\n   instagramScript.src = 'https:\/\/platform.instagram.com\/en_US\/embeds.js';\n   instagramScript.async = true;\n   instagramScript.defer = true;\n   headElement.appendChild(instagramScript);\n  }\n })();\n<\/script><\/p>\n<p> &#8211; <br \/> La noticia<br \/>\n      <a href=\"https:\/\/www.xatakahome.com\/trucos-y-bricolaje-smart\/espana-implantara-sistema-etiquetado-dispositivos-electricos-funcion-su-reparabilidad?utm_source=feedburner&amp;utm_medium=feed&amp;utm_campaign=15_Mar_2021\"><br \/>\n       <em> Espa\u00f1a implantar\u00e1 un sistema de etiquetado en dispositivos el\u00e9ctricos en funci\u00f3n de su reparabilidad <\/em><br \/>\n      <\/a><br \/>\n      fue publicada originalmente en<br \/>\n      <a href=\"https:\/\/www.xatakahome.com\/?utm_source=feedburner&amp;utm_medium=feed&amp;utm_campaign=15_Mar_2021\"><br \/>\n       <strong> Xataka Smart Home <\/strong><br \/>\n      <\/a><br \/>\n            por <a href=\"https:\/\/www.xatakahome.com\/autor\/jose-antonio-carmona?utm_source=feedburner&amp;utm_medium=feed&amp;utm_campaign=15_Mar_2021\"><br \/>\n       Jose Antonio Carmona<br \/>\n      <\/a><br \/>\n      . <\/p>\n<div class=\"feedflare\">\n<a href=\"http:\/\/feeds.weblogssl.com\/~ff\/Xatakahome?a=tGNEdeCmsbc:uh22hE6-yN4:yIl2AUoC8zA\"><img decoding=\"async\" src=\"http:\/\/feeds.feedburner.com\/~ff\/Xatakahome?d=yIl2AUoC8zA\" border=\"0\"><\/a>\n<\/div>\n<p><img loading=\"lazy\" decoding=\"async\" src=\"http:\/\/feeds.feedburner.com\/~r\/Xatakahome\/~4\/tGNEdeCmsbc\" height=\"1\" width=\"1\" alt=\"\">\n<\/div>\n","protected":false},"excerpt":{"rendered":"<p>Hace unos d\u00edas vimos como llegaba el nuevo etiquetado de eficiencia energ\u00e9tica impuesto por la uni\u00f3n europea. Se acaba la nomenclatura A+++ de forma que tenemos que acostumbrarnos a clasificaciones que van desde la letra A a la letra G. Un etiquetado que parece, no llegar\u00e1 en solitario a los dispositivos electr\u00f3nicos. Si ya tenemos &hellip; <a href=\"https:\/\/domosistemas.com\/?p=13487\" class=\"more-link\">Sigue leyendo <span class=\"screen-reader-text\">Espa\u00f1a implantar\u00e1 un sistema de etiquetado en dispositivos el\u00e9ctricos en funci\u00f3n de su reparabilidad<\/span><\/a><\/p>\n","protected":false},"author":1,"featured_media":0,"comment_status":"closed","ping_status":"closed","sticky":false,"template":"","format":"standard","meta":{"footnotes":""},"categories":[8],"tags":[],"class_list":["post-13487","post","type-post","status-publish","format-standard","hentry","category-xataka"],"_links":{"self":[{"href":"https:\/\/domosistemas.com\/index.php?rest_route=\/wp\/v2\/posts\/13487","targetHints":{"allow":["GET"]}}],"collection":[{"href":"https:\/\/domosistemas.com\/index.php?rest_route=\/wp\/v2\/posts"}],"about":[{"href":"https:\/\/domosistemas.com\/index.php?rest_route=\/wp\/v2\/types\/post"}],"author":[{"embeddable":true,"href":"https:\/\/domosistemas.com\/index.php?rest_route=\/wp\/v2\/users\/1"}],"replies":[{"embeddable":true,"href":"https:\/\/domosistemas.com\/index.php?rest_route=%2Fwp%2Fv2%2Fcomments&post=13487"}],"version-history":[{"count":0,"href":"https:\/\/domosistemas.com\/index.php?rest_route=\/wp\/v2\/posts\/13487\/revisions"}],"wp:attachment":[{"href":"https:\/\/domosistemas.com\/index.php?rest_route=%2Fwp%2Fv2%2Fmedia&parent=13487"}],"wp:term":[{"taxonomy":"category","embeddable":true,"href":"https:\/\/domosistemas.com\/index.php?rest_route=%2Fwp%2Fv2%2Fcategories&post=13487"},{"taxonomy":"post_tag","embeddable":true,"href":"https:\/\/domosistemas.com\/index.php?rest_route=%2Fwp%2Fv2%2Ftags&post=13487"}],"curies":[{"name":"wp","href":"https:\/\/api.w.org\/{rel}","templated":true}]}}