{"id":13489,"date":"2021-03-15T16:05:59","date_gmt":"2021-03-15T16:05:59","guid":{"rendered":"https:\/\/domosistemas.com\/?p=13489"},"modified":"2021-03-15T16:05:59","modified_gmt":"2021-03-15T16:05:59","slug":"airpods-de-tercera-generacion-aparece-filtrado-en-imagenes-un-diseno-sin-almohadillas-ajustables","status":"publish","type":"post","link":"https:\/\/domosistemas.com\/?p=13489","title":{"rendered":"AirPods de tercera generaci\u00f3n: aparece filtrado en im\u00e1genes un dise\u00f1o sin almohadillas ajustables"},"content":{"rendered":"<div>\n<p>\n      <img decoding=\"async\" src=\"https:\/\/i.blogs.es\/b8af44\/airpods\/1024_2000.jpeg\" alt=\"AirPods de tercera generaci\u00f3n: aparece filtrado en im\u00e1genes un dise\u00f1o sin almohadillas ajustables\">\n    <\/p>\n<p>En diciembre <a href=\"https:\/\/www.xatakahome.com\/accesorios\/airpods-max-chip-h1-20-horas-uso-apple-tiene-listos-sus-nuevos-exclusivos-auriculares\">Apple anunciaba los AirPods Max<\/a>, un modelo que llegaba para <strong>acompa\u00f1ar a los Airpods tradicionales que todos conocemos<\/strong> y que pronto podr\u00edan ver como llega una nueva generaci\u00f3n. Algo que se deduce de las fotos que se han filtrado en la red.<\/p>\n<p><!-- BREAK 1 --><\/p>\n<p>Por las fotos aparecidas, <strong>nos encontramos ante una evoluci\u00f3n del modelo b\u00e1sico<\/strong> que alcanzar\u00eda de esta forma su tercera interacci\u00f3n. Y la primera imagen de estos supuesto auriculares ha aparecido en el <a href=\"https:\/\/www.gizmochina.com\/2021\/03\/15\/leaked-photos-of-the-apple-airpods-3-reveal-absence-of-interchangeable-ear-tips\/\">Gizmochina<\/a> mostrando un modelo en el que se prescinde de las almohadillas ajustables para la oreja.<\/p>\n<p><!-- BREAK 2 --><!--more--><\/p>\n<h2>Pinceladas en el dise\u00f1o<\/h2>\n<div class=\"article-asset-image article-asset-normal\">\n<div class=\"asset-content\">\n<p>  <img decoding=\"async\" alt=\"Airpods\" class=\"centro_sinmarco\" src=\"https:\/\/i.blogs.es\/4fa456\/airpods\/450_1000.png\"><\/p><\/div>\n<\/div>\n<p>Unos auriculares que, si hacemos caso a la imagen aparecida en la red, ofrecen un dise\u00f1o similar al que ofrecen los AirPods Pro, donde destaca ausencia puntas de silicona. <strong>Respecto de un sistema de cancelaci\u00f3n activa de ruido<\/strong> (ANC), por ahora hay informaciones contradictorias, pero al parecer, todo indica que seguir\u00e1n prescindiendo de esta funci\u00f3n.<\/p>\n<p><!-- BREAK 3 --><\/p>\n<div class=\"article-asset-video article-asset-normal\">\n<div class=\"asset-content\">\n<div class=\"base-asset-video\">\n<div class=\"js-dailymotion\">\n    <script type=\"application\/json\">\n     {\"videoId\":\"x7zig0g\",\"autoplay\":true,\"title\":\"\u00bfSon unos auriculares caros siempre mejor que unos econo\u0301micos_ (1080p_25fps_H264-128kbit_AAC)\"}\n    <\/script>\n   <\/div>\n<\/p><\/div>\n<\/p><\/div>\n<\/div>\n<p>Estas im\u00e1genes coinciden con las que ya vimos en <a href=\"https:\/\/www.52audio.com\/archives\/72978.html\">52audio<\/a>. As\u00ed los nuevos \u200cAirPods\u200c <strong>contar\u00e1n con un sistema de alivio de presi\u00f3n<\/strong>, una mejora ya disponible en los <a href=\"https:\/\/www.xataka.com\/analisis\/airpods-pro-analisis-caracteristicas-precio-especificaciones\">\u200cAirPods Pro<\/a>. Este sistema de se sirve de unas ranuras de ecualizaci\u00f3n de la presi\u00f3n que se ayudan del software integrado en los auriculares para lograr que la voz del usuario suene natural mientras el audio se reproduce. <\/p>\n<p><!-- BREAK 4 --><\/p>\n<div class=\"article-asset article-asset-normal article-asset-center\">\n<div class=\"desvio-container\">\n<div class=\"desvio\">\n<div class=\"desvio-figure js-desvio-figure\">\n    <a href=\"https:\/\/www.xataka.com\/analisis\/airpods-pro-analisis-caracteristicas-precio-especificaciones\" target='\"_blank\"' rel=\"noopener\"><br \/>\n     <img decoding=\"async\" alt=\"Airpods Pro, an\u00e1lisis: la cancelaci\u00f3n de ruido toma el control\" src=\"https:\/\/i.blogs.es\/e48dc1\/airpods-pro-review-xataka-portada\/375_142.jpg\"><br \/>\n    <\/a>\n   <\/div>\n<div class=\"desvio-summary\">\n<div class=\"desvio-taxonomy js-desvio-taxonomy\">\n     <a href=\"https:\/\/www.xataka.com\/analisis\/airpods-pro-analisis-caracteristicas-precio-especificaciones\" class=\"desvio-taxonomy-anchor m-crosspost\" target='\"_blank\"' rel=\"noopener\">En Xataka<\/a>\n    <\/div>\n<p>    <a href=\"https:\/\/www.xataka.com\/analisis\/airpods-pro-analisis-caracteristicas-precio-especificaciones\" class=\"desvio-title js-desvio-title\" target='\"_blank\"' rel=\"noopener\">Airpods Pro, an\u00e1lisis: la cancelaci\u00f3n de ruido toma el control<\/a>\n   <\/div>\n<\/p><\/div>\n<\/p><\/div>\n<\/div>\n<p>Adem\u00e1s, este nuevo modelo contar\u00eda con un <strong>estuche de carga con un nuevo dise\u00f1o<\/strong>, ya que presenta un aspecto alargado y es un poco m\u00e1s compacto que sus predecesores. No hay por ahora datos sobre la autonom\u00eda del nuevo modelo, as\u00ed como tampoco sobre los posibles cambios que llegar\u00edan en los controles o posibles nuevas funciones.<\/p>\n<p><!-- BREAK 5 --><\/p>\n<p>Se habla de un precio de unos <strong>150 d\u00f3lares para la tercera generaci\u00f3n de AirPods<\/strong> y quiz\u00e1s podamos verlos a finales de este mes de marzo, coincidiendo con la presentaci\u00f3n que Apple tiene fijada para el d\u00eda 23 de marzo.<\/p>\n<p><!-- BREAK 6 --><!-- PIVOT START --><\/p>\n<div class=\"pivot-ecommerce-container\">\n<div class=\"pivot-ecommerce\">\n<div class=\"pivot-ecommerce-figure\">\n   <img decoding=\"async\" alt=\"Apple AirPods con estuche de carga inal\u00e1mbrica (2\u00aa generaci\u00f3n)\" src=\"https:\/\/m.media-amazon.com\/images\/I\/315UJ31ts0L.jpg\">\n  <\/div>\n<div class=\"pivot-ecommerce-summary\">\n<p class=\"pivot-ecommerce-desc\">Apple AirPods con estuche de carga inal\u00e1mbrica (2\u00aa generaci\u00f3n)<\/p>\n<div class=\"pivot-actions js-pivot-actions\">\n<div class=\"pivot-actions-row\">\n <a rel=\"nofollow\" data-asin=\"B07PZRD7C5\" data-store=\"Amazon\" href=\"https:\/\/www.xatakahome.com\/redirect?url=https%3A%2F%2Fwww.amazon.es%2Fdp%2FB07PZRD7C5&amp;category=accesorios&amp;pivot=1\" title=\"Precio actualizado hoy\" class=\"pivot-action-primary js-pivot-action\">Hoy en Amazon por 178,00\u20ac<\/a>\n<\/div>\n<div class=\"pivot-actions-row\">\n <\/div>\n<\/p><\/div>\n<\/p><\/div>\n<\/p><\/div>\n<\/div>\n<p><!-- PIVOT END --><\/p>\n<p>V\u00eda |\u00a0<a href=\"https:\/\/www.gizmochina.com\/2021\/03\/15\/leaked-photos-of-the-apple-airpods-3-reveal-absence-of-interchangeable-ear-tips\/\">Gizmochina<\/a><\/p>\n<p><!-- BREAK 7 --><script>\n (function() {\n  window._JS_MODULES = window._JS_MODULES || {};\n  var headElement = document.getElementsByTagName('head')[0];\n  if (_JS_MODULES.instagram) {\n   var instagramScript = document.createElement('script');\n   instagramScript.src = 'https:\/\/platform.instagram.com\/en_US\/embeds.js';\n   instagramScript.async = true;\n   instagramScript.defer = true;\n   headElement.appendChild(instagramScript);\n  }\n })();\n<\/script><\/p>\n<p> &#8211; <br \/> La noticia<br \/>\n      <a href=\"https:\/\/www.xatakahome.com\/accesorios\/airpods-tercera-generacion-llegada-marzo-compatibles-audio-espacial-52audio?utm_source=feedburner&amp;utm_medium=feed&amp;utm_campaign=15_Mar_2021\"><br \/>\n       <em> AirPods de tercera generaci\u00f3n: aparece filtrado en im\u00e1genes un dise\u00f1o sin almohadillas ajustables <\/em><br \/>\n      <\/a><br \/>\n      fue publicada originalmente en<br \/>\n      <a href=\"https:\/\/www.xatakahome.com\/?utm_source=feedburner&amp;utm_medium=feed&amp;utm_campaign=15_Mar_2021\"><br \/>\n       <strong> Xataka Smart Home <\/strong><br \/>\n      <\/a><br \/>\n            por <a href=\"https:\/\/www.xatakahome.com\/autor\/jose-antonio-carmona?utm_source=feedburner&amp;utm_medium=feed&amp;utm_campaign=15_Mar_2021\"><br \/>\n       Jose Antonio Carmona<br \/>\n      <\/a><br \/>\n      . <\/p>\n<div class=\"feedflare\">\n<a href=\"http:\/\/feeds.weblogssl.com\/~ff\/Xatakahome?a=-u2bVkUVFMg:7DDeignOBgE:yIl2AUoC8zA\"><img decoding=\"async\" src=\"http:\/\/feeds.feedburner.com\/~ff\/Xatakahome?d=yIl2AUoC8zA\" border=\"0\"><\/a>\n<\/div>\n<p><img loading=\"lazy\" decoding=\"async\" src=\"http:\/\/feeds.feedburner.com\/~r\/Xatakahome\/~4\/-u2bVkUVFMg\" height=\"1\" width=\"1\" alt=\"\">\n<\/div>\n","protected":false},"excerpt":{"rendered":"<p>En diciembre Apple anunciaba los AirPods Max, un modelo que llegaba para acompa\u00f1ar a los Airpods tradicionales que todos conocemos y que pronto podr\u00edan ver como llega una nueva generaci\u00f3n. Algo que se deduce de las fotos que se han filtrado en la red. Por las fotos aparecidas, nos encontramos ante una evoluci\u00f3n del modelo &hellip; <a href=\"https:\/\/domosistemas.com\/?p=13489\" class=\"more-link\">Sigue leyendo <span class=\"screen-reader-text\">AirPods de tercera generaci\u00f3n: aparece filtrado en im\u00e1genes un dise\u00f1o sin almohadillas ajustables<\/span><\/a><\/p>\n","protected":false},"author":1,"featured_media":0,"comment_status":"closed","ping_status":"closed","sticky":false,"template":"","format":"standard","meta":{"footnotes":""},"categories":[8],"tags":[],"class_list":["post-13489","post","type-post","status-publish","format-standard","hentry","category-xataka"],"_links":{"self":[{"href":"https:\/\/domosistemas.com\/index.php?rest_route=\/wp\/v2\/posts\/13489","targetHints":{"allow":["GET"]}}],"collection":[{"href":"https:\/\/domosistemas.com\/index.php?rest_route=\/wp\/v2\/posts"}],"about":[{"href":"https:\/\/domosistemas.com\/index.php?rest_route=\/wp\/v2\/types\/post"}],"author":[{"embeddable":true,"href":"https:\/\/domosistemas.com\/index.php?rest_route=\/wp\/v2\/users\/1"}],"replies":[{"embeddable":true,"href":"https:\/\/domosistemas.com\/index.php?rest_route=%2Fwp%2Fv2%2Fcomments&post=13489"}],"version-history":[{"count":0,"href":"https:\/\/domosistemas.com\/index.php?rest_route=\/wp\/v2\/posts\/13489\/revisions"}],"wp:attachment":[{"href":"https:\/\/domosistemas.com\/index.php?rest_route=%2Fwp%2Fv2%2Fmedia&parent=13489"}],"wp:term":[{"taxonomy":"category","embeddable":true,"href":"https:\/\/domosistemas.com\/index.php?rest_route=%2Fwp%2Fv2%2Fcategories&post=13489"},{"taxonomy":"post_tag","embeddable":true,"href":"https:\/\/domosistemas.com\/index.php?rest_route=%2Fwp%2Fv2%2Ftags&post=13489"}],"curies":[{"name":"wp","href":"https:\/\/api.w.org\/{rel}","templated":true}]}}