{"id":13512,"date":"2021-03-18T03:00:28","date_gmt":"2021-03-18T03:00:28","guid":{"rendered":"https:\/\/domosistemas.com\/?p=13512"},"modified":"2021-03-18T03:00:28","modified_gmt":"2021-03-18T03:00:28","slug":"la-catedra-zaragoza-vivienda-celebrara-la-i-jornada-de-edificios-inteligentes","status":"publish","type":"post","link":"https:\/\/domosistemas.com\/?p=13512","title":{"rendered":"La C\u00e1tedra Zaragoza Vivienda celebrar\u00e1 la I Jornada de Edificios Inteligentes"},"content":{"rendered":"<div>\n<p>La I Jornada de Edificios Inteligentes, organizada por la C\u00e1tedra Zaragoza Vivienda (<a href=\"https:\/\/catedrazaragozavivienda.wordpress.com\/\" target=\"_blank\" rel=\"noopener\">CZV<\/a>), se celebrar\u00e1 de manera virtual el pr\u00f3ximo 22 de marzo de 2021, de 9:00 a 12:00 horas. Este evento online cuenta con la colaboraci\u00f3n de la Escuela de Ingenier\u00eda y Arquitectura (EINA) de la Universidad de Zaragoza (UZ).<\/p>\n<figure id=\"attachment_87262\" aria-describedby=\"caption-attachment-87262\" style=\"width: 800px\" class=\"wp-caption aligncenter\"><img decoding=\"async\" loading=\"lazy\" class=\"size-full wp-image-87262\" src=\"https:\/\/static.casadomo.com\/media\/2021\/03\/czv-jornada-edificios-inteligentes-evento-virtual.png\" alt=\" I Jornada de Edificios Inteligentes.\" width=\"800\" height=\"443\" srcset=\"https:\/\/static.casadomo.com\/media\/2021\/03\/czv-jornada-edificios-inteligentes-evento-virtual.png 800w, https:\/\/static.casadomo.com\/media\/2021\/03\/czv-jornada-edificios-inteligentes-evento-virtual-300x166.png 300w, https:\/\/static.casadomo.com\/media\/2021\/03\/czv-jornada-edificios-inteligentes-evento-virtual-768x425.png 768w, https:\/\/static.casadomo.com\/media\/2021\/03\/czv-jornada-edificios-inteligentes-evento-virtual-360x200.png 360w, https:\/\/static.casadomo.com\/media\/2021\/03\/czv-jornada-edificios-inteligentes-evento-virtual-180x100.png 180w\" sizes=\"auto, (max-width: 800px) 100vw, 800px\"><figcaption id=\"caption-attachment-87262\" class=\"wp-caption-text\">La I Jornada de Edificios Inteligentes se celebrar\u00e1 de forma online el d\u00eda 22 de marzo.<\/figcaption><\/figure>\n<p>La <a href=\"https:\/\/catedrazaragozavivienda.files.wordpress.com\/2021\/03\/programa-i-jornada-ei-def.pdf\" target=\"_blank\" rel=\"noopener\">I Jornada sobre Edificios Inteligentes<\/a> contar\u00e1 con la presencia de autoridades del \u00e1mbito pol\u00edtico y acad\u00e9mico, que participar\u00e1n en la inauguraci\u00f3n y clausura del evento. Asimismo, los participantes podr\u00e1n conocer los avances realizados en la EINA de la Universidad de Zaragoza, para conseguir que los edificios sean m\u00e1s inteligentes.<\/p>\n<h2>Programa de la jornada<\/h2>\n<p>A las 9:30 horas, Enrique Cano, subdirector de infraestructuras de la EINA har\u00e1 una introducci\u00f3n con su ponencia \u2018Los edificios universitarios como laboratorio experimental. Hacia un campus inteligente y energ\u00e9ticamente neutro\u2019.<\/p>\n<p>A continuaci\u00f3n, dar\u00e1 comienzo la mesa redonda con el t\u00edtulo \u2018La preparaci\u00f3n inteligente de los edificios como parte de la estrategia de la eficiencia energ\u00e9tica\u2019, moderada por Belinda L\u00f3pez Mesa, directora de la C\u00e1tedra Zaragoza Vivienda. En la mesa redonda participar\u00e1n investigadores en el campo de la ingenier\u00eda y arquitectura que centrar\u00e1n sus ponencias en los aspectos de monitorizaci\u00f3n del confort, adaptabilidad de las instalaciones, control de la ventilaci\u00f3n, uso de datos y posibilidades empresariales.<\/p>\n<p>Los interesados en participar en la I Jornada sobre Edificios Inteligentes deber\u00e1n realizar la <a href=\"http:\/\/cutt.ly\/ml7z9L6\" target=\"_blank\" rel=\"noopener\">inscripci\u00f3n previa<\/a> antes del 19 de marzo.<\/p>\n<p>La entrada <a rel=\"nofollow\" href=\"https:\/\/www.casadomo.com\/2021\/03\/18\/catedra-zaragoza-vivienda-celebrara-i-jornada-edificios-inteligentes\">La C\u00e1tedra Zaragoza Vivienda celebrar\u00e1 la I Jornada de Edificios Inteligentes<\/a> aparece primero en <a rel=\"nofollow\" href=\"https:\/\/www.casadomo.com\/\">CASADOMO<\/a>.<\/p>\n<\/div>\n","protected":false},"excerpt":{"rendered":"<p>La I Jornada de Edificios Inteligentes, organizada por la C\u00e1tedra Zaragoza Vivienda (CZV), se celebrar\u00e1 de manera virtual el pr\u00f3ximo 22 de marzo de 2021, de 9:00 a 12:00 horas. Este evento online cuenta con la colaboraci\u00f3n de la Escuela de Ingenier\u00eda y Arquitectura (EINA) de la Universidad de Zaragoza (UZ). La I Jornada de &hellip; <a href=\"https:\/\/domosistemas.com\/?p=13512\" class=\"more-link\">Sigue leyendo <span class=\"screen-reader-text\">La C\u00e1tedra Zaragoza Vivienda celebrar\u00e1 la I Jornada de Edificios Inteligentes<\/span><\/a><\/p>\n","protected":false},"author":1,"featured_media":0,"comment_status":"closed","ping_status":"closed","sticky":false,"template":"","format":"standard","meta":{"footnotes":""},"categories":[3],"tags":[],"class_list":["post-13512","post","type-post","status-publish","format-standard","hentry","category-casadomo-com"],"_links":{"self":[{"href":"https:\/\/domosistemas.com\/index.php?rest_route=\/wp\/v2\/posts\/13512","targetHints":{"allow":["GET"]}}],"collection":[{"href":"https:\/\/domosistemas.com\/index.php?rest_route=\/wp\/v2\/posts"}],"about":[{"href":"https:\/\/domosistemas.com\/index.php?rest_route=\/wp\/v2\/types\/post"}],"author":[{"embeddable":true,"href":"https:\/\/domosistemas.com\/index.php?rest_route=\/wp\/v2\/users\/1"}],"replies":[{"embeddable":true,"href":"https:\/\/domosistemas.com\/index.php?rest_route=%2Fwp%2Fv2%2Fcomments&post=13512"}],"version-history":[{"count":0,"href":"https:\/\/domosistemas.com\/index.php?rest_route=\/wp\/v2\/posts\/13512\/revisions"}],"wp:attachment":[{"href":"https:\/\/domosistemas.com\/index.php?rest_route=%2Fwp%2Fv2%2Fmedia&parent=13512"}],"wp:term":[{"taxonomy":"category","embeddable":true,"href":"https:\/\/domosistemas.com\/index.php?rest_route=%2Fwp%2Fv2%2Fcategories&post=13512"},{"taxonomy":"post_tag","embeddable":true,"href":"https:\/\/domosistemas.com\/index.php?rest_route=%2Fwp%2Fv2%2Ftags&post=13512"}],"curies":[{"name":"wp","href":"https:\/\/api.w.org\/{rel}","templated":true}]}}