{"id":13678,"date":"2021-04-13T06:54:38","date_gmt":"2021-04-13T06:54:38","guid":{"rendered":"https:\/\/domosistemas.com\/?p=13678"},"modified":"2021-04-13T06:54:38","modified_gmt":"2021-04-13T06:54:38","slug":"apple-esta-trabajando-en-un-apple-tv-con-altavoz-integrado-segun-mark-gurman-de-bloomberg","status":"publish","type":"post","link":"https:\/\/domosistemas.com\/?p=13678","title":{"rendered":"Apple est\u00e1 trabajando en un Apple TV con altavoz integrado, seg\u00fan Mark Gurman de Bloomberg"},"content":{"rendered":"<div>\n<p>\n      <img decoding=\"async\" src=\"https:\/\/i.blogs.es\/6b6afb\/homepod\/1024_2000.jpeg\" alt=\"Apple est\u00e1 trabajando en un Apple TV con altavoz integrado, seg\u00fan Mark Gurman de Bloomberg\">\n    <\/p>\n<p>Uno de los movimientos m\u00e1s sorprendentes de las \u00faltimas semanas relaciona a Apple con el <a href=\"https:\/\/www.xatakahome.com\/altavoces\/apple-abandona-homepod-99-euros-homepod-mini-gran-competencia-pueden-ser-responsables-final-inesperado\">abandono de su primer altavoz inteligente<\/a>, el HomePod. Una decisi\u00f3n que pill\u00f3 a muchos por sorpresa pero que no significa el abandono de los altavoces inteligentes, puesto que seg\u00fan Mark Gurman Apple <strong>est\u00e1 trabajando en un Apple TV con altavoz integrado<\/strong>.<\/p>\n<p><!-- BREAK 1 --><\/p>\n<p>Hemos visto como dejando a un lado a los modelos m\u00e1s b\u00e1sicos, marcas como Google o Amazon <strong>ofrecen altavoces inteligentes vitaminados con pantalla<\/strong>. Ah\u00ed tenemos la \u00faltima versi\u00f3n del <a href=\"https:\/\/www.xatakahome.com\/altavoces\/echo-show-10-se-actualiza-ahora-permite-realizar-videollamadas-zoom-aprovechando-su-camara-frontal\">Echo Show de Amazon<\/a> o el <a href=\"https:\/\/www.xatakahome.com\/altavoces\/google-nest-hub-2a-gen-radar-soli-tiene-fecha-para-su-llegada-a-espana-conocemos-cual-sera-su-precio\">Nest Hub de Google<\/a>. Apple sin embargo, podr\u00eda optar por otro camino diferente.<\/p>\n<p><!-- BREAK 2 --><!--more--><\/p>\n<h2>Altavoz con Apple TV<\/h2>\n<div class=\"article-asset-image article-asset-normal\">\n<div class=\"asset-content\">\n<p>  <img decoding=\"async\" alt=\"Apple Tv\" class=\"centro_sinmarco\" src=\"https:\/\/i.blogs.es\/1468ad\/apple-tv\/450_1000.jpeg\"><\/p><\/div>\n<\/div>\n<p>Y es que al parecer, seg\u00fan el conocido columnista, Apple est\u00e1 trabajando en un <a href=\"https:\/\/www.xataka.com\/analisis\/apple-tv-4k-analisis-puedo-hacer-algo-mas-que-ver-video-4k-y-hdr\">Apple TV<\/a> con altavoz integrado. No quiere decir que el nuevo Apple TV que muchos est\u00e1n esperando, sea el modelo en cuesti\u00f3n, ya que al parecer, <strong>este h\u00edbrido de altavoz y Apple TV a\u00fan est\u00e1 en una fase temprana de desarrollo<\/strong>.<\/p>\n<p><!-- BREAK 3 --><\/p>\n<div class=\"article-asset-video article-asset-normal\">\n<div class=\"asset-content\">\n<div class=\"base-asset-video\">\n<div class=\"js-dailymotion\">\n    <script type=\"application\/json\">\n     {\"videoId\":\"x7zy7ms\",\"autoplay\":true,\"title\":\"HomePod, review APUESTA TOTAL por el SONIDO gracias a sus 7 altavoces\"}\n    <\/script>\n   <\/div>\n<\/p><\/div>\n<\/p><\/div>\n<\/div>\n<p>Seg\u00fan los informes, Apple est\u00e1 trabajando en dos nuevos productos que combinan dos mundos como son el de los televisores y el audio. En este sentido tendr\u00eda cabida el HomePod con altavoz incorporado que <strong>evitar\u00eda el tener que asociar un altavoz<\/strong> para sacar el sonido del televisor, como s\u00ed que ocurre ahora con su televisor. Adem\u00e1s, este altavoz contar\u00eda con una c\u00e1mara para realizar videollamadas y que podr\u00eda trabajar de forma conjunta con el nuevo altavoz con Apple TV incorporado.<\/p>\n<p><!-- BREAK 4 --><\/p>\n<p>El segundo de los productos ser\u00eda un altavoz de gama alta con un iPad como pantalla, al m\u00e1s puro estilo de los Nest Hub de Google o los <a href=\"https:\/\/www.xatakahome.com\/altavoces\/echo-show-10-se-actualiza-ahora-permite-realizar-videollamadas-zoom-aprovechando-su-camara-frontal\">Echo Show de Amazon<\/a>. En <a href=\"https:\/\/www.bloomberg.com\/news\/articles\/2021-04-12\/apple-working-on-combined-tv-box-speaker-to-revive-home-efforts?sref=10lNAhZ9\">Bloomberg<\/a> incluso hacen referencia a la intenci\u00f3n de Apple de <strong>usar un brazo rob\u00f3tico para permitir que la pantalla inteligente siga al usuario<\/strong>. <\/p>\n<p><!-- BREAK 5 --><\/p>\n<div class=\"article-asset article-asset-normal article-asset-center\">\n<div class=\"desvio-container\">\n<div class=\"desvio\">\n<div class=\"desvio-figure js-desvio-figure\">\n    <a href=\"https:\/\/www.xataka.com\/analisis\/apple-tv-4k-analisis-puedo-hacer-algo-mas-que-ver-video-4k-y-hdr\" target='\"_blank\"' rel=\"noopener\"><br \/>\n     <img decoding=\"async\" alt=\"Apple TV 4K, an\u00e1lisis: \u00bfpuedo hacer algo m\u00e1s que ver v\u00eddeo 4K y HDR?\" src=\"https:\/\/i.blogs.es\/c5b5e9\/48b8bcf1-037d-4c70-9f59-fa14c8c9849f\/375_142.jpg\"><br \/>\n    <\/a>\n   <\/div>\n<div class=\"desvio-summary\">\n<div class=\"desvio-taxonomy js-desvio-taxonomy\">\n     <a href=\"https:\/\/www.xataka.com\/analisis\/apple-tv-4k-analisis-puedo-hacer-algo-mas-que-ver-video-4k-y-hdr\" class=\"desvio-taxonomy-anchor m-crosspost\" target='\"_blank\"' rel=\"noopener\">En Xataka<\/a>\n    <\/div>\n<p>    <a href=\"https:\/\/www.xataka.com\/analisis\/apple-tv-4k-analisis-puedo-hacer-algo-mas-que-ver-video-4k-y-hdr\" class=\"desvio-title js-desvio-title\" target='\"_blank\"' rel=\"noopener\">Apple TV 4K, an\u00e1lisis: \u00bfpuedo hacer algo m\u00e1s que ver v\u00eddeo 4K y HDR?<\/a>\n   <\/div>\n<\/p><\/div>\n<\/p><\/div>\n<\/div>\n<p><strong>Por ahora no hay una fecha ni m\u00e1s datos de un posible lanzamiento<\/strong>, puesto que Apple a\u00fan estar\u00eda en una fase muy temprana del desarrollo, as\u00ed que tendremos que estar atentos ante posibles noticias por parte de la empresa.<\/p>\n<p><!-- BREAK 6 --><\/p>\n<p>V\u00eda |\u00a0<a href=\"https:\/\/www.bloomberg.com\/news\/articles\/2021-04-12\/apple-working-on-combined-tv-box-speaker-to-revive-home-efforts?sref=10lNAhZ9\">Bloomberg<\/a><\/p>\n<p><!-- BREAK 7 --><script>\n (function() {\n  window._JS_MODULES = window._JS_MODULES || {};\n  var headElement = document.getElementsByTagName('head')[0];\n  if (_JS_MODULES.instagram) {\n   var instagramScript = document.createElement('script');\n   instagramScript.src = 'https:\/\/platform.instagram.com\/en_US\/embeds.js';\n   instagramScript.async = true;\n   instagramScript.defer = true;\n   headElement.appendChild(instagramScript);\n  }\n })();\n<\/script><\/p>\n<p> &#8211; <br \/> La noticia<br \/>\n      <a href=\"https:\/\/www.xatakahome.com\/altavoces\/apple-esta-trabajando-apple-tv-altavoz-integrado-mark-gurman-bloomberg?utm_source=feedburner&amp;utm_medium=feed&amp;utm_campaign=13_Apr_2021\"><br \/>\n       <em> Apple est\u00e1 trabajando en un Apple TV con altavoz integrado, seg\u00fan Mark Gurman de Bloomberg <\/em><br \/>\n      <\/a><br \/>\n      fue publicada originalmente en<br \/>\n      <a href=\"https:\/\/www.xatakahome.com\/?utm_source=feedburner&amp;utm_medium=feed&amp;utm_campaign=13_Apr_2021\"><br \/>\n       <strong> Xataka Smart Home <\/strong><br \/>\n      <\/a><br \/>\n            por <a href=\"https:\/\/www.xatakahome.com\/autor\/jose-antonio-carmona?utm_source=feedburner&amp;utm_medium=feed&amp;utm_campaign=13_Apr_2021\"><br \/>\n       Jose Antonio Carmona<br \/>\n      <\/a><br \/>\n      . <\/p>\n<div class=\"feedflare\">\n<a href=\"http:\/\/feeds.weblogssl.com\/~ff\/Xatakahome?a=TjgHAWbwnE4:osEorhcZ8gA:yIl2AUoC8zA\"><img decoding=\"async\" src=\"http:\/\/feeds.feedburner.com\/~ff\/Xatakahome?d=yIl2AUoC8zA\" border=\"0\"><\/a>\n<\/div>\n<p><img loading=\"lazy\" decoding=\"async\" src=\"http:\/\/feeds.feedburner.com\/~r\/Xatakahome\/~4\/TjgHAWbwnE4\" height=\"1\" width=\"1\" alt=\"\">\n<\/div>\n","protected":false},"excerpt":{"rendered":"<p>Uno de los movimientos m\u00e1s sorprendentes de las \u00faltimas semanas relaciona a Apple con el abandono de su primer altavoz inteligente, el HomePod. Una decisi\u00f3n que pill\u00f3 a muchos por sorpresa pero que no significa el abandono de los altavoces inteligentes, puesto que seg\u00fan Mark Gurman Apple est\u00e1 trabajando en un Apple TV con altavoz &hellip; <a href=\"https:\/\/domosistemas.com\/?p=13678\" class=\"more-link\">Sigue leyendo <span class=\"screen-reader-text\">Apple est\u00e1 trabajando en un Apple TV con altavoz integrado, seg\u00fan Mark Gurman de Bloomberg<\/span><\/a><\/p>\n","protected":false},"author":1,"featured_media":0,"comment_status":"closed","ping_status":"closed","sticky":false,"template":"","format":"standard","meta":{"footnotes":""},"categories":[8],"tags":[],"class_list":["post-13678","post","type-post","status-publish","format-standard","hentry","category-xataka"],"_links":{"self":[{"href":"https:\/\/domosistemas.com\/index.php?rest_route=\/wp\/v2\/posts\/13678","targetHints":{"allow":["GET"]}}],"collection":[{"href":"https:\/\/domosistemas.com\/index.php?rest_route=\/wp\/v2\/posts"}],"about":[{"href":"https:\/\/domosistemas.com\/index.php?rest_route=\/wp\/v2\/types\/post"}],"author":[{"embeddable":true,"href":"https:\/\/domosistemas.com\/index.php?rest_route=\/wp\/v2\/users\/1"}],"replies":[{"embeddable":true,"href":"https:\/\/domosistemas.com\/index.php?rest_route=%2Fwp%2Fv2%2Fcomments&post=13678"}],"version-history":[{"count":0,"href":"https:\/\/domosistemas.com\/index.php?rest_route=\/wp\/v2\/posts\/13678\/revisions"}],"wp:attachment":[{"href":"https:\/\/domosistemas.com\/index.php?rest_route=%2Fwp%2Fv2%2Fmedia&parent=13678"}],"wp:term":[{"taxonomy":"category","embeddable":true,"href":"https:\/\/domosistemas.com\/index.php?rest_route=%2Fwp%2Fv2%2Fcategories&post=13678"},{"taxonomy":"post_tag","embeddable":true,"href":"https:\/\/domosistemas.com\/index.php?rest_route=%2Fwp%2Fv2%2Ftags&post=13678"}],"curies":[{"name":"wp","href":"https:\/\/api.w.org\/{rel}","templated":true}]}}