{"id":13683,"date":"2021-04-13T12:09:37","date_gmt":"2021-04-13T12:09:37","guid":{"rendered":"https:\/\/domosistemas.com\/?p=13683"},"modified":"2021-04-13T12:09:37","modified_gmt":"2021-04-13T12:09:37","slug":"audio-pro-lanza-el-c10-mkii-un-elegante-altavoz-conectado-con-salida-de-subwoofer-y-alma-de-minicadena","status":"publish","type":"post","link":"https:\/\/domosistemas.com\/?p=13683","title":{"rendered":"Audio Pro lanza el C10 MkII, un elegante altavoz conectado con salida de subwoofer y alma de minicadena"},"content":{"rendered":"<div>\n<p>\n      <img decoding=\"async\" src=\"https:\/\/i.blogs.es\/3d5162\/wireless-multiroom-speaker-c10mkii-grey-lifestyle01-airplay2-google-cast-chromecast-audiopro-1440x1440\/1024_2000.jpg\" alt=\"Audio Pro lanza el C10 MkII, un elegante altavoz conectado con salida de subwoofer y alma de minicadena\">\n    <\/p>\n<p>Audio Pro es un fabricante sueco de <strong>equipos de sonido<\/strong> que <a href=\"https:\/\/www.xatakahome.com\/tag\/audio-pro\">acostumbra<\/a> a aunar un elegante dise\u00f1o con especificaciones a la \u00faltima en sus creaciones, ofreciendo un extra de conectividad, potencia y aspecto distintivo en sus altavoces inteligentes.<\/p>\n<p><!-- BREAK 1 --><\/p>\n<p>El \u00faltimo en llegar a su cat\u00e1logo ha sido el <strong>C10 MkII<\/strong>, un modelo relativamente compacto de 165 x 320 x 185 mm que llega para ocupar un lugar intermedio entre los <strong>altavoces inteligentes<\/strong> tan de moda \u00faltimamente y las <strong>minicadenas cl\u00e1sicas<\/strong> ofreciendo lo mejor de ambos mundos.<\/p>\n<p><!-- BREAK 2 --><!--more--><\/p>\n<p>Con una est\u00e9tica minimalista de formas rectangulares y frontal recubierto de tejido ac\u00fasticamente transparente, nos encontramos con unos mandos de control situados en la parte superior y unas conexiones traseras cableadas algo escuetas que ofrecen <strong>puertos RCA anal\u00f3gicos<\/strong>, entrada auxiliar y  una <strong>salida para acoplar un subwoofer externo<\/strong> que nos ayude a mejorar la respuesta en bajas frecuencias de entre <strong>45 Hz y 22 KHz<\/strong> ofrecida de serie.<\/p>\n<p><!-- BREAK 3 --> <\/p>\n<div class=\"article-asset-image article-asset-normal\">\n<div class=\"asset-content\">\n<p>  <img decoding=\"async\" alt=\"Gif1 Wireless Multiroom Speaker C10mkii Black Angled Airplay2 Google Cast Chromecast Audiopro\" class=\"centro_sinmarco\" src=\"https:\/\/i.blogs.es\/aa8168\/gif1-wireless-multiroom-speaker-c10mkii-black-angled-airplay2-google-cast-chromecast-audiopro\/450_1000.gif\"><\/p><\/div>\n<\/div>\n<p>En el interior del altavoz se ha optado por un dise\u00f1o a base de <strong>dos tweeters de c\u00fapula de seda y 2,75 pulgadas<\/strong> cada uno que complementan a un <strong>woofer principal de 5,25 pulgadas<\/strong> para graves con salida bass-reflex trasera.<\/p>\n<p><!-- BREAK 4 --><\/p>\n<div class=\"article-asset-video article-asset-normal\">\n<div class=\"asset-content\">\n<div class=\"base-asset-video\">\n<div class=\"js-dailymotion\">\n    <script type=\"application\/json\">\n     {\"videoId\":\"x7ziilb\",\"autoplay\":true,\"title\":\"27 TRUCOS de SPOTIFY - \u00a1Controla toda tu MU\u0301SICA como nadie!\"}\n    <\/script>\n   <\/div>\n<\/p><\/div>\n<\/p><\/div>\n<\/div>\n<p>Cuenta con conectividad inal\u00e1mbrica de la mano de <strong>WiFi AC, AirPlay, AirPlay 2, Bluetooth y Google Cast<\/strong>, pudiendo configurar y utilizar varios altavoces al mismo tiempo en una instalaci\u00f3n de sonido multiroom y enviarle contenidos directamente desde m\u00f3viles Android y equipos compatibles con el protocolo de Google.<\/p>\n<p><!-- BREAK 5 --><\/p>\n<div class=\"article-asset-image article-asset-normal\">\n<div class=\"asset-content\">\n<p>  <img decoding=\"async\" alt=\"Wireless Multiroom Speaker C10mkii Group1 Airplay2 Google Cast Chromecast Audiopro 1440x1440\" class=\"centro_sinmarco\" src=\"https:\/\/i.blogs.es\/3c4cc6\/wireless-multiroom-speaker-c10mkii-group1-airplay2-google-cast-chromecast-audiopro-1440x1440\/450_1000.png\"><\/p><\/div>\n<\/div>\n<p>Podemos acceder a los servicios de m\u00fasica y radio en streaming m\u00e1s populares a trav\u00e9s de su app de control, configurar 6 estaciones favoritas para acceder directamente pulsando un bot\u00f3n en el altavoz y reproducir archivos musicales en <strong>formatos MP3, WMA, AAC, FLAC y Apple Lossless<\/strong> que tengamos almacenados en la red local.<\/p>\n<p><!-- BREAK 6 --><\/p>\n<div class=\"article-asset article-asset-normal article-asset-center\">\n<div class=\"desvio-container\">\n<div class=\"desvio\">\n<div class=\"desvio-figure js-desvio-figure\">\n    <a href=\"https:\/\/www.xatakahome.com\/altavoces\/no-tires-tu-vieja-minicadena-podras-darle-nuevo-uso-como-equipo-sonido-para-tele-incluso-reutilizar-sus-altavoces\"><br \/>\n     <img decoding=\"async\" alt=\"No tires tu vieja minicadena: podr\u00e1s darle un nuevo uso como equipo de sonido para la tele o incluso reutilizar sus altavoces\" src=\"https:\/\/i.blogs.es\/1c540f\/philips-wifi-multiroom-hifi-system-demo\/375_142.jpg\"><br \/>\n    <\/a>\n   <\/div>\n<div class=\"desvio-summary\">\n<div class=\"desvio-taxonomy js-desvio-taxonomy\">\n     <a href=\"https:\/\/www.xatakahome.com\/altavoces\/no-tires-tu-vieja-minicadena-podras-darle-nuevo-uso-como-equipo-sonido-para-tele-incluso-reutilizar-sus-altavoces\" class=\"desvio-taxonomy-anchor\">En Xataka Smart Home<\/a>\n    <\/div>\n<p>    <a href=\"https:\/\/www.xatakahome.com\/altavoces\/no-tires-tu-vieja-minicadena-podras-darle-nuevo-uso-como-equipo-sonido-para-tele-incluso-reutilizar-sus-altavoces\" class=\"desvio-title js-desvio-title\">No tires tu vieja minicadena: podr\u00e1s darle un nuevo uso como equipo de sonido para la tele o incluso reutilizar sus altavoces<\/a>\n   <\/div>\n<\/p><\/div>\n<\/p><\/div>\n<\/div>\n<h2>Precio y disponibilidad<\/h2>\n<p>El nuevo altavoz conectado  C10 MkII ya se puede reservar en la <a href=\"https:\/\/www.audiopro.com\/en\/product\/addon-c10-mkii\/#black\">web del fabricante<\/a> en tres colores diferentes, con env\u00edo a Europa (incluida Espa\u00f1a) y posteriormente llegar\u00e1 a tiendas online por un precio de <strong>400 euros<\/strong>.<\/p>\n<p><!-- BREAK 7 --><\/p>\n<p>M\u00e1s informaci\u00f3n | <a href=\"https:\/\/www.audiopro.com\/en\/product\/addon-c10-mkii\/?add-to-cart=35557&amp;variation_id=35721&amp;attribute_pa_color=black#black\">Audio Pro<\/a><\/p>\n<p><!-- BREAK 8 --><script>\n (function() {\n  window._JS_MODULES = window._JS_MODULES || {};\n  var headElement = document.getElementsByTagName('head')[0];\n  if (_JS_MODULES.instagram) {\n   var instagramScript = document.createElement('script');\n   instagramScript.src = 'https:\/\/platform.instagram.com\/en_US\/embeds.js';\n   instagramScript.async = true;\n   instagramScript.defer = true;\n   headElement.appendChild(instagramScript);\n  }\n })();\n<\/script><\/p>\n<p> &#8211; <br \/> La noticia<br \/>\n      <a href=\"https:\/\/www.xatakahome.com\/altavoces\/audio-pro-lanza-c10-mkii-elegante-altavoz-conectado-salida-subwoofer-alma-minicadena?utm_source=feedburner&amp;utm_medium=feed&amp;utm_campaign=13_Apr_2021\"><br \/>\n       <em> Audio Pro lanza el C10 MkII, un elegante altavoz conectado con salida de subwoofer y alma de minicadena <\/em><br \/>\n      <\/a><br \/>\n      fue publicada originalmente en<br \/>\n      <a href=\"https:\/\/www.xatakahome.com\/?utm_source=feedburner&amp;utm_medium=feed&amp;utm_campaign=13_Apr_2021\"><br \/>\n       <strong> Xataka Smart Home <\/strong><br \/>\n      <\/a><br \/>\n            por <a href=\"https:\/\/www.xatakahome.com\/autor\/paco-rodriguez?utm_source=feedburner&amp;utm_medium=feed&amp;utm_campaign=13_Apr_2021\"><br \/>\n       Paco Rodriguez<br \/>\n      <\/a><br \/>\n      . <\/p>\n<div class=\"feedflare\">\n<a href=\"http:\/\/feeds.weblogssl.com\/~ff\/Xatakahome?a=ENXqd_-EtmQ:2WlKgTcWRx0:yIl2AUoC8zA\"><img decoding=\"async\" src=\"http:\/\/feeds.feedburner.com\/~ff\/Xatakahome?d=yIl2AUoC8zA\" border=\"0\"><\/a>\n<\/div>\n<p><img loading=\"lazy\" decoding=\"async\" src=\"http:\/\/feeds.feedburner.com\/~r\/Xatakahome\/~4\/ENXqd_-EtmQ\" height=\"1\" width=\"1\" alt=\"\">\n<\/div>\n","protected":false},"excerpt":{"rendered":"<p>Audio Pro es un fabricante sueco de equipos de sonido que acostumbra a aunar un elegante dise\u00f1o con especificaciones a la \u00faltima en sus creaciones, ofreciendo un extra de conectividad, potencia y aspecto distintivo en sus altavoces inteligentes. El \u00faltimo en llegar a su cat\u00e1logo ha sido el C10 MkII, un modelo relativamente compacto de &hellip; <a href=\"https:\/\/domosistemas.com\/?p=13683\" class=\"more-link\">Sigue leyendo <span class=\"screen-reader-text\">Audio Pro lanza el C10 MkII, un elegante altavoz conectado con salida de subwoofer y alma de minicadena<\/span><\/a><\/p>\n","protected":false},"author":1,"featured_media":0,"comment_status":"closed","ping_status":"closed","sticky":false,"template":"","format":"standard","meta":{"footnotes":""},"categories":[8],"tags":[],"class_list":["post-13683","post","type-post","status-publish","format-standard","hentry","category-xataka"],"_links":{"self":[{"href":"https:\/\/domosistemas.com\/index.php?rest_route=\/wp\/v2\/posts\/13683","targetHints":{"allow":["GET"]}}],"collection":[{"href":"https:\/\/domosistemas.com\/index.php?rest_route=\/wp\/v2\/posts"}],"about":[{"href":"https:\/\/domosistemas.com\/index.php?rest_route=\/wp\/v2\/types\/post"}],"author":[{"embeddable":true,"href":"https:\/\/domosistemas.com\/index.php?rest_route=\/wp\/v2\/users\/1"}],"replies":[{"embeddable":true,"href":"https:\/\/domosistemas.com\/index.php?rest_route=%2Fwp%2Fv2%2Fcomments&post=13683"}],"version-history":[{"count":0,"href":"https:\/\/domosistemas.com\/index.php?rest_route=\/wp\/v2\/posts\/13683\/revisions"}],"wp:attachment":[{"href":"https:\/\/domosistemas.com\/index.php?rest_route=%2Fwp%2Fv2%2Fmedia&parent=13683"}],"wp:term":[{"taxonomy":"category","embeddable":true,"href":"https:\/\/domosistemas.com\/index.php?rest_route=%2Fwp%2Fv2%2Fcategories&post=13683"},{"taxonomy":"post_tag","embeddable":true,"href":"https:\/\/domosistemas.com\/index.php?rest_route=%2Fwp%2Fv2%2Ftags&post=13683"}],"curies":[{"name":"wp","href":"https:\/\/api.w.org\/{rel}","templated":true}]}}