{"id":13692,"date":"2021-04-14T11:02:56","date_gmt":"2021-04-14T11:02:56","guid":{"rendered":"https:\/\/domosistemas.com\/?p=13692"},"modified":"2021-04-14T11:02:56","modified_gmt":"2021-04-14T11:02:56","slug":"haier-nos-ensena-su-nuevo-frigorifico-gran-capacidad-gracias-a-sus-cinco-puertas-y-tecnologia-antibacteriana","status":"publish","type":"post","link":"https:\/\/domosistemas.com\/?p=13692","title":{"rendered":"Haier nos ense\u00f1a su nuevo frigor\u00edfico: gran capacidad gracias a sus cinco puertas y tecnolog\u00eda antibacteriana"},"content":{"rendered":"<div>\n<p>\n      <img decoding=\"async\" src=\"https:\/\/i.blogs.es\/bc0b08\/28_34004289_15_17_m_hff-750cgbj-x\/1024_2000.jpg\" alt=\"Haier nos ense\u00f1a su nuevo frigor\u00edfico: gran capacidad gracias a sus cinco puertas y tecnolog\u00eda antibacteriana\">\n    <\/p>\n<p>Ayer conocimos la <a href=\"https:\/\/www.xatakahome.com\/electrodomesticos-innovadores\/tcl-desembarca-fuerza-europa-estos-sus-nuevos-frigos-lavadoras-aires-acondicionados-purificadores-robots-aspiradores\">nueva gama de electrodom\u00e9sticos de TCL<\/a> y ahora es Haier la protagonista al presentar su <strong>nuevo frigor\u00edfico Haier F+<\/strong>, un modelo premium de cinco puertas de gran capacidad con cinco puertas y distintos ambientes en cada uno de los compartimientos.<\/p>\n<p><!-- BREAK 1 --><\/p>\n<p>Este frigor\u00edfico de gran tama\u00f1o <strong>destaca de entrada por el dise\u00f1o<\/strong>, con unas l\u00edneas limpias y depuradas. De hecho, este modelo pasa a formar parte de la gama alta del fabricante.<\/p>\n<p><!-- BREAK 2 --><!--more--><\/p>\n<h2>Cinco puertas y cinco ambientes<\/h2>\n<div class=\"article-asset-image article-asset-normal\">\n<div class=\"asset-content\">\n<p>  <img decoding=\"async\" alt=\"Haier F+\" class=\"centro_sinmarco\" src=\"https:\/\/i.blogs.es\/09c97e\/28_34004289_15_06_l_hff-750cgbj-l-x\/450_1000.jpg\"><\/p><\/div>\n<\/div>\n<p>Este modelo <strong>destaca con s\u00f3lo verlo, por su estructura con cinco puertas<\/strong>, cada una con diferentes condiciones de enfriamiento para as\u00ed optimizar el almacenamiento de todo tipo de alimentos y de paso ahorrar energ\u00eda. <\/p>\n<p><!-- BREAK 3 --><\/p>\n<div class=\"article-asset-video article-asset-normal\">\n<div class=\"asset-content\">\n<div class=\"base-asset-video\">\n<div class=\"js-dailymotion\">\n    <script type=\"application\/json\">\n     {\"videoId\":\"x80m8uc\",\"autoplay\":true,\"title\":\"Haier F+ - HFF-750CGBJ (1080p_25fps_H264-128kbit_AAC)\"}\n    <\/script>\n   <\/div>\n<\/p><\/div>\n<\/p><\/div>\n<\/div>\n<p>El Haier F+ incorpora distintas mejoras. Una de ellas es la <strong>\u201cZona antioxidante\u201d<\/strong>, con un caj\u00f3n sellado que ayuda a conservar cualquier tipo de alimento, seg\u00fan la marca \u00abhasta 8 veces m\u00e1s fresco y saludable\u00bb. Otra funci\u00f3n se denomina \u201cSwitch Zone\u201d y <strong>permite convertir parte del congelador en un frigor\u00edfico<\/strong>, cambiando r\u00e1pidamente la temperatura de -20\u00baC a +5\u00baC.<\/p>\n<p><!-- BREAK 4 --><\/p>\n<div class=\"article-asset article-asset-normal article-asset-center\">\n<div class=\"desvio-container\">\n<div class=\"desvio\">\n<div class=\"desvio-figure js-desvio-figure\">\n    <a href=\"https:\/\/www.xatakahome.com\/electrodomesticos-innovadores\/induccion-vitro-gas-que-elegir-para-cambiar-cocina\"><br \/>\n     <img decoding=\"async\" alt=\"\u00bfVas a cambiar tu cocina y no sabes si elegir inducci\u00f3n, vitro o gas? Te damos algunas claves\" src=\"https:\/\/i.blogs.es\/7a5be5\/istock-641174506\/375_142.jpg\"><br \/>\n    <\/a>\n   <\/div>\n<div class=\"desvio-summary\">\n<div class=\"desvio-taxonomy js-desvio-taxonomy\">\n     <a href=\"https:\/\/www.xatakahome.com\/electrodomesticos-innovadores\/induccion-vitro-gas-que-elegir-para-cambiar-cocina\" class=\"desvio-taxonomy-anchor\">En Xataka Smart Home<\/a>\n    <\/div>\n<p>    <a href=\"https:\/\/www.xatakahome.com\/electrodomesticos-innovadores\/induccion-vitro-gas-que-elegir-para-cambiar-cocina\" class=\"desvio-title js-desvio-title\">\u00bfVas a cambiar tu cocina y no sabes si elegir inducci\u00f3n, vitro o gas? Te damos algunas claves<\/a>\n   <\/div>\n<\/p><\/div>\n<\/p><\/div>\n<\/div>\n<p>El Haier F+ es un modelo que <strong>incluye la tecnolog\u00eda ABT (Anti-Bacterial-Treatment)<\/strong>, exclusiva de Haier. Un sistema que act\u00faa sobre las bacterias que suelen proliferar a bajas temperaturas (0-10\u00baC de temperatura del frigor\u00edfico).<\/p>\n<p><!-- BREAK 5 --><\/p>\n<div class=\"article-asset-image article-asset-normal\">\n<div class=\"asset-content\">\n<p>  <img decoding=\"async\" alt=\"Haier F+\" class=\"centro_sinmarco\" src=\"https:\/\/i.blogs.es\/92dfb4\/28_34004289_15_08_p_hff-750cgbj-56090-x\/450_1000.jpg\"><\/p><\/div>\n<\/div>\n<p><strong>Este sistema antibacteriano utiliza luz ultravioleta<\/strong> para activar una reacci\u00f3n de fotocat\u00e1lisis que descompone de forma definitiva las bacterias en CO2 y agua, eliminando hasta el 99,9% de las bacterias presentes en el frigor\u00edfico.<\/p>\n<p><!-- BREAK 6 --><\/p>\n<p>La tecnolog\u00eda ABT del Haier F+ <strong>se complementa con un sistema que crea un flujo de aire limpio<\/strong> de forma que junto con la primera, consigue reducir el riesgo de contaminaci\u00f3n cruzada, mejorando la higiene y prolongando la frescura de los alimentos.<\/p>\n<p><!-- BREAK 7 --><\/p>\n<h2>Precio y disponibilidad<\/h2>\n<p>El nuevo frigor\u00edfico se integra en la gama Series 9 del fabricante y ya se puede encontrar en la <a href=\"https:\/\/www.haier-europe.com\/es_ES\/web\/es\/multipuertas\/-\/catalog\/34004289\/hff-750cgbj?_2_WAR_candyportlet_oneDoc=false\">p\u00e1gina web<\/a>, donde nos informa que se puede adquirir por 3.799 euros en comercios como <a href=\"https:\/\/www.xatakahome.com\/redirect?url=https%3A%2F%2Fwww.elcorteingles.es%2Felectrodomesticos%2FA38061593-frigorifico-side-by-side-haier-hff-750cgbj-no-frost%2F%3Fcstrackid%3D2b8f73d3-01ec-44eb-ba54-6e70e31732bc%26dclid%3DCjgKEAjwpdqDBhCfrMii0f2L-UUSJABb-TVZc0RDhyfddROJkptsi6w3qauGrEEBfqTwcLy-4gu2JvD_BwE&amp;category=electrodomesticos-innovadores\">El Corte Ingl\u00e9s<\/a>.<\/p>\n<p><!-- BREAK 8 --><!-- PIVOT START --><\/p>\n<div class=\"pivot-ecommerce-container\">\n<div class=\"pivot-ecommerce\">\n<div class=\"pivot-ecommerce-figure\">\n   <img decoding=\"async\" alt=\"Frigor\u00edfico Side by Side Haier HFF-750CGBJ No Frost\" src=\"https:\/\/i.blogs.es\/011e43\/captura-2021-04-14-a-las-11.23.02\/original.png\">\n  <\/div>\n<div class=\"pivot-ecommerce-summary\">\n<p class=\"pivot-ecommerce-desc\">Frigor\u00edfico Side by Side Haier HFF-750CGBJ No Frost<\/p>\n<div class=\"pivot-actions js-pivot-actions\">\n<div class=\"pivot-actions-row\">\n <a rel=\"nofollow\" data-asin=\"\" data-store=\"El Corte Ingl\u00e9s\" href=\"https:\/\/www.xatakahome.com\/redirect?url=https%3A%2F%2Fwww.elcorteingles.es%2Felectrodomesticos%2FA38061593-frigorifico-side-by-side-haier-hff-750cgbj-no-frost%2F%3Fcstrackid%3D2b8f73d3-01ec-44eb-ba54-6e70e31732bc%26dclid%3DCjgKEAjwpdqDBhCfrMii0f2L-UUSJABb-TVZc0RDhyfddROJkptsi6w3qauGrEEBfqTwcLy-4gu2JvD_BwE&amp;category=electrodomesticos-innovadores&amp;pivot=1\" title=\"Precio de venta al p\u00fablico a fecha de publicaci\u00f3n\" class=\"pivot-action-primary js-pivot-action\">PVP en El Corte Ingl\u00e9s 3.799\u20ac<\/a>\n<\/div>\n<div class=\"pivot-actions-row\">\n <\/div>\n<\/p><\/div>\n<\/p><\/div>\n<\/p><\/div>\n<\/div>\n<p><!-- PIVOT END --><\/p>\n<p>M\u00e1s informaci\u00f3n |\u00a0<a href=\"https:\/\/www.haier-europe.com\/es_ES\/web\/es\/multipuertas\/-\/catalog\/34004289\/hff-750cgbj?_2_WAR_candyportlet_oneDoc=false\">Haier<\/a><\/p>\n<p><!-- BREAK 9 --><script>\n (function() {\n  window._JS_MODULES = window._JS_MODULES || {};\n  var headElement = document.getElementsByTagName('head')[0];\n  if (_JS_MODULES.instagram) {\n   var instagramScript = document.createElement('script');\n   instagramScript.src = 'https:\/\/platform.instagram.com\/en_US\/embeds.js';\n   instagramScript.async = true;\n   instagramScript.defer = true;\n   headElement.appendChild(instagramScript);\n  }\n })();\n<\/script><\/p>\n<p> &#8211; <br \/> La noticia<br \/>\n      <a href=\"https:\/\/www.xatakahome.com\/electrodomesticos-innovadores\/haier-nos-ensena-su-nuevo-frigorifico-gran-capacidad-gracias-a-sus-cinco-puertas-tecnologia-antibacteriana?utm_source=feedburner&amp;utm_medium=feed&amp;utm_campaign=14_Apr_2021\"><br \/>\n       <em> Haier nos ense\u00f1a su nuevo frigor\u00edfico: gran capacidad gracias a sus cinco puertas y tecnolog\u00eda antibacteriana <\/em><br \/>\n      <\/a><br \/>\n      fue publicada originalmente en<br \/>\n      <a href=\"https:\/\/www.xatakahome.com\/?utm_source=feedburner&amp;utm_medium=feed&amp;utm_campaign=14_Apr_2021\"><br \/>\n       <strong> Xataka Smart Home <\/strong><br \/>\n      <\/a><br \/>\n            por <a href=\"https:\/\/www.xatakahome.com\/autor\/jose-antonio-carmona?utm_source=feedburner&amp;utm_medium=feed&amp;utm_campaign=14_Apr_2021\"><br \/>\n       Jose Antonio Carmona<br \/>\n      <\/a><br \/>\n      . <\/p>\n<div class=\"feedflare\">\n<a href=\"http:\/\/feeds.weblogssl.com\/~ff\/Xatakahome?a=cBopOww4keU:QGHd8FTk5bQ:yIl2AUoC8zA\"><img decoding=\"async\" src=\"http:\/\/feeds.feedburner.com\/~ff\/Xatakahome?d=yIl2AUoC8zA\" border=\"0\"><\/a>\n<\/div>\n<p><img loading=\"lazy\" decoding=\"async\" src=\"http:\/\/feeds.feedburner.com\/~r\/Xatakahome\/~4\/cBopOww4keU\" height=\"1\" width=\"1\" alt=\"\">\n<\/div>\n","protected":false},"excerpt":{"rendered":"<p>Ayer conocimos la nueva gama de electrodom\u00e9sticos de TCL y ahora es Haier la protagonista al presentar su nuevo frigor\u00edfico Haier F+, un modelo premium de cinco puertas de gran capacidad con cinco puertas y distintos ambientes en cada uno de los compartimientos. Este frigor\u00edfico de gran tama\u00f1o destaca de entrada por el dise\u00f1o, con &hellip; <a href=\"https:\/\/domosistemas.com\/?p=13692\" class=\"more-link\">Sigue leyendo <span class=\"screen-reader-text\">Haier nos ense\u00f1a su nuevo frigor\u00edfico: gran capacidad gracias a sus cinco puertas y tecnolog\u00eda antibacteriana<\/span><\/a><\/p>\n","protected":false},"author":1,"featured_media":0,"comment_status":"closed","ping_status":"closed","sticky":false,"template":"","format":"standard","meta":{"footnotes":""},"categories":[8],"tags":[],"class_list":["post-13692","post","type-post","status-publish","format-standard","hentry","category-xataka"],"_links":{"self":[{"href":"https:\/\/domosistemas.com\/index.php?rest_route=\/wp\/v2\/posts\/13692","targetHints":{"allow":["GET"]}}],"collection":[{"href":"https:\/\/domosistemas.com\/index.php?rest_route=\/wp\/v2\/posts"}],"about":[{"href":"https:\/\/domosistemas.com\/index.php?rest_route=\/wp\/v2\/types\/post"}],"author":[{"embeddable":true,"href":"https:\/\/domosistemas.com\/index.php?rest_route=\/wp\/v2\/users\/1"}],"replies":[{"embeddable":true,"href":"https:\/\/domosistemas.com\/index.php?rest_route=%2Fwp%2Fv2%2Fcomments&post=13692"}],"version-history":[{"count":0,"href":"https:\/\/domosistemas.com\/index.php?rest_route=\/wp\/v2\/posts\/13692\/revisions"}],"wp:attachment":[{"href":"https:\/\/domosistemas.com\/index.php?rest_route=%2Fwp%2Fv2%2Fmedia&parent=13692"}],"wp:term":[{"taxonomy":"category","embeddable":true,"href":"https:\/\/domosistemas.com\/index.php?rest_route=%2Fwp%2Fv2%2Fcategories&post=13692"},{"taxonomy":"post_tag","embeddable":true,"href":"https:\/\/domosistemas.com\/index.php?rest_route=%2Fwp%2Fv2%2Ftags&post=13692"}],"curies":[{"name":"wp","href":"https:\/\/api.w.org\/{rel}","templated":true}]}}