{"id":13721,"date":"2021-04-19T02:00:04","date_gmt":"2021-04-19T02:00:04","guid":{"rendered":"https:\/\/domosistemas.com\/?p=13721"},"modified":"2021-04-19T02:00:04","modified_gmt":"2021-04-19T02:00:04","slug":"novedades-sobre-ise-liveonline-que-se-celebrara-en-fira-de-barcelona-gran-via","status":"publish","type":"post","link":"https:\/\/domosistemas.com\/?p=13721","title":{"rendered":"Novedades sobre ISE Live&amp;Online que se celebrar\u00e1 en Fira de Barcelona Gran V\u00eda"},"content":{"rendered":"<div>\n<p>Integrated Systems Events (<a href=\"https:\/\/www.iseurope.org\/\" target=\"_blank\" rel=\"noopener\">ISE<\/a>) ha proporcionado m\u00e1s informaci\u00f3n de c\u00f3mo ser\u00e1 el evento <a href=\"https:\/\/www.casadomo.com\/2021\/04\/09\/integrated-systems-events-anuncia-mas-detalles-celebracion-ise-digital\">ISE Live&amp;Online<\/a> en Fira de Barcelona Gran V\u00eda, que se celebrar\u00e1 los d\u00edas 1 y 2 de junio, tanto en la versi\u00f3n presencial como en la virtual.<\/p>\n<figure id=\"attachment_88744\" aria-describedby=\"caption-attachment-88744\" style=\"width: 800px\" class=\"wp-caption aligncenter\"><img decoding=\"async\" loading=\"lazy\" class=\"size-full wp-image-88744\" src=\"https:\/\/static.casadomo.com\/media\/2021\/04\/ise-fira-barcelona-novedades-contenido-feria.png\" alt=\"Fira Barcelona.\" width=\"800\" height=\"473\" srcset=\"https:\/\/static.casadomo.com\/media\/2021\/04\/ise-fira-barcelona-novedades-contenido-feria.png 800w, https:\/\/static.casadomo.com\/media\/2021\/04\/ise-fira-barcelona-novedades-contenido-feria-300x177.png 300w, https:\/\/static.casadomo.com\/media\/2021\/04\/ise-fira-barcelona-novedades-contenido-feria-768x454.png 768w, https:\/\/static.casadomo.com\/media\/2021\/04\/ise-fira-barcelona-novedades-contenido-feria-180x106.png 180w\" sizes=\"auto, (max-width: 800px) 100vw, 800px\"><figcaption id=\"caption-attachment-88744\" class=\"wp-caption-text\">ISE ha revelado algunos detalles de c\u00f3mo ser\u00e1 la feria en Fira de Barcelona.<\/figcaption><\/figure>\n<p>En el espacio Fira de Barcelona Gran V\u00eda, los visitantes presenciales podr\u00e1n acercarse a los stands de expositores de las compa\u00f1\u00edas m\u00e1s relevantes del sector audiovisual. Asimismo, durante los dos d\u00edas, se transmitir\u00e1 lo m\u00e1s destacado de la exposici\u00f3n desde el escenario principal y habr\u00e1 un pabell\u00f3n del ICEX para resaltar las marcas espa\u00f1olas y las oportunidades comerciales.<\/p>\n<p>La AV Experience Zone, producida en asociaci\u00f3n con Avixa, acoger\u00e1 diversas presentaciones de los 15 principales integradores espa\u00f1oles. Los contenidos estar\u00e1n en espa\u00f1ol y cubrir\u00e1n los sectores retail, hospitality, corporate, educaci\u00f3n y se\u00f1alizaci\u00f3n digital, para explorar nuevas posibilidades comerciales de cara a la recuperaci\u00f3n.<\/p>\n<p>La feria dispondr\u00e1 de la Zona de Innovaci\u00f3n Catalana, donde la Agencia Catalana para la Competitividad Empresarial (Acci\u00f3) albergar\u00e1 una zona expositiva que mostrar\u00e1 estas empresas y tecnolog\u00edas importantes del sector. Asimismo, Acci\u00f3 se ha asociado con ISE y TNW para producir tres sesiones de Startup Nation en el escenario principal, destacando el pr\u00f3ximo talento emprendedor catal\u00e1n.<\/p>\n<h2>ISE Digital en Barcelona<\/h2>\n<p>Con un amplio programa de contenidos en directo y bajo demanda, ISE Digital tendr\u00e1 un estudio virtual propio de ISE, con sesiones en directo desde el Main Stage de Fira, ubicado en el escenario principal. Disponible bajo demanda en las pr\u00f3ximas semanas, el programa es una colaboraci\u00f3n de contenidos informativos de ISE, Avixa, Cedia, TNW (The Next Web) y socios clave del programa.<\/p>\n<p>El Main Stage de Fira se basar\u00e1 en el programa RISE Spotlight y contar\u00e1 con las secciones On the Sofa Keynotes, Reporter Roundtables y Startup Nation, patrocinado por Acci\u00f3, destacando las empresas emergentes que est\u00e1n impactando en los mercados.<\/p>\n<p>Tanto Avixa como Cedia se presentar\u00e1n en el escenario principal con una serie de sesiones que cubrir\u00e1n la inteligencia de mercado m\u00e1s reciente, las tendencias globales y analizar\u00e1n las tecnolog\u00edas inteligentes que impulsan los mercados residenciales y comerciales.<\/p>\n<p>El programa completo se dar\u00e1 a conocer en la p\u00e1gina web del ISE en las pr\u00f3ximas semanas, pero algunos aspectos destacados incluir\u00e1n On the Sofa Keynote with TNW: Shaking out the trends in next tech, que proporcionar\u00e1 informaci\u00f3n clave de las tendencias tecnol\u00f3gicas; y Rising to the challenge: Finding opportunity through crisis, que contar\u00e1 la historia de una empresa que encontr\u00f3 las oportunidades a trav\u00e9s de la crisis del COVID-19.<\/p>\n<p>Asimismo, se podr\u00e1 disfrutar de On the Sofa Keynote Interview: Sustainability Accelerated, donde se entrevistar\u00e1 a un experto de AV para conocer su opini\u00f3n sobre la sostenibilidad, y, por \u00faltimo, habr\u00e1 una mesa redonda, bajo el t\u00edtulo What\u2019s your purpose?, que ense\u00f1ar\u00e1 a posicionar una marca y servicio en un mundo post pand\u00e9mico.<\/p>\n<p>Para asistir de manera online o presencial a ISE 2021 se puede realizar el registro a trav\u00e9s de este <a href=\"https:\/\/www.iseurope.org\/register.php?actioncode=LIVEAPR2\" target=\"_blank\" rel=\"noopener\">enlace<\/a>. Los lectores de CASADOMO disponen de un descuento introduciendo el c\u00f3digo 37GMC8SW.<\/p>\n<p>La entrada <a rel=\"nofollow\" href=\"https:\/\/www.casadomo.com\/2021\/04\/19\/novedades-sobre-ise-liveonline-celebrara-fira-barcelona-gran-via\">Novedades sobre ISE Live&amp;Online que se celebrar\u00e1 en Fira de Barcelona Gran V\u00eda<\/a> aparece primero en <a rel=\"nofollow\" href=\"https:\/\/www.casadomo.com\/\">CASADOMO<\/a>.<\/p>\n<\/div>\n","protected":false},"excerpt":{"rendered":"<p>Integrated Systems Events (ISE) ha proporcionado m\u00e1s informaci\u00f3n de c\u00f3mo ser\u00e1 el evento ISE Live&amp;Online en Fira de Barcelona Gran V\u00eda, que se celebrar\u00e1 los d\u00edas 1 y 2 de junio, tanto en la versi\u00f3n presencial como en la virtual. ISE ha revelado algunos detalles de c\u00f3mo ser\u00e1 la feria en Fira de Barcelona. En &hellip; <a href=\"https:\/\/domosistemas.com\/?p=13721\" class=\"more-link\">Sigue leyendo <span class=\"screen-reader-text\">Novedades sobre ISE Live&amp;Online que se celebrar\u00e1 en Fira de Barcelona Gran V\u00eda<\/span><\/a><\/p>\n","protected":false},"author":1,"featured_media":0,"comment_status":"closed","ping_status":"closed","sticky":false,"template":"","format":"standard","meta":{"footnotes":""},"categories":[3],"tags":[],"class_list":["post-13721","post","type-post","status-publish","format-standard","hentry","category-casadomo-com"],"_links":{"self":[{"href":"https:\/\/domosistemas.com\/index.php?rest_route=\/wp\/v2\/posts\/13721","targetHints":{"allow":["GET"]}}],"collection":[{"href":"https:\/\/domosistemas.com\/index.php?rest_route=\/wp\/v2\/posts"}],"about":[{"href":"https:\/\/domosistemas.com\/index.php?rest_route=\/wp\/v2\/types\/post"}],"author":[{"embeddable":true,"href":"https:\/\/domosistemas.com\/index.php?rest_route=\/wp\/v2\/users\/1"}],"replies":[{"embeddable":true,"href":"https:\/\/domosistemas.com\/index.php?rest_route=%2Fwp%2Fv2%2Fcomments&post=13721"}],"version-history":[{"count":0,"href":"https:\/\/domosistemas.com\/index.php?rest_route=\/wp\/v2\/posts\/13721\/revisions"}],"wp:attachment":[{"href":"https:\/\/domosistemas.com\/index.php?rest_route=%2Fwp%2Fv2%2Fmedia&parent=13721"}],"wp:term":[{"taxonomy":"category","embeddable":true,"href":"https:\/\/domosistemas.com\/index.php?rest_route=%2Fwp%2Fv2%2Fcategories&post=13721"},{"taxonomy":"post_tag","embeddable":true,"href":"https:\/\/domosistemas.com\/index.php?rest_route=%2Fwp%2Fv2%2Ftags&post=13721"}],"curies":[{"name":"wp","href":"https:\/\/api.w.org\/{rel}","templated":true}]}}