{"id":13839,"date":"2021-05-05T02:00:19","date_gmt":"2021-05-05T02:00:19","guid":{"rendered":"https:\/\/domosistemas.com\/?p=13839"},"modified":"2021-05-05T02:00:19","modified_gmt":"2021-05-05T02:00:19","slug":"cancelados-los-eventos-de-integrated-systems-events-ise-en-munich-y-amsterdam","status":"publish","type":"post","link":"https:\/\/domosistemas.com\/?p=13839","title":{"rendered":"Cancelados los eventos de Integrated Systems Events (ISE) en M\u00fanich y \u00c1msterdam"},"content":{"rendered":"<div>\n<p>En el mes de abril se anunci\u00f3 que la modalidad presencial de Integrated Systems Events (<a href=\"https:\/\/www.iseurope.org\/\" target=\"_blank\" rel=\"noopener\">ISE<\/a>) se desarrollar\u00eda en <a href=\"https:\/\/www.casadomo.com\/2021\/04\/01\/ise-2021-anuncia-apertura-inscripcion-presencial-eventos-locales\">cuatro ciudades europeas<\/a>: Barcelona, M\u00fanich, \u00c1msterdam y Londres, durante el mes de junio. A trav\u00e9s de un comunicado, Mike Blackman, director general de Integrated Systems Events, ha informado que los eventos de M\u00fanich y \u00c1msterdam se cancelan.<\/p>\n<figure id=\"attachment_89721\" aria-describedby=\"caption-attachment-89721\" style=\"width: 800px\" class=\"wp-caption aligncenter\"><img decoding=\"async\" loading=\"lazy\" class=\"size-full wp-image-89721\" src=\"https:\/\/static.casadomo.com\/media\/2021\/05\/ise-cancelan-amsterdam-munich-evento-pesencial.png\" alt=\"Eventos de ISE cancelados. \" width=\"800\" height=\"372\" srcset=\"https:\/\/static.casadomo.com\/media\/2021\/05\/ise-cancelan-amsterdam-munich-evento-pesencial.png 800w, https:\/\/static.casadomo.com\/media\/2021\/05\/ise-cancelan-amsterdam-munich-evento-pesencial-300x140.png 300w, https:\/\/static.casadomo.com\/media\/2021\/05\/ise-cancelan-amsterdam-munich-evento-pesencial-768x357.png 768w, https:\/\/static.casadomo.com\/media\/2021\/05\/ise-cancelan-amsterdam-munich-evento-pesencial-180x84.png 180w\" sizes=\"auto, (max-width: 800px) 100vw, 800px\"><figcaption id=\"caption-attachment-89721\" class=\"wp-caption-text\">ISE comunica que los eventos de M\u00fanich y \u00c1msterdam se cancelan por las regulaciones gubernamentales frente al COVID-19 de ambos pa\u00edses.<\/figcaption><\/figure>\n<p>El motivo de la cancelaci\u00f3n han sido las nuevas regulaciones gubernamentales que se llevan a cabo tanto en Alemania como en los Pa\u00edses Bajos a consecuencia de la pandemia del COVID-19, que no permiten garantizar la continuidad de los dos eventos.<\/p>\n<p>\u00abLos preparativos para Barcelona y Londres est\u00e1n en marcha, ya que los gobiernos suavizan las restricciones tanto en Espa\u00f1a como en el Reino Unido\u201d, explica Blackman. Asimismo, estos eventos estar\u00e1n apoyados por la plataforma online ISE Digital, que facilitar\u00e1n a la audiencia global de ISE la oportunidad de asistir de manera virtual a la feria.<\/p>\n<h2>Eventos presenciales en Barcelona y Londres<\/h2>\n<p>El evento presencial de <a href=\"https:\/\/www.casadomo.com\/2021\/04\/19\/novedades-sobre-ise-liveonline-celebrara-fira-barcelona-gran-via\">Barcelona<\/a> se celebrar\u00e1 los d\u00edas 1 y 2 de junio, dando comienzo al mismo tiempo en la versi\u00f3n virtual. La feria se desarrollar\u00e1 en el espacio Fira de Barcelona Gran V\u00eda, que agrupar\u00e1 los stands de los expositores de las compa\u00f1\u00edas m\u00e1s relevantes del sector audiovisual.<\/p>\n<p>Los d\u00edas 23 y 24 de junio, la ciudad de Londres acoger\u00e1 la feria ISE, reactiv\u00e1ndose con actualizaciones en vivo y bajo demanda ISE Digital. Pr\u00f3ximamente, la organizaci\u00f3n ofrecer\u00e1 m\u00e1s detalles de este evento, que se celebrar\u00e1 en el Evolution Battersea de Londres.<\/p>\n<p>Las inscripciones a estos eventos siguen abiertas en este <a href=\"https:\/\/www.iseurope.org\/register.php?actioncode=LIVEAPR4\" target=\"_blank\" rel=\"noopener\">enlace<\/a>. Los lectores de CASADOMO disponen de un descuento introduciendo el c\u00f3digo 37GMC8SW.<\/p>\n<p>La entrada <a rel=\"nofollow\" href=\"https:\/\/www.casadomo.com\/2021\/05\/05\/cancelados-eventos-integrated-systems-events-ise-munich-amsterdam\">Cancelados los eventos de Integrated Systems Events (ISE) en M\u00fanich y \u00c1msterdam<\/a> aparece primero en <a rel=\"nofollow\" href=\"https:\/\/www.casadomo.com\/\">CASADOMO<\/a>.<\/p>\n<\/div>\n","protected":false},"excerpt":{"rendered":"<p>En el mes de abril se anunci\u00f3 que la modalidad presencial de Integrated Systems Events (ISE) se desarrollar\u00eda en cuatro ciudades europeas: Barcelona, M\u00fanich, \u00c1msterdam y Londres, durante el mes de junio. A trav\u00e9s de un comunicado, Mike Blackman, director general de Integrated Systems Events, ha informado que los eventos de M\u00fanich y \u00c1msterdam se &hellip; <a href=\"https:\/\/domosistemas.com\/?p=13839\" class=\"more-link\">Sigue leyendo <span class=\"screen-reader-text\">Cancelados los eventos de Integrated Systems Events (ISE) en M\u00fanich y \u00c1msterdam<\/span><\/a><\/p>\n","protected":false},"author":1,"featured_media":0,"comment_status":"closed","ping_status":"closed","sticky":false,"template":"","format":"standard","meta":{"footnotes":""},"categories":[3],"tags":[],"class_list":["post-13839","post","type-post","status-publish","format-standard","hentry","category-casadomo-com"],"_links":{"self":[{"href":"https:\/\/domosistemas.com\/index.php?rest_route=\/wp\/v2\/posts\/13839","targetHints":{"allow":["GET"]}}],"collection":[{"href":"https:\/\/domosistemas.com\/index.php?rest_route=\/wp\/v2\/posts"}],"about":[{"href":"https:\/\/domosistemas.com\/index.php?rest_route=\/wp\/v2\/types\/post"}],"author":[{"embeddable":true,"href":"https:\/\/domosistemas.com\/index.php?rest_route=\/wp\/v2\/users\/1"}],"replies":[{"embeddable":true,"href":"https:\/\/domosistemas.com\/index.php?rest_route=%2Fwp%2Fv2%2Fcomments&post=13839"}],"version-history":[{"count":0,"href":"https:\/\/domosistemas.com\/index.php?rest_route=\/wp\/v2\/posts\/13839\/revisions"}],"wp:attachment":[{"href":"https:\/\/domosistemas.com\/index.php?rest_route=%2Fwp%2Fv2%2Fmedia&parent=13839"}],"wp:term":[{"taxonomy":"category","embeddable":true,"href":"https:\/\/domosistemas.com\/index.php?rest_route=%2Fwp%2Fv2%2Fcategories&post=13839"},{"taxonomy":"post_tag","embeddable":true,"href":"https:\/\/domosistemas.com\/index.php?rest_route=%2Fwp%2Fv2%2Ftags&post=13839"}],"curies":[{"name":"wp","href":"https:\/\/api.w.org\/{rel}","templated":true}]}}