{"id":13860,"date":"2021-05-06T16:35:11","date_gmt":"2021-05-06T16:35:11","guid":{"rendered":"https:\/\/domosistemas.com\/?p=13860"},"modified":"2021-05-06T16:35:11","modified_gmt":"2021-05-06T16:35:11","slug":"la-nueva-factura-de-la-luz-sera-realidad-en-junio-estos-son-los-principales-cambios-y-lo-que-tendras-que-hacer-para-gastar-menos","status":"publish","type":"post","link":"https:\/\/domosistemas.com\/?p=13860","title":{"rendered":"La nueva factura de la luz ser\u00e1 realidad en junio: estos son los principales cambios y lo que tendr\u00e1s que hacer para gastar menos"},"content":{"rendered":"<div>\n<p>\n      <img decoding=\"async\" src=\"https:\/\/i.blogs.es\/96b54b\/1366_2000\/1024_2000.jpg\" alt=\"La nueva factura de la luz ser\u00e1 realidad en junio: estos son los principales cambios y lo que tendr\u00e1s que hacer para gastar menos\">\n    <\/p>\n<p>El nuevo formato de factura el\u00e9ctrica para usuarios dom\u00e9sticos <strong>entrar\u00e1 en vigor el pr\u00f3ximo 1 de junio de 2021<\/strong> y vendr\u00e1 con importantes cambios en la estructura de precios y tramos horarios en un intento de fomentar \u00abel ahorro energ\u00e9tico, la eficiencia, el autoconsumo y el despliegue del veh\u00edculo el\u00e9ctrico en Espa\u00f1a\u00bb<\/p>\n<p><!-- BREAK 1 --><\/p>\n<p>Seg\u00fan <a href=\"https:\/\/www.lamoncloa.gob.es\/serviciosdeprensa\/notasprensa\/transicion-ecologica\/Paginas\/2021\/050521-factura_electrica.aspx\">ha explicado<\/a> el Gobierno, a partir del pr\u00f3ximo mes los peajes de acceso al sector el\u00e9ctrico ser\u00e1n sustituidos por dos nuevos conceptos. En primer lugar por los <strong>peajes de transporte y distribuci\u00f3n<\/strong>, que estar\u00e1n fijados por la CNMC y que cubrir\u00e1n los costes de uso de las redes de transporte y distribuci\u00f3n. <\/p>\n<p><!-- BREAK 2 --><\/p>\n<p>En segundo lugar por los <strong>cargos del sistema el\u00e9ctrico<\/strong>, establecidos por el Ministerio para la Transici\u00f3n Ecol\u00f3gica y el Reto Demogr\u00e1fico y cuya recaudaci\u00f3n estar\u00e1 destinada a financiar los costes del sistema, como las <strong>energ\u00edas renovables<\/strong>,  la cogeneraci\u00f3n y  generaci\u00f3n con residuos (RECORE), la cobertura del d\u00e9ficit de a\u00f1os anteriores o la compensaci\u00f3n del sobrecoste en los territorios no peninsulares.<\/p>\n<p><!-- BREAK 3 --><!--more--><\/p>\n<h2>Una nueva estructura: tres horarios y dos potencias contratadas<\/h2>\n<p>La nueva tarifa contar\u00e1 con un <strong>nueva estructura con discriminaci\u00f3n de precios<\/strong> para todos los consumidores y <strong>tres periodos diferentes<\/strong> para aqu\u00e9llos con Precio Voluntario para el Peque\u00f1o Consumidor (PVPC) y que tengan contratados <strong>menos de 15 KW<\/strong> como pico de potencia m\u00e1ximo (la mayor\u00eda de hogares espa\u00f1oles). As\u00ed, quedar\u00e1n fijados <strong>tres tramos horarios: punta, llano y valle<\/strong>, que tendr\u00e1n una distribuci\u00f3n algo peculiar repartida de forma alterna en diferentes horas del d\u00eda.<\/p>\n<p><!-- BREAK 4 --><\/p>\n<div class=\"article-asset-image article-asset-normal\">\n<div class=\"asset-content\">\n<p>  <img decoding=\"async\" alt=\"tramos\" class=\"centro_sinmarco\" src=\"https:\/\/i.blogs.es\/853cb8\/1366_2000electrica\/450_1000.jpg\"><\/p><\/div>\n<\/div>\n<p>El periodo punta ser\u00e1 durante el que el coste de los peajes y los cargos ser\u00e1 m\u00e1s alto, estando comprendido <strong>entre las 10 y las 14 horas<\/strong> y las <strong>18 y 22 horas<\/strong>. El tramo llano tendr\u00e1 un coste intermedio y se situar\u00e1 entre las <strong>8 y las 10 horas<\/strong>, las <strong>14 y las 18 horas<\/strong> y entre las <strong>22 y 24 horas<\/strong>. Por \u00faltimo tendremos la tarifa valle, que ser\u00e1 la m\u00e1s barata y comprender\u00e1 <strong>entre la medianoche  y las 8 de la ma\u00f1ana<\/strong> as\u00ed como durante <strong>todas las horas de los fines de semana y festivos<\/strong>.<\/p>\n<p><!-- BREAK 5 --><\/p>\n<p>Adem\u00e1s, a partir del 1 de junio los consumidores dom\u00e9sticos <strong>podremos contratar dos potencias diferentes<\/strong> simult\u00e1neas en cada hogar: <strong>una para los periodos punta y llano<\/strong> y <strong>otra para el periodo valle<\/strong>. De este modo, quien tenga unas necesidades de potencia m\u00e1s elevadas en periodo valle, como los poseedores de un veh\u00edculo el\u00e9ctrico que lo dejen cargando por la noche, podr\u00e1n beneficiarse de contratar una potencia superior para el periodo valle y mantener su potencia habitual en los tramos punta y llano. <\/p>\n<p><!-- BREAK 6 --><\/p>\n<div class=\"article-asset-image article-asset-normal\">\n<div class=\"asset-content\">\n<p>  <img decoding=\"async\" alt=\"tramos\" class=\"centro_sinmarco\" src=\"https:\/\/i.blogs.es\/8e65ad\/1366_2000electrica-9\/450_1000.png\"><\/p><\/div>\n<\/div>\n<p>Sin embargo, esta diferenciaci\u00f3n de dos niveles de potencia <strong>deber\u00e1 ser solicitada por cada usuario a su compa\u00f1\u00eda el\u00e9ctrica<\/strong>, ya que de no hacerlo se  aplicar\u00e1 de manera autom\u00e1tica la potencia actual contratada en ambos periodos.<\/p>\n<p><!-- BREAK 7 --><\/p>\n<div class=\"article-asset-video article-asset-normal\">\n<div class=\"asset-content\">\n<div class=\"base-asset-video\">\n<div class=\"js-dailymotion\">\n    <script type=\"application\/json\">\n     {\"videoId\":\"x7znesx\",\"autoplay\":true,\"title\":\"Edificio de autoconsumo ASI\u0301 FUNCIONAN - Paneles solares en bloques de pisos\"}\n    <\/script>\n   <\/div>\n<\/p><\/div>\n<\/p><\/div>\n<\/div>\n<h2>Un nuevo formato de factura<\/h2>\n<p>Junto con estas medidas se ha anunciado tambi\u00e9n un <strong>nuevo formato de factura<\/strong> para usuarios con PVPC que adaptar\u00e1 el recibo a la divisi\u00f3n de los actuales peajes de acceso, pero sobre todo afirman ser\u00e1 capaz de \u00absimplificar el contenido para mejorar su comprensi\u00f3n\u00bb, reducir\u00e1 su extensi\u00f3n a dos p\u00e1ginas e incorporar\u00e1 nueva informaci\u00f3n como las <strong>potencias m\u00e1ximas<\/strong> que cada consumidor ha demandado en cada uno de los periodos horarios en el \u00faltimo a\u00f1o.<\/p>\n<p><!-- BREAK 8 --><\/p>\n<p>Tambi\u00e9n se incluir\u00e1 <strong>un c\u00f3digo QR<\/strong> para facilitar al usuario poder usar el <a href=\"https:\/\/comparador.cnmc.gob.es\/\">comparador de ofertas<\/a> de energ\u00eda en la web la CNMC de forma que pueda encontrar alternativas m\u00e1s econ\u00f3micas para sus necesidades.<\/p>\n<p><!-- BREAK 9 --><\/p>\n<div class=\"article-asset article-asset-normal article-asset-center\">\n<div class=\"desvio-container\">\n<div class=\"desvio\">\n<div class=\"desvio-figure js-desvio-figure\">\n    <a href=\"https:\/\/www.xatakahome.com\/electrodomesticos-innovadores\/aprobada-reforma-ley-consumidores-tres-anos-garantia-para-tus-productos-piezas-recambio-disponibles-durante-10-anos\"><br \/>\n     <img decoding=\"async\" alt=\"Aprobada la reforma de la Ley de Consumidores: tres a\u00f1os de garant\u00eda para tus productos y piezas de recambio disponibles durante 10 a\u00f1os\" src=\"https:\/\/i.blogs.es\/670f09\/1366_2000\/375_142.jpg\"><br \/>\n    <\/a>\n   <\/div>\n<div class=\"desvio-summary\">\n<div class=\"desvio-taxonomy js-desvio-taxonomy\">\n     <a href=\"https:\/\/www.xatakahome.com\/electrodomesticos-innovadores\/aprobada-reforma-ley-consumidores-tres-anos-garantia-para-tus-productos-piezas-recambio-disponibles-durante-10-anos\" class=\"desvio-taxonomy-anchor\">En Xataka Smart Home<\/a>\n    <\/div>\n<p>    <a href=\"https:\/\/www.xatakahome.com\/electrodomesticos-innovadores\/aprobada-reforma-ley-consumidores-tres-anos-garantia-para-tus-productos-piezas-recambio-disponibles-durante-10-anos\" class=\"desvio-title js-desvio-title\">Aprobada la reforma de la Ley de Consumidores: tres a\u00f1os de garant\u00eda para tus productos y piezas de recambio disponibles durante 10 a\u00f1os<\/a>\n   <\/div>\n<\/p><\/div>\n<\/p><\/div>\n<\/div>\n<h2>\u00bfEn qu\u00e9 te beneficiar\u00e1 la nueva factura?<\/h2>\n<p>Seg\u00fan la Organizaci\u00f3n de Consumidores y Usuarios (OCU), la nueva tarifa el\u00e9ctrica \u00abtraslada en gran medida su peso <strong>a la parte variable<\/strong> de la factura, la que depende del consumo, y disminuye el peso del t\u00e9rmino fijo\u00bb. De ah\u00ed que los efectos reales en el importe que pagaremos a final de mes <strong>dependan en gran medida de nuestros h\u00e1bitos de uso<\/strong> de la electricidad en casa.<\/p>\n<p><!-- BREAK 10 --><\/p>\n<div class=\"article-asset-image article-asset-normal\">\n<div class=\"asset-content\">\n<p>  <img decoding=\"async\" alt=\"electricidad\" class=\"centro_sinmarco\" src=\"https:\/\/i.blogs.es\/64e05f\/050521-factura_electrica\/450_1000.jpg\"><\/p><\/div>\n<\/div>\n<p>Seg\u00fan la OCU, la nueva tarifa \u00abrecompensar\u00e1 a los consumidores que modifiquen sus h\u00e1bitos para adaptarse a los horarios propuestos\u00bb, algo que suena bien pero que <strong>no siempre podremos hacer<\/strong>, ya que muchos hogares tienen tareas que deben realizarse a ciertas horas del d\u00eda y no se pueden postergar por ejemplo al horario nocturno, lo que <strong>en la pr\u00e1ctica limitar\u00e1 las posibles rebajas<\/strong> en la factura.<\/p>\n<p><!-- BREAK 11 --><\/p>\n<p>Seg\u00fan las primeras estimaciones sobre el impacto en funci\u00f3n del tipo de usuario, para un hogar medio con PVPC de 4,6kW de potencia y un consumo de 3.500 kWh <strong>no habr\u00eda apenas cambio en el importe final<\/strong> a pagar cada mes a menos que modifiquen sus h\u00e1bitos y <strong>trasladen su uso el\u00e9ctrico a periodos valle<\/strong>. <\/p>\n<p><!-- BREAK 12 --><\/p>\n<p>En cambio, los hogares que ya tienen discriminaci\u00f3n horaria perder\u00e1n esta ventaja y <strong>ver\u00edan incrementada su factura unos 58 euros anuales<\/strong> de media. Seg\u00fan c\u00e1lculos de <a href=\"https:\/\/mobile.twitter.com\/ingebau\">Ingebau<\/a>, los usuarios que ya tienen discriminaci\u00f3n horario podr\u00edan llegar a pagar de media unos 6 o 7 euros m\u00e1s al mes, mientras que quienes no la tienen ver\u00edan reducida su factura en unos cinco euros.<\/p>\n<p><!-- BREAK 13 --><\/p>\n<p>Aquellos que realicen el consumo durante las horas valle ser\u00e1n los m\u00e1s beneficiados. <strong>Cobrar\u00e1 especial importancia el uso durante el fin de semana<\/strong>, donde por ejemplo poner una lavadora un domingo ser\u00eda <strong>hasta dos veces y media m\u00e1s barato<\/strong> que hacerlo un d\u00eda entre semana al mediod\u00eda. <\/p>\n<p><!-- BREAK 14 --><\/p>\n<p>M\u00e1s informaci\u00f3n | <a href=\"https:\/\/www.lamoncloa.gob.es\/serviciosdeprensa\/notasprensa\/transicion-ecologica\/Paginas\/2021\/050521-factura_electrica.aspx\">Moncloa<\/a><\/p>\n<p><!-- BREAK 15 --><script>\n (function() {\n  window._JS_MODULES = window._JS_MODULES || {};\n  var headElement = document.getElementsByTagName('head')[0];\n  if (_JS_MODULES.instagram) {\n   var instagramScript = document.createElement('script');\n   instagramScript.src = 'https:\/\/platform.instagram.com\/en_US\/embeds.js';\n   instagramScript.async = true;\n   instagramScript.defer = true;\n   headElement.appendChild(instagramScript);\n  }\n })();\n<\/script><\/p>\n<p> &#8211; <br \/> La noticia<br \/>\n      <a href=\"https:\/\/www.xatakahome.com\/iluminacion-y-energia\/nueva-factura-luz-sera-realidad-junio-estos-principales-cambios-que-tendras-que-hacer-para-gastar?utm_source=feedburner&amp;utm_medium=feed&amp;utm_campaign=06_May_2021\"><br \/>\n       <em> La nueva factura de la luz ser\u00e1 realidad en junio: estos son los principales cambios y lo que tendr\u00e1s que hacer para gastar menos <\/em><br \/>\n      <\/a><br \/>\n      fue publicada originalmente en<br \/>\n      <a href=\"https:\/\/www.xatakahome.com\/?utm_source=feedburner&amp;utm_medium=feed&amp;utm_campaign=06_May_2021\"><br \/>\n       <strong> Xataka Smart Home <\/strong><br \/>\n      <\/a><br \/>\n            por <a href=\"https:\/\/www.xatakahome.com\/autor\/paco-rodriguez?utm_source=feedburner&amp;utm_medium=feed&amp;utm_campaign=06_May_2021\"><br \/>\n       Paco Rodriguez<br \/>\n      <\/a><br \/>\n      . <\/p>\n<div class=\"feedflare\">\n<a href=\"http:\/\/feeds.weblogssl.com\/~ff\/Xatakahome?a=tD2K5W0udGw:ySZHkCIYFcs:yIl2AUoC8zA\"><img decoding=\"async\" src=\"http:\/\/feeds.feedburner.com\/~ff\/Xatakahome?d=yIl2AUoC8zA\" border=\"0\"><\/a>\n<\/div>\n<p><img loading=\"lazy\" decoding=\"async\" src=\"http:\/\/feeds.feedburner.com\/~r\/Xatakahome\/~4\/tD2K5W0udGw\" height=\"1\" width=\"1\" alt=\"\">\n<\/div>\n","protected":false},"excerpt":{"rendered":"<p>El nuevo formato de factura el\u00e9ctrica para usuarios dom\u00e9sticos entrar\u00e1 en vigor el pr\u00f3ximo 1 de junio de 2021 y vendr\u00e1 con importantes cambios en la estructura de precios y tramos horarios en un intento de fomentar \u00abel ahorro energ\u00e9tico, la eficiencia, el autoconsumo y el despliegue del veh\u00edculo el\u00e9ctrico en Espa\u00f1a\u00bb Seg\u00fan ha explicado &hellip; <a href=\"https:\/\/domosistemas.com\/?p=13860\" class=\"more-link\">Sigue leyendo <span class=\"screen-reader-text\">La nueva factura de la luz ser\u00e1 realidad en junio: estos son los principales cambios y lo que tendr\u00e1s que hacer para gastar menos<\/span><\/a><\/p>\n","protected":false},"author":1,"featured_media":0,"comment_status":"closed","ping_status":"closed","sticky":false,"template":"","format":"standard","meta":{"footnotes":""},"categories":[8],"tags":[],"class_list":["post-13860","post","type-post","status-publish","format-standard","hentry","category-xataka"],"_links":{"self":[{"href":"https:\/\/domosistemas.com\/index.php?rest_route=\/wp\/v2\/posts\/13860","targetHints":{"allow":["GET"]}}],"collection":[{"href":"https:\/\/domosistemas.com\/index.php?rest_route=\/wp\/v2\/posts"}],"about":[{"href":"https:\/\/domosistemas.com\/index.php?rest_route=\/wp\/v2\/types\/post"}],"author":[{"embeddable":true,"href":"https:\/\/domosistemas.com\/index.php?rest_route=\/wp\/v2\/users\/1"}],"replies":[{"embeddable":true,"href":"https:\/\/domosistemas.com\/index.php?rest_route=%2Fwp%2Fv2%2Fcomments&post=13860"}],"version-history":[{"count":0,"href":"https:\/\/domosistemas.com\/index.php?rest_route=\/wp\/v2\/posts\/13860\/revisions"}],"wp:attachment":[{"href":"https:\/\/domosistemas.com\/index.php?rest_route=%2Fwp%2Fv2%2Fmedia&parent=13860"}],"wp:term":[{"taxonomy":"category","embeddable":true,"href":"https:\/\/domosistemas.com\/index.php?rest_route=%2Fwp%2Fv2%2Fcategories&post=13860"},{"taxonomy":"post_tag","embeddable":true,"href":"https:\/\/domosistemas.com\/index.php?rest_route=%2Fwp%2Fv2%2Ftags&post=13860"}],"curies":[{"name":"wp","href":"https:\/\/api.w.org\/{rel}","templated":true}]}}