{"id":13878,"date":"2021-05-10T09:57:25","date_gmt":"2021-05-10T09:57:25","guid":{"rendered":"https:\/\/domosistemas.com\/?p=13878"},"modified":"2021-05-10T09:57:25","modified_gmt":"2021-05-10T09:57:25","slug":"haier-presenta-sus-lavadoras-i-pro-series-7-con-sistema-antibacteriano-luz-en-el-tambor-y-etiqueta-energetica-a","status":"publish","type":"post","link":"https:\/\/domosistemas.com\/?p=13878","title":{"rendered":"Haier presenta sus lavadoras I-Pro Series 7: con sistema antibacteriano, luz en el tambor y etiqueta energ\u00e9tica A"},"content":{"rendered":"<div>\n<p>\n      <img decoding=\"async\" src=\"https:\/\/i.blogs.es\/3a6c5e\/i-pro-serie-7\/1024_2000.jpeg\" alt=\"Haier presenta sus lavadoras I-Pro Series 7: con sistema antibacteriano, luz en el tambor y etiqueta energ\u00e9tica A\">\n    <\/p>\n<p>Haier ha presentado sus nuevas lavadoras conectadas e inteligentes. <strong>Se trata de la gama I-Pro Series 7<\/strong>, una gama de lavadoras premium que combinan tecnolog\u00eda y dise\u00f1o. Lavadoras de carga frontal que adem\u00e1s cuentan con certificaci\u00f3n de de eficiencia energ\u00e9tica de clase A.<\/p>\n<p><!-- BREAK 1 --><\/p>\n<p>Una nueva gama de lavadoras conectadas que destaca de entrada por un dise\u00f1o en el que <strong>destaca la gran compuerta de carga frontal<\/strong> junto a un panel LCD informativo y una serie de controles t\u00e1ctiles para facilitar el uso.<\/p>\n<p><!-- BREAK 2 --><!--more--><\/p>\n<h2>Lavadoras, secadoras y lavasecadoras<\/h2>\n<div class=\"article-asset-image article-asset-normal\">\n<div class=\"asset-content\">\n<p>  <img decoding=\"async\" alt=\"Lavadora I Pro Series 7 Haier 5\" class=\"centro_sinmarco\" src=\"https:\/\/i.blogs.es\/798412\/lavadora-i-pro-series-7-haier-5-\/450_1000.jpg\"><\/p><\/div>\n<\/div>\n<p>La gama I-Pro Series 7 <strong>destaca por su motor Direct Motion<\/strong>, un sistema que est\u00e1 conectado directamente al tambor de forma que, seg\u00fan la marca, logra reducir el ruido y las vibraciones que se producen durante el lavado. Un motor nuevo que adem\u00e1s repercute en un mejor consumo energ\u00e9tico y una mayor duraci\u00f3n de la vida \u00fatil.<\/p>\n<p><!-- BREAK 3 --><\/p>\n<div class=\"article-asset-video article-asset-normal\">\n<div class=\"asset-content\">\n<div class=\"base-asset-video\">\n<div class=\"js-dailymotion\">\n    <script type=\"application\/json\">\n     {\"videoId\":\"x816njv\",\"autoplay\":true,\"title\":\"I-Pro Series 7 _ Washing Machine (1080p_25fps_H264-128kbit_AAC)\"}\n    <\/script>\n   <\/div>\n<\/p><\/div>\n<\/p><\/div>\n<\/div>\n<p>En relaci\u00f3n con el <a href=\"https:\/\/www.xataka.com\/energia\/toca-despedirse-a-asi-nuevo-etiquetado-eficiencia-energetica-union-europea-que-entra-vigor-este-2021\">nuevo sistema de clasificaci\u00f3n energ\u00e9tica<\/a>, estas lavadoras logran la certificaci\u00f3n energ\u00e9tica A, lo que las sit\u00faa como unas de las m\u00e1s eficientes que podemos encontrar en el mercado. En esta nueva gama se engloban <strong>lavadoras de diferentes capacidades<\/strong> (12kg, 10 kg y 8 kg), lavasecadoras (12\/8kg, 10\/6kg y 8\/5 kg) y secadoras (10kg y 9 kg). <\/p>\n<p><!-- BREAK 4 --><\/p>\n<div class=\"article-asset article-asset-normal article-asset-center\">\n<div class=\"desvio-container\">\n<div class=\"desvio\">\n<div class=\"desvio-figure js-desvio-figure\">\n    <a href=\"https:\/\/www.xatakahome.com\/electrodomesticos-innovadores\/que-hay-que-mirar-para-comprar-lavadora-asegurarnos-que-tenga-tecnologias-proximos-anos\"><br \/>\n     <img decoding=\"async\" alt=\"Qu\u00e9 hay que mirar para comprar una lavadora y asegurarnos de que tenga las tecnolog\u00edas de los pr\u00f3ximos a\u00f1os\" src=\"https:\/\/i.blogs.es\/04fc64\/lg-ai-dd-washing-machine\/375_142.jpg\"><br \/>\n    <\/a>\n   <\/div>\n<div class=\"desvio-summary\">\n<div class=\"desvio-taxonomy js-desvio-taxonomy\">\n     <a href=\"https:\/\/www.xatakahome.com\/electrodomesticos-innovadores\/que-hay-que-mirar-para-comprar-lavadora-asegurarnos-que-tenga-tecnologias-proximos-anos\" class=\"desvio-taxonomy-anchor\">En Xataka Smart Home<\/a>\n    <\/div>\n<p>    <a href=\"https:\/\/www.xatakahome.com\/electrodomesticos-innovadores\/que-hay-que-mirar-para-comprar-lavadora-asegurarnos-que-tenga-tecnologias-proximos-anos\" class=\"desvio-title js-desvio-title\">Qu\u00e9 hay que mirar para comprar una lavadora y asegurarnos de que tenga las tecnolog\u00edas de los pr\u00f3ximos a\u00f1os<\/a>\n   <\/div>\n<\/p><\/div>\n<\/p><\/div>\n<\/div>\n<p>Estos modelos hacen uso de una soluci\u00f3n de filtrado 3 en 1 para mejorar el lavado o de un <strong>tratamiento antibacterias ABT (Anti-Bacterial-Treatment)<\/strong>, que protege contra la formaci\u00f3n de moho y la proliferaci\u00f3n de bacterias en \u00e1reas vulnerables como en el caj\u00f3n del detergente y la junta de la puerta. Aseguran que de esta forma se elimina el 99,9% de bacterias, g\u00e9rmenes y al\u00e9rgenos m\u00e1s comunes.<\/p>\n<p><!-- BREAK 5 --><\/p>\n<div class=\"article-asset-image article-asset-normal\">\n<div class=\"asset-content\">\n<p>  <img decoding=\"async\" alt=\"Lavadora I Pro Series 7 Haier 1\" class=\"centro_sinmarco\" src=\"https:\/\/i.blogs.es\/07eab1\/lavadora-i-pro-series-7-haier-1-\/450_1000.jpg\"><\/p><\/div>\n<\/div>\n<p>Las nuevas lavadores <strong>cuentan adem\u00e1s con el sistema I-Refresh<\/strong>, que permite refrescar las prendas m\u00e1s delicadas, como la lana y la seda, usando tecnolog\u00eda de microvapor. La marca asegura que de esta forma puede eliminar olores, polvo y al\u00e9rgenos, adem\u00e1s de reducir y suavizar las arrugas de los tejidos. Y gracias a Smart Dual Spray, despu\u00e9s de cada ciclo se activa un sistema de limpieza autom\u00e1tico que dejar\u00e1 la lavadora siempre limpia, para un lavado m\u00e1s higi\u00e9nico.<\/p>\n<p><!-- BREAK 6 --><\/p>\n<p>Esta gama de lavadoras <strong>incluye 14 programas diferentes<\/strong>, incluyendo un programa expr\u00e9s de 15 minutos y un tambor de mayor tama\u00f1o que adem\u00e1s cuenta con iluminaci\u00f3n. Estos programas destacan por el uso de un sistema de algoritmos de Tratamiento Antimanchas Avanzado que mejoran el proceso de la eliminaci\u00f3n de manchas dif\u00edciles.<\/p>\n<p><!-- BREAK 7 --><\/p>\n<h2>Precio y disponibilidad<\/h2>\n<p>Los nuevos modelos ya se pueden encontrar en el mercado a un precio de partida de <a href=\"https:\/\/www.xatakahome.com\/redirect?url=https%3A%2F%2Fwww.elcorteingles.es%2Felectrodomesticos%2FA36903269-lavadora-de-carga-frontal-haier-direct-motion-hw80-b14979-s-de-8-kg-y-1400-rpm%2F%3Fcstrackid%3De6993cd3-d279-486c-b16c-a5a395a1a443%26dclid%3DCjkKEQjws-OEBhCTwLKz8J6ogLQBEiQAiSzKBSZ_FgUJe05OSUIRc2Lgv0lDGnYJP_UspRuusSncuAnw_wcB&amp;category=electrodomesticos-innovadores\">619 euros<\/a> para el modelo m\u00e1s econ\u00f3mico.<\/p>\n<p><!-- BREAK 8 --><!-- PIVOT START --><\/p>\n<div class=\"pivot-ecommerce-container\">\n<div class=\"pivot-ecommerce\">\n<div class=\"pivot-ecommerce-figure\">\n   <img decoding=\"async\" alt=\"Lavadora de carga frontal Haier Direct Motion HW80-B14979-S de 8 Kg y 1.400 rpm\" src=\"https:\/\/i.blogs.es\/696acc\/lavadora-i-pro-series-7-haier-1-\/original.jpeg\">\n  <\/div>\n<div class=\"pivot-ecommerce-summary\">\n<p class=\"pivot-ecommerce-desc\">Lavadora de carga frontal Haier Direct Motion HW80-B14979-S de 8 Kg y 1.400 rpm<\/p>\n<div class=\"pivot-actions js-pivot-actions\">\n<div class=\"pivot-actions-row\">\n <a rel=\"nofollow\" data-asin=\"\" data-store=\"El Corte Ingl\u00e9s\" href=\"https:\/\/www.xatakahome.com\/redirect?url=https%3A%2F%2Fwww.elcorteingles.es%2Felectrodomesticos%2FA36903269-lavadora-de-carga-frontal-haier-direct-motion-hw80-b14979-s-de-8-kg-y-1400-rpm%2F%3Fcstrackid%3De6993cd3-d279-486c-b16c-a5a395a1a443%26dclid%3DCjkKEQjws-OEBhCTwLKz8J6ogLQBEiQAiSzKBSZ_FgUJe05OSUIRc2Lgv0lDGnYJP_UspRuusSncuAnw_wcB&amp;category=electrodomesticos-innovadores&amp;pivot=1\" title=\"Precio de venta al p\u00fablico a fecha de publicaci\u00f3n\" class=\"pivot-action-primary js-pivot-action\">PVP en El Corte Ingl\u00e9s 619\u20ac<\/a>\n<\/div>\n<div class=\"pivot-actions-row\">\n <\/div>\n<\/p><\/div>\n<\/p><\/div>\n<\/p><\/div>\n<\/div>\n<p><!-- PIVOT END --><\/p>\n<p>M\u00e1s informaci\u00f3n |\u00a0<a href=\"https:\/\/www.haier-europe.com\/es_ES\/web\/es\/serie-i-pro-979\">Haier<\/a><\/p>\n<p><script>\n (function() {\n  window._JS_MODULES = window._JS_MODULES || {};\n  var headElement = document.getElementsByTagName('head')[0];\n  if (_JS_MODULES.instagram) {\n   var instagramScript = document.createElement('script');\n   instagramScript.src = 'https:\/\/platform.instagram.com\/en_US\/embeds.js';\n   instagramScript.async = true;\n   instagramScript.defer = true;\n   headElement.appendChild(instagramScript);\n  }\n })();\n<\/script><\/p>\n<p> &#8211; <br \/> La noticia<br \/>\n      <a href=\"https:\/\/www.xatakahome.com\/electrodomesticos-innovadores\/haier-presenta-sus-lavadoras-i-pro-series-7-sistema-antibacteriano-luz-tambor-etiqueta-energetica-a?utm_source=feedburner&amp;utm_medium=feed&amp;utm_campaign=10_May_2021\"><br \/>\n       <em> Haier presenta sus lavadoras I-Pro Series 7: con sistema antibacteriano, luz en el tambor y etiqueta energ\u00e9tica A <\/em><br \/>\n      <\/a><br \/>\n      fue publicada originalmente en<br \/>\n      <a href=\"https:\/\/www.xatakahome.com\/?utm_source=feedburner&amp;utm_medium=feed&amp;utm_campaign=10_May_2021\"><br \/>\n       <strong> Xataka Smart Home <\/strong><br \/>\n      <\/a><br \/>\n            por <a href=\"https:\/\/www.xatakahome.com\/autor\/jose-antonio-carmona?utm_source=feedburner&amp;utm_medium=feed&amp;utm_campaign=10_May_2021\"><br \/>\n       Jose Antonio Carmona<br \/>\n      <\/a><br \/>\n      . <\/p>\n<div class=\"feedflare\">\n<a href=\"http:\/\/feeds.weblogssl.com\/~ff\/Xatakahome?a=4i41DOVEg8g:wXfK93f7Kn0:yIl2AUoC8zA\"><img decoding=\"async\" src=\"http:\/\/feeds.feedburner.com\/~ff\/Xatakahome?d=yIl2AUoC8zA\" border=\"0\"><\/a>\n<\/div>\n<p><img loading=\"lazy\" decoding=\"async\" src=\"http:\/\/feeds.feedburner.com\/~r\/Xatakahome\/~4\/4i41DOVEg8g\" height=\"1\" width=\"1\" alt=\"\">\n<\/div>\n","protected":false},"excerpt":{"rendered":"<p>Haier ha presentado sus nuevas lavadoras conectadas e inteligentes. Se trata de la gama I-Pro Series 7, una gama de lavadoras premium que combinan tecnolog\u00eda y dise\u00f1o. Lavadoras de carga frontal que adem\u00e1s cuentan con certificaci\u00f3n de de eficiencia energ\u00e9tica de clase A. Una nueva gama de lavadoras conectadas que destaca de entrada por un &hellip; <a href=\"https:\/\/domosistemas.com\/?p=13878\" class=\"more-link\">Sigue leyendo <span class=\"screen-reader-text\">Haier presenta sus lavadoras I-Pro Series 7: con sistema antibacteriano, luz en el tambor y etiqueta energ\u00e9tica A<\/span><\/a><\/p>\n","protected":false},"author":1,"featured_media":0,"comment_status":"closed","ping_status":"closed","sticky":false,"template":"","format":"standard","meta":{"footnotes":""},"categories":[8],"tags":[],"class_list":["post-13878","post","type-post","status-publish","format-standard","hentry","category-xataka"],"_links":{"self":[{"href":"https:\/\/domosistemas.com\/index.php?rest_route=\/wp\/v2\/posts\/13878","targetHints":{"allow":["GET"]}}],"collection":[{"href":"https:\/\/domosistemas.com\/index.php?rest_route=\/wp\/v2\/posts"}],"about":[{"href":"https:\/\/domosistemas.com\/index.php?rest_route=\/wp\/v2\/types\/post"}],"author":[{"embeddable":true,"href":"https:\/\/domosistemas.com\/index.php?rest_route=\/wp\/v2\/users\/1"}],"replies":[{"embeddable":true,"href":"https:\/\/domosistemas.com\/index.php?rest_route=%2Fwp%2Fv2%2Fcomments&post=13878"}],"version-history":[{"count":0,"href":"https:\/\/domosistemas.com\/index.php?rest_route=\/wp\/v2\/posts\/13878\/revisions"}],"wp:attachment":[{"href":"https:\/\/domosistemas.com\/index.php?rest_route=%2Fwp%2Fv2%2Fmedia&parent=13878"}],"wp:term":[{"taxonomy":"category","embeddable":true,"href":"https:\/\/domosistemas.com\/index.php?rest_route=%2Fwp%2Fv2%2Fcategories&post=13878"},{"taxonomy":"post_tag","embeddable":true,"href":"https:\/\/domosistemas.com\/index.php?rest_route=%2Fwp%2Fv2%2Ftags&post=13878"}],"curies":[{"name":"wp","href":"https:\/\/api.w.org\/{rel}","templated":true}]}}