{"id":13882,"date":"2021-05-11T02:00:40","date_gmt":"2021-05-11T02:00:40","guid":{"rendered":"https:\/\/domosistemas.com\/?p=13882"},"modified":"2021-05-11T02:00:40","modified_gmt":"2021-05-11T02:00:40","slug":"foro-sobre-edificios-inteligentes-para-las-administraciones-publicas-en-el-marco-del-proyecto-smartcrd","status":"publish","type":"post","link":"https:\/\/domosistemas.com\/?p=13882","title":{"rendered":"Foro sobre edificios inteligentes para las administraciones p\u00fablicas en el marco del proyecto SmartCRD"},"content":{"rendered":"<div>\n<p>La <a href=\"https:\/\/www.jcyl.es\/\" target=\"_blank\" rel=\"noopener\">Junta de Castilla y Le\u00f3n<\/a> celebrar\u00e1 el 20 de mayo, de 10:30 a 13:00 horas, el Foro \u2018<a href=\"http:\/\/www.smartcrd.eu\/web\/jcyl\/SmartCRD\/es\/Plantilla100Detalle\/1284170964609\/Evento\/1285051090147\/Comunicacion\" target=\"_blank\" rel=\"noopener\">Edificios inteligentes en Ayuntamientos y Diputaciones<\/a>\u2019. El evento, que se desarrollar\u00e1 de manera online, contar\u00e1 con expertos que describir\u00e1n los principales sistemas que hacen que un edificio sea considerado inteligente.<\/p>\n<figure id=\"attachment_89961\" aria-describedby=\"caption-attachment-89961\" style=\"width: 800px\" class=\"wp-caption aligncenter\"><img decoding=\"async\" loading=\"lazy\" class=\"size-full wp-image-89961\" src=\"https:\/\/static.casadomo.com\/media\/2021\/05\/junta-castilla-leon-foro-edificios-inteligentes-administraciones.png\" alt=\" Foro \u2018Edificios inteligentes en Ayuntamientos y Diputaciones\u2019\" width=\"800\" height=\"427\" srcset=\"https:\/\/static.casadomo.com\/media\/2021\/05\/junta-castilla-leon-foro-edificios-inteligentes-administraciones.png 800w, https:\/\/static.casadomo.com\/media\/2021\/05\/junta-castilla-leon-foro-edificios-inteligentes-administraciones-300x160.png 300w, https:\/\/static.casadomo.com\/media\/2021\/05\/junta-castilla-leon-foro-edificios-inteligentes-administraciones-768x410.png 768w, https:\/\/static.casadomo.com\/media\/2021\/05\/junta-castilla-leon-foro-edificios-inteligentes-administraciones-180x96.png 180w\" sizes=\"auto, (max-width: 800px) 100vw, 800px\"><figcaption id=\"caption-attachment-89961\" class=\"wp-caption-text\">El Foro \u2018Edificios inteligentes en Ayuntamientos y Diputaciones\u2019 se dirige a t\u00e9cnicos de administraciones locales espa\u00f1olas y portuguesas.<\/figcaption><\/figure>\n<p>Bajo el marco del proyecto europeo transfronterizo entre Espa\u00f1a y Portugal \u2018Smart Comunidad Rural Digital (<a href=\"http:\/\/www.smartcrd.eu\/web\/es\/smart-comunidad-rural-digital.html\" target=\"_blank\" rel=\"noopener\">SmartCRD<\/a>), liderado por la Direcci\u00f3n General de Telecomunicaciones y Transformaci\u00f3n Digital, el foro tratar\u00e1 diversos temas como la sostenibilidad, sistemas inteligentes, realidad virtual o monitorizaci\u00f3n y predicci\u00f3n en la gesti\u00f3n de los edificios conectados para ofrecer una versi\u00f3n y acercamiento a un edificio inteligente a los t\u00e9cnicos de las administraciones locales espa\u00f1olas y portuguesas.<\/p>\n<p>A lo largo de la jornada participar\u00e1n especialistas en la materia como Juan Manuel Corchado, doctor y catedr\u00e1tico de la Universidad de Salamanca y director del M\u00e1ster en Smart Cities y Edificios Inteligentes, y F\u00e9lix Jes\u00fas Villanueva, profesor titular en la Universidad de Castilla-La Mancha. Asimismo, las administraciones locales, como el Ayuntamiento de Ponferrada o el Ayuntamiento de Las Rozas de Madrid, expondr\u00e1n proyectos relacionados con la tem\u00e1tica.<\/p>\n<p>El Ayuntamiento de Ponferrada presentar\u00e1 \u2018Ponferrada City Lab\u2019 que pretende ser un entorno de pruebas para validar soluciones innovadoras que den respuesta a nuevos retos, especialmente en el \u00e1mbito del IoT. Por su parte, el proyecto \u2018Las Rozas Smart City\u2019 del Ayuntamiento de Las Rozas de Madrid mostrar\u00e1 la red de edificios inteligentes municipales.<\/p>\n<h2>Proyecto SmartCRD<\/h2>\n<p>SmartCRD es un proyecto de colaboraci\u00f3n entre Administraciones P\u00fablicas de Espa\u00f1a y Portugal, aprobado en el marco del Programa de Cooperaci\u00f3n Transfronteriza Interreg V-A Espa\u00f1a-Portugal 2014-2020 (POCTEP) y cofinanciado a trav\u00e9s de fondos FEDER. El objetivo es implantar servicios Smart Rural que permitir\u00e1n la gesti\u00f3n inteligente de servicios p\u00fablicos de las administraciones locales espa\u00f1olas y portuguesas, mediante sensores de Internet de las Cosas (IoT).<\/p>\n<p>En este proyecto tambi\u00e9n participa el Organismo Aut\u00f3nomo de Recaudaci\u00f3n y Gesti\u00f3n Tributaria de la Diputaci\u00f3n de Salamanca (REGTSA) y la Diputaci\u00f3n de Valladolid, por parte de Espa\u00f1a, junto con la C\u00e1mara Municipal de Almeida y la C\u00e1mara Municipal de Sabugal, por parte de Portugal.<\/p>\n<p>Los empleados p\u00fablicos locales que deseen participar en el foro deben realizar la <a href=\"https:\/\/register.gotowebinar.com\/register\/5771465591208897295\" target=\"_blank\" rel=\"noopener\">inscripci\u00f3n previa<\/a>.<\/p>\n<p>La entrada <a rel=\"nofollow\" href=\"https:\/\/www.casadomo.com\/2021\/05\/11\/foro-edificios-inteligentes-administraciones-publicas-marco-proyecto-smartcrd\">Foro sobre edificios inteligentes para las administraciones p\u00fablicas en el marco del proyecto SmartCRD<\/a> aparece primero en <a rel=\"nofollow\" href=\"https:\/\/www.casadomo.com\/\">CASADOMO<\/a>.<\/p>\n<\/div>\n","protected":false},"excerpt":{"rendered":"<p>La Junta de Castilla y Le\u00f3n celebrar\u00e1 el 20 de mayo, de 10:30 a 13:00 horas, el Foro \u2018Edificios inteligentes en Ayuntamientos y Diputaciones\u2019. El evento, que se desarrollar\u00e1 de manera online, contar\u00e1 con expertos que describir\u00e1n los principales sistemas que hacen que un edificio sea considerado inteligente. El Foro \u2018Edificios inteligentes en Ayuntamientos y &hellip; <a href=\"https:\/\/domosistemas.com\/?p=13882\" class=\"more-link\">Sigue leyendo <span class=\"screen-reader-text\">Foro sobre edificios inteligentes para las administraciones p\u00fablicas en el marco del proyecto SmartCRD<\/span><\/a><\/p>\n","protected":false},"author":1,"featured_media":0,"comment_status":"closed","ping_status":"closed","sticky":false,"template":"","format":"standard","meta":{"footnotes":""},"categories":[3],"tags":[],"class_list":["post-13882","post","type-post","status-publish","format-standard","hentry","category-casadomo-com"],"_links":{"self":[{"href":"https:\/\/domosistemas.com\/index.php?rest_route=\/wp\/v2\/posts\/13882","targetHints":{"allow":["GET"]}}],"collection":[{"href":"https:\/\/domosistemas.com\/index.php?rest_route=\/wp\/v2\/posts"}],"about":[{"href":"https:\/\/domosistemas.com\/index.php?rest_route=\/wp\/v2\/types\/post"}],"author":[{"embeddable":true,"href":"https:\/\/domosistemas.com\/index.php?rest_route=\/wp\/v2\/users\/1"}],"replies":[{"embeddable":true,"href":"https:\/\/domosistemas.com\/index.php?rest_route=%2Fwp%2Fv2%2Fcomments&post=13882"}],"version-history":[{"count":0,"href":"https:\/\/domosistemas.com\/index.php?rest_route=\/wp\/v2\/posts\/13882\/revisions"}],"wp:attachment":[{"href":"https:\/\/domosistemas.com\/index.php?rest_route=%2Fwp%2Fv2%2Fmedia&parent=13882"}],"wp:term":[{"taxonomy":"category","embeddable":true,"href":"https:\/\/domosistemas.com\/index.php?rest_route=%2Fwp%2Fv2%2Fcategories&post=13882"},{"taxonomy":"post_tag","embeddable":true,"href":"https:\/\/domosistemas.com\/index.php?rest_route=%2Fwp%2Fv2%2Ftags&post=13882"}],"curies":[{"name":"wp","href":"https:\/\/api.w.org\/{rel}","templated":true}]}}