{"id":13892,"date":"2021-05-12T07:09:29","date_gmt":"2021-05-12T07:09:29","guid":{"rendered":"https:\/\/domosistemas.com\/?p=13892"},"modified":"2021-05-12T07:09:29","modified_gmt":"2021-05-12T07:09:29","slug":"anker-lanza-la-powerconf-c300-una-webcam-inteligente-con-ia-microfonos-sensor-full-hd-y-reconocimiento-facial","status":"publish","type":"post","link":"https:\/\/domosistemas.com\/?p=13892","title":{"rendered":"Anker lanza la PowerConf C300, una webcam \u00abinteligente\u00bb con IA, micr\u00f3fonos, sensor Full HD y reconocimiento facial"},"content":{"rendered":"<div>\n<p>\n      <img decoding=\"async\" src=\"https:\/\/i.blogs.es\/b2d0ac\/ankerportadal\/1024_2000.jpg\" alt=\"Anker lanza la PowerConf C300, una webcam \" inteligente con ia micr sensor full hd y reconocimiento facial>\n    <\/p>\n<p>Anker ha anunciado el lanzamiento de una nueva gama de productos para el trabajo a distancia que incluye una interesante <strong>webcam con funcionalidades \u00abinteligentes\u00bb<\/strong> gracias al aprendizaje y algoritmos basados en inteligencia artificial (IA).<\/p>\n<p><!-- BREAK 1 --><\/p>\n<p>Es la <strong>Powerconf C300<\/strong>, un modelo con el aspecto cl\u00e1sico de c\u00e1mara para situar sobre el monitor o encima de un escritorio que ofrece un sensor con <strong>resoluci\u00f3n nativa Full HD<\/strong> (1080p) capaz de capturar v\u00eddeos a <strong>60 fps<\/strong> y la posibilidad de funcionar con tres campos de visi\u00f3n diferentes: 78\u00ba para primeros planos, 90\u00ba para una opci\u00f3n intermedia o 115\u00ba para el campo de visi\u00f3n m\u00e1s amplio.<\/p>\n<p><!-- BREAK 2 --><!--more--><\/p>\n<div class=\"article-asset-image article-asset-normal\">\n<div class=\"asset-content\">\n<p>  <img decoding=\"async\" alt=\"c\u00e1mara\" class=\"centro_sinmarco\" src=\"https:\/\/i.blogs.es\/684a5c\/webcam\/450_1000.jpg\"><\/p><\/div>\n<\/div>\n<p>La c\u00e1mara cuenta con un chipset integrado para potenciar los algoritmos de IA gracias a los cuales se ofrece una <strong>funci\u00f3n de recorte inteligente<\/strong> de la imagen que ayuda a mantener a un individuo o miembros del grupo centrados en la pantalla. Tambi\u00e9n <strong>reconoce las caras<\/strong> y sigue autom\u00e1ticamente los movimientos mediante el desplazamiento lateral y la inclinaci\u00f3n de la c\u00e1mara.<\/p>\n<p><!-- BREAK 3 --><\/p>\n<div class=\"article-asset-video article-asset-normal\">\n<div class=\"asset-content\">\n<div class=\"base-asset-video\">\n<div class=\"js-dailymotion\">\n    <script type=\"application\/json\">\n     {\"videoId\":\"x8074c7\",\"autoplay\":true,\"title\":\"11 PROGRAMAS y APPS GRATUITAS de VIDEOLLAMADAS\"}\n    <\/script>\n   <\/div>\n<\/p><\/div>\n<\/p><\/div>\n<\/div>\n<p>Adem\u00e1s, su tecnolog\u00eda  <strong>MagicSight<\/strong> se encarga de ajustar autom\u00e1ticamente el campo de visi\u00f3n en funci\u00f3n del n\u00famero de personas que participen en la reuni\u00f3n. La c\u00e1mara tiene un <strong>doble sistema de micr\u00f3fonos<\/strong> incorporado con sistema de cancelaci\u00f3n activa del ruido y control de ganancia activo para destacar la voz sobre el resto de sonidos de fondo.<\/p>\n<p><!-- BREAK 4 --><\/p>\n<div class=\"article-asset-image article-asset-normal\">\n<div class=\"asset-content\">\n<p>  <img decoding=\"async\" alt=\"c\u00e1mara\" class=\"centro_sinmarco\" src=\"https:\/\/i.blogs.es\/9c538b\/webcam2\/450_1000.jpg\"><\/p><\/div>\n<\/div>\n<p>En cuanto a la conectividad, se realiza mediante un <strong>puerto USB-C<\/strong> y es de tipo conectar y listo, por lo que deber\u00eda funcionar en todo tipo de aplicaciones de videollamadas sin necesidad de instalar controladores adicionales, aunque para sacar todo el partido a las funciones s\u00ed ser\u00e1 necesario hacerlo.<\/p>\n<p><!-- BREAK 5 --><\/p>\n<div class=\"article-asset article-asset-normal article-asset-center\">\n<div class=\"desvio-container\">\n<div class=\"desvio\">\n<div class=\"desvio-figure js-desvio-figure\">\n    <a href=\"https:\/\/www.xataka.com\/seleccion\/que-webcam-comprar-recomendaciones-para-acertar-funcion-uso-nueve-modelos-destacados-para-videollamadas-streaming\" target='\"_blank\"' rel=\"noopener\"><br \/>\n     <img decoding=\"async\" alt=\"Qu\u00e9 webcam comprar: recomendaciones para acertar en funci\u00f3n del uso y nueve modelos destacados para videollamadas y streaming\" src=\"https:\/\/i.blogs.es\/b95e0a\/camera-1219748_1920\/375_142.jpg\"><br \/>\n    <\/a>\n   <\/div>\n<div class=\"desvio-summary\">\n<div class=\"desvio-taxonomy js-desvio-taxonomy\">\n     <a href=\"https:\/\/www.xataka.com\/seleccion\/que-webcam-comprar-recomendaciones-para-acertar-funcion-uso-nueve-modelos-destacados-para-videollamadas-streaming\" class=\"desvio-taxonomy-anchor m-crosspost\" target='\"_blank\"' rel=\"noopener\">En Xataka<\/a>\n    <\/div>\n<p>    <a href=\"https:\/\/www.xataka.com\/seleccion\/que-webcam-comprar-recomendaciones-para-acertar-funcion-uso-nueve-modelos-destacados-para-videollamadas-streaming\" class=\"desvio-title js-desvio-title\" target='\"_blank\"' rel=\"noopener\">Qu\u00e9 webcam comprar: recomendaciones para acertar en funci\u00f3n del uso y nueve modelos destacados para videollamadas y streaming<\/a>\n   <\/div>\n<\/p><\/div>\n<\/p><\/div>\n<\/div>\n<h2>Precio y disponibilidad<\/h2>\n<p>La c\u00e1mara PowerConf C300 saldr\u00e1 a la venta este mes a trav\u00e9s de distribuidores online por un precio en Espa\u00f1a de <strong>129,99 euros<\/strong>.<\/p>\n<p><!-- BREAK 6 --><\/p>\n<p>M\u00e1s informaci\u00f3n | <a href=\"https:\/\/us.anker.com\/products\/a3361\">Anker<\/a><\/p>\n<p><script>\n (function() {\n  window._JS_MODULES = window._JS_MODULES || {};\n  var headElement = document.getElementsByTagName('head')[0];\n  if (_JS_MODULES.instagram) {\n   var instagramScript = document.createElement('script');\n   instagramScript.src = 'https:\/\/platform.instagram.com\/en_US\/embeds.js';\n   instagramScript.async = true;\n   instagramScript.defer = true;\n   headElement.appendChild(instagramScript);\n  }\n })();\n<\/script><\/p>\n<p> &#8211; <br \/> La noticia<br \/>\n      <a href=\"https:\/\/www.xatakahome.com\/accesorios\/anker-lanza-powerconf-c300-webcam-inteligente-ia-microfonos-sensor-full-hd-reconocimiento-facial?utm_source=feedburner&amp;utm_medium=feed&amp;utm_campaign=12_May_2021\"><br \/>\n       <em> Anker lanza la PowerConf C300, una webcam \u00abinteligente\u00bb con IA, micr\u00f3fonos, sensor Full HD y reconocimiento facial <\/em><br \/>\n      <\/a><br \/>\n      fue publicada originalmente en<br \/>\n      <a href=\"https:\/\/www.xatakahome.com\/?utm_source=feedburner&amp;utm_medium=feed&amp;utm_campaign=12_May_2021\"><br \/>\n       <strong> Xataka Smart Home <\/strong><br \/>\n      <\/a><br \/>\n            por <a href=\"https:\/\/www.xatakahome.com\/autor\/paco-rodriguez?utm_source=feedburner&amp;utm_medium=feed&amp;utm_campaign=12_May_2021\"><br \/>\n       Paco Rodriguez<br \/>\n      <\/a><br \/>\n      . <\/p>\n<div class=\"feedflare\">\n<a href=\"http:\/\/feeds.weblogssl.com\/~ff\/Xatakahome?a=D-D48i_d830:wQ8n-jpBuEw:yIl2AUoC8zA\"><img decoding=\"async\" src=\"http:\/\/feeds.feedburner.com\/~ff\/Xatakahome?d=yIl2AUoC8zA\" border=\"0\"><\/a>\n<\/div>\n<p><img loading=\"lazy\" decoding=\"async\" src=\"http:\/\/feeds.feedburner.com\/~r\/Xatakahome\/~4\/D-D48i_d830\" height=\"1\" width=\"1\" alt=\"\">\n<\/div>\n","protected":false},"excerpt":{"rendered":"<p>Anker ha anunciado el lanzamiento de una nueva gama de productos para el trabajo a distancia que incluye una interesante webcam con funcionalidades \u00abinteligentes\u00bb gracias al aprendizaje y algoritmos basados en inteligencia artificial (IA). Es la Powerconf C300, un modelo con el aspecto cl\u00e1sico de c\u00e1mara para situar sobre el monitor o encima de un &hellip; <a href=\"https:\/\/domosistemas.com\/?p=13892\" class=\"more-link\">Sigue leyendo <span class=\"screen-reader-text\">Anker lanza la PowerConf C300, una webcam \u00abinteligente\u00bb con IA, micr\u00f3fonos, sensor Full HD y reconocimiento facial<\/span><\/a><\/p>\n","protected":false},"author":1,"featured_media":0,"comment_status":"closed","ping_status":"closed","sticky":false,"template":"","format":"standard","meta":{"footnotes":""},"categories":[8],"tags":[],"class_list":["post-13892","post","type-post","status-publish","format-standard","hentry","category-xataka"],"_links":{"self":[{"href":"https:\/\/domosistemas.com\/index.php?rest_route=\/wp\/v2\/posts\/13892","targetHints":{"allow":["GET"]}}],"collection":[{"href":"https:\/\/domosistemas.com\/index.php?rest_route=\/wp\/v2\/posts"}],"about":[{"href":"https:\/\/domosistemas.com\/index.php?rest_route=\/wp\/v2\/types\/post"}],"author":[{"embeddable":true,"href":"https:\/\/domosistemas.com\/index.php?rest_route=\/wp\/v2\/users\/1"}],"replies":[{"embeddable":true,"href":"https:\/\/domosistemas.com\/index.php?rest_route=%2Fwp%2Fv2%2Fcomments&post=13892"}],"version-history":[{"count":0,"href":"https:\/\/domosistemas.com\/index.php?rest_route=\/wp\/v2\/posts\/13892\/revisions"}],"wp:attachment":[{"href":"https:\/\/domosistemas.com\/index.php?rest_route=%2Fwp%2Fv2%2Fmedia&parent=13892"}],"wp:term":[{"taxonomy":"category","embeddable":true,"href":"https:\/\/domosistemas.com\/index.php?rest_route=%2Fwp%2Fv2%2Fcategories&post=13892"},{"taxonomy":"post_tag","embeddable":true,"href":"https:\/\/domosistemas.com\/index.php?rest_route=%2Fwp%2Fv2%2Ftags&post=13892"}],"curies":[{"name":"wp","href":"https:\/\/api.w.org\/{rel}","templated":true}]}}