{"id":13988,"date":"2021-05-24T02:00:27","date_gmt":"2021-05-24T02:00:27","guid":{"rendered":"https:\/\/domosistemas.com\/?p=13988"},"modified":"2021-05-24T02:00:27","modified_gmt":"2021-05-24T02:00:27","slug":"ise-live-online-2021-reunira-a-expertos-para-analizar-la-situacion-del-sector-audiovisual","status":"publish","type":"post","link":"https:\/\/domosistemas.com\/?p=13988","title":{"rendered":"ISE Live &amp; Online 2021 reunir\u00e1 a expertos para analizar la situaci\u00f3n del sector audiovisual"},"content":{"rendered":"<div>\n<p>Los pr\u00f3ximos d\u00edas 1 y 2 de junio se celebrar\u00e1 <a href=\"https:\/\/www.iseurope.org\/\" target=\"_blank\" rel=\"noopener\">ISE 2021<\/a> en la ciudad de Barcelona, tanto en la versi\u00f3n presencial como online. Durante dos d\u00edas, los asistentes podr\u00e1n disfrutar de un completo calendario de interesantes contenidos impartidos por expertos en la industria audiovisual (AV) y del pensamiento, dentro del programa de actividades producido por ISE, The Next Web (TNW) y Avixa.<\/p>\n<figure id=\"attachment_90620\" aria-describedby=\"caption-attachment-90620\" style=\"width: 800px\" class=\"wp-caption aligncenter\"><img decoding=\"async\" loading=\"lazy\" class=\"size-full wp-image-90620\" src=\"https:\/\/static.casadomo.com\/media\/2021\/05\/ise-digital-barcelona-sesiones-junio.png\" alt=\"Ise 2021\" width=\"800\" height=\"364\" srcset=\"https:\/\/static.casadomo.com\/media\/2021\/05\/ise-digital-barcelona-sesiones-junio.png 800w, https:\/\/static.casadomo.com\/media\/2021\/05\/ise-digital-barcelona-sesiones-junio-300x137.png 300w, https:\/\/static.casadomo.com\/media\/2021\/05\/ise-digital-barcelona-sesiones-junio-768x349.png 768w, https:\/\/static.casadomo.com\/media\/2021\/05\/ise-digital-barcelona-sesiones-junio-180x82.png 180w\" sizes=\"auto, (max-width: 800px) 100vw, 800px\"><figcaption id=\"caption-attachment-90620\" class=\"wp-caption-text\">Los contenidos de ISE Digital ser\u00e1n impartidos por expertos del sector audiovisual.<\/figcaption><\/figure>\n<p><a href=\"https:\/\/www.casadomo.com\/2021\/05\/05\/cancelados-eventos-integrated-systems-events-ise-munich-amsterdam\">ISE Live &amp; Online<\/a> ofrecer\u00e1 exclusivamente contenidos para los visitantes presenciales. A partir de las 12:30 horas, la plataforma ISE Digital transmitir\u00e1 tambi\u00e9n sesiones del Main Stage por streaming. En ambos casos, los visitantes disfrutar\u00e1n de una combinaci\u00f3n de conferencias, mesas redondas, entrevistas y presentaciones desarrolladas en vivo y en directo en el escenario principal del pabell\u00f3n de Fira Barcelona Gran V\u00eda, bajo el t\u00edtulo &#8216;The Future of AV\u2019 (El futuro del sector AV).<\/p>\n<p>Las sesiones del primer d\u00eda de feria se centrar\u00e1n en el papel del profesional AV, en la recuperaci\u00f3n posterior a la crisis del COVID-19 y en detectar d\u00f3nde se encuentran las nuevas oportunidades.<\/p>\n<p>Algunos de los ponentes que participar\u00e1n en las diferentes actividades son Ventura Barba, CEO del Festival S\u00f3nar, Alice K. Steenland, directora general de sostenibilidad en Dassault Syst\u00e8mes, Stijn Ooms, director de estrategia de producci\u00f3n para AV y espacio de trabajo digital en Crestron, Tom Raftery, vicepresidente global de SAP, predicador del futurismo y la innovaci\u00f3n; y Snorre Kjesbu, vicepresidente y director general de Webex Devices y Cisco, entre otros expertos.<\/p>\n<h2>Conferencia principal<\/h2>\n<p>El encargado de pronunciar la conferencia principal de la primera jornada de ISE Digital es Ventura Barba, CEO del Festival S\u00f3nar. El martes d\u00eda 1 de junio, a las 13:00 horas, Ventura Barba estar\u00e1 presente en la secci\u00f3n \u2018En el sof\u00e1\u2019 con The Next Web para una entrevista titulada \u2018Shaking Out the Trends in Next Tech\u2019 (Descifrando las pr\u00f3ximas tendencias tecnol\u00f3gicas). Durante la entrevista, se tratar\u00e1n las tendencias tecnol\u00f3gicas a tener en cuenta y los fen\u00f3menos que se han visto acelerados por la pandemia mientras otros quedaban aparcados.<\/p>\n<p>Ventura Barba hablar\u00e1 tambi\u00e9n de sus experiencias, incluyendo el reciente evento experimental que reuni\u00f3 a 5.000 aficionados a la m\u00fasica en un concierto en Barcelona, sin necesidad de distanciamiento social.<\/p>\n<h2>Programaci\u00f3n de CEDIA<\/h2>\n<p>Por su parte, CEDIA protagonizar\u00e1 cada d\u00eda una sesi\u00f3n de veinte minutos en el Main Stage, que podr\u00e1 verse en la plataforma ISE Digital. Presentar\u00e1 adem\u00e1s dos paneles de debate y una selecci\u00f3n de v\u00eddeos informativos en su Content Hub y en otras secciones de la plataforma.<\/p>\n<p>La primera de las sesiones ser\u00e1 el martes 1 de junio, a las 15:55 horas, bajo el t\u00edtulo \u2018Recovery: Navigating the Post-Pandemic Landscape\u2019 (Recuperaci\u00f3n: navegando por el nuevo paisaje pospand\u00e9mico) que se centrar\u00e1 en las consecuencias de la pandemia en las cadenas de suministro y los inventarios y en c\u00f3mo reducir su impacto.<\/p>\n<p>El mi\u00e9rcoles 2 de junio, a las 15:05 horas, dar\u00e1 comienzo la segunda sesi\u00f3n titulada \u2018The Integrator of 2025: What\u2019s Next?\u2019 (El integrador de 2025: \u00bfqu\u00e9 es lo que viene?). Partiendo de un informe oficial anunciado por CEDIA, el debate se dividir\u00e1 en cuatro secciones de importancia crucial para los habitantes de una residencia: presencia, confort, seguridad y sostenibilidad.<\/p>\n<h2>Otras actividades de ISE presencial y digital<\/h2>\n<p>ISE Digital se complementa con dos mesas redondas de reporteros, que ser\u00e1n trasmitidas en vivo desde el escenario principal. Bajo el t\u00edtulo &#8216;T\u00e1cticas de marketing en un mundo en l\u00ednea&#8217;, el 1 de junio, los ponentes hablar\u00e1n sobre las t\u00e1cticas de marketing digital. Por su parte, la mesa redonda \u2018\u00bfCu\u00e1l es tu prop\u00f3sito?\u2019, que se celebrar\u00e1 el 2 de junio, abordar\u00e1 c\u00f3mo posicionar la marca y servicio en un mundo post pand\u00e9mico.<\/p>\n<p>Acci\u00f3 producir\u00e1 tres sesiones de Startup Nation, en colaboraci\u00f3n con ISE y TNW, que destacar\u00e1n el pr\u00f3ximo talento empresarial catal\u00e1n de los sectores empresariales de Smart Cities, Gaming y XR. Por \u00faltimo, est\u00e1 disponible el servicio de corretaje empresarial de ISE para los usuarios a trav\u00e9s de la aplicaci\u00f3n BCCIO b2match, la herramienta de programaci\u00f3n de servicios de corretaje B2B que cierra la brecha conectando a individuos y empresas con productos o servicios espec\u00edficos.<\/p>\n<p>En cuanto a ISE presencial, en el espacio AV Experience Zone, los visitantes podr\u00e1n conocer casos pr\u00e1cticos en espa\u00f1ol mediante mesas redondas, eventos de networking, testimonios de clientes y charlas sobre nuevas tendencias, las \u00faltimas tecnolog\u00edas y soluciones proporcionadas por la industria AV.<\/p>\n<p>En la Zona Catalana de Innovaci\u00f3n, Acci\u00f3 mostrar\u00e1 algunas de las empresas y tecnolog\u00edas l\u00edderes de la regi\u00f3n. Tambi\u00e9n los asistentes podr\u00e1n visitar los stands expositores y asistir a las charlas en espa\u00f1ol sobre &#8216;Transformaci\u00f3n digital para negocios dirigidos por tecnolog\u00eda&#8217;, con Marc Vidal, el 1 de junio, y &#8216;Long Live Retail&#8217;, con Maria Callis Ba\u00f1eres, el 2 de junio.<\/p>\n<p>Por \u00faltimo, el Cl\u00faster Audiovisual de Catalu\u00f1a presentar\u00e1 tres sesiones del Main Stage a lo largo de los dos d\u00edas. El martes, &#8216;Big Light Shows&#8217; destacar\u00e1 trabajos de estudios como Moment Factory, Onionlab y Minoria Absoluta. El mi\u00e9rcoles se celebrar\u00e1n las presentaciones en espa\u00f1ol que se dedicar\u00e1n a una actualizaci\u00f3n de la tecnolog\u00eda AV en las universidades espa\u00f1olas y a los recientes logros en el sector de los eventos en vivo.<\/p>\n<p>Para asistir de manera online o presencial a ISE 2021 se puede realizar el registro a trav\u00e9s de este <a href=\"https:\/\/registration.firabarcelona.com\/?cod_prom=LIVEAPR4#\/en_GB\/E234021\/WEB\" target=\"_blank\" rel=\"noopener\">enlace<\/a>. Los lectores de CASADOMO disponen de un descuento introduciendo el c\u00f3digo 37GMC8SW.<\/p>\n<p>La entrada <a rel=\"nofollow\" href=\"https:\/\/www.casadomo.com\/2021\/05\/24\/ise-live-online-2021-reunira-expertos-analizar-situacion-sector-audiovisual\">ISE Live &amp; Online 2021 reunir\u00e1 a expertos para analizar la situaci\u00f3n del sector audiovisual<\/a> aparece primero en <a rel=\"nofollow\" href=\"https:\/\/www.casadomo.com\/\">CASADOMO<\/a>.<\/p>\n<\/div>\n","protected":false},"excerpt":{"rendered":"<p>Los pr\u00f3ximos d\u00edas 1 y 2 de junio se celebrar\u00e1 ISE 2021 en la ciudad de Barcelona, tanto en la versi\u00f3n presencial como online. Durante dos d\u00edas, los asistentes podr\u00e1n disfrutar de un completo calendario de interesantes contenidos impartidos por expertos en la industria audiovisual (AV) y del pensamiento, dentro del programa de actividades producido &hellip; <a href=\"https:\/\/domosistemas.com\/?p=13988\" class=\"more-link\">Sigue leyendo <span class=\"screen-reader-text\">ISE Live &amp; Online 2021 reunir\u00e1 a expertos para analizar la situaci\u00f3n del sector audiovisual<\/span><\/a><\/p>\n","protected":false},"author":1,"featured_media":0,"comment_status":"closed","ping_status":"closed","sticky":false,"template":"","format":"standard","meta":{"footnotes":""},"categories":[3],"tags":[],"class_list":["post-13988","post","type-post","status-publish","format-standard","hentry","category-casadomo-com"],"_links":{"self":[{"href":"https:\/\/domosistemas.com\/index.php?rest_route=\/wp\/v2\/posts\/13988","targetHints":{"allow":["GET"]}}],"collection":[{"href":"https:\/\/domosistemas.com\/index.php?rest_route=\/wp\/v2\/posts"}],"about":[{"href":"https:\/\/domosistemas.com\/index.php?rest_route=\/wp\/v2\/types\/post"}],"author":[{"embeddable":true,"href":"https:\/\/domosistemas.com\/index.php?rest_route=\/wp\/v2\/users\/1"}],"replies":[{"embeddable":true,"href":"https:\/\/domosistemas.com\/index.php?rest_route=%2Fwp%2Fv2%2Fcomments&post=13988"}],"version-history":[{"count":0,"href":"https:\/\/domosistemas.com\/index.php?rest_route=\/wp\/v2\/posts\/13988\/revisions"}],"wp:attachment":[{"href":"https:\/\/domosistemas.com\/index.php?rest_route=%2Fwp%2Fv2%2Fmedia&parent=13988"}],"wp:term":[{"taxonomy":"category","embeddable":true,"href":"https:\/\/domosistemas.com\/index.php?rest_route=%2Fwp%2Fv2%2Fcategories&post=13988"},{"taxonomy":"post_tag","embeddable":true,"href":"https:\/\/domosistemas.com\/index.php?rest_route=%2Fwp%2Fv2%2Ftags&post=13988"}],"curies":[{"name":"wp","href":"https:\/\/api.w.org\/{rel}","templated":true}]}}