{"id":14083,"date":"2021-06-05T09:44:51","date_gmt":"2021-06-05T09:44:51","guid":{"rendered":"https:\/\/domosistemas.com\/?p=14083"},"modified":"2021-06-05T09:44:51","modified_gmt":"2021-06-05T09:44:51","slug":"samsung-trae-a-espana-su-linea-de-frigorificos-bespoke-multiples-colores-y-configuraciones-para-comprar-una-nevera-personalizada","status":"publish","type":"post","link":"https:\/\/domosistemas.com\/?p=14083","title":{"rendered":"Samsung trae a Espa\u00f1a su l\u00ednea de frigor\u00edficos Bespoke: m\u00faltiples colores y configuraciones para comprar una nevera personalizada"},"content":{"rendered":"<div>\n<p>\n      <img decoding=\"async\" src=\"https:\/\/i.blogs.es\/11dc17\/2l2a9016.cr2_.p\/1024_2000.jpg\" alt=\"Samsung trae a Espa\u00f1a su l\u00ednea de frigor\u00edficos Bespoke: m\u00faltiples colores y configuraciones para comprar una nevera personalizada\">\n    <\/p>\n<p>El pasado mayo Samsung <a href=\"https:\/\/www.xataka.com\/domotica-1\/samsung-bespoke-quiere-ser-al-hogar-que-gama-galaxy-a-moviles-neveras-hornos-colores-grifo-conectado\">avanz\u00f3<\/a> una nueva l\u00ednea de electrodom\u00e9sticos denominada <strong>Bespoke<\/strong> que estaba enfocada hacia el dise\u00f1o con m\u00e1s gamas de colores, <strong>aspecto llamativo<\/strong> y lo \u00faltimo en tecnolog\u00edas en su interior.<\/p>\n<p><!-- BREAK 1 --><\/p>\n<p>Ahora el fabricante ha anunciado la <strong>llegada a Espa\u00f1a<\/strong> de sus <strong>frigor\u00edficos Bespoke<\/strong> permitiendo adaptar el aspecto externo a la decoraci\u00f3n de la cocina gracias a la utilizaci\u00f3n de piezas modulares intercambiables y personalizables.<\/p>\n<p><!-- BREAK 2 --><!--more--><\/p>\n<div class=\"article-asset-video article-asset-normal\">\n<div class=\"asset-content\">\n<div class=\"base-asset-video\">\n<div class=\"js-dailymotion\">\n    <script type=\"application\/json\">\n     {\"videoId\":\"x817q6m\",\"autoplay\":true,\"title\":\"Bespoke Home 2021 l Samsung (1080p_24fps_H264-128kbit_AAC)\"}\n    <\/script>\n   <\/div>\n<\/p><\/div>\n<\/p><\/div>\n<\/div>\n<p>La nueva l\u00ednea de neveras, que ha sido presentada por la chef Cristina Oria, permite <strong>ajustar las estanter\u00edas<\/strong> y las temperaturas, elegir entre m\u00faltiples colores as\u00ed como escoger entre diferentes configuraciones. <\/p>\n<p><!-- BREAK 3 --><\/p>\n<p>En Espa\u00f1a, Bespoke estar\u00e1 disponible en modelos con alturas de <strong>1,85 y 2 metros<\/strong>, modelos de <strong>una sola puerta y de tipo combi<\/strong>, con cuatro acabados y colores diferentes que incluyen el cl\u00e1sico plateado Inox, pasteles suaves como el satin-beige o colores m\u00e1s vivos como el azul Glam Navy.<\/p>\n<p><!-- BREAK 4 --><\/p>\n<div class=\"article-asset-image article-asset-normal\">\n<div class=\"asset-content\">\n<p>  <img decoding=\"async\" alt=\"Frigorifico\" class=\"centro_sinmarco\" src=\"https:\/\/i.blogs.es\/cf6bc7\/frigorifico-samsung\/450_1000.jpg\"><\/p><\/div>\n<\/div>\n<p>En el interior de los frigos, que utilizan un <strong>compresor Digital Inverter<\/strong> para mejorar la eficiencia energ\u00e9tica y rebajar el ruido, nos encontramos con tecnolog\u00edas como <strong>SpaceMax<\/strong> que ofrece aislamiento de alta eficiencia para permitir una estructura m\u00e1s fina y con ello m\u00e1s espacio de almacenamiento en el mismo volumen.<\/p>\n<p><!-- BREAK 5 --><\/p>\n<div class=\"article-asset-image article-asset-normal\">\n<div class=\"asset-content\">\n<p>  <img decoding=\"async\" alt=\"Frigorifico Samsung\" class=\"centro_sinmarco\" src=\"https:\/\/i.blogs.es\/ea19b2\/frigorifico-samsung-8\/450_1000.jpg\"><\/p><\/div>\n<\/div>\n<p>El caj\u00f3n <strong>Optimal Fresh+<\/strong> permite almacenar productos a dos temperaturas diferentes, incluso bajo cero, para mantener pescado, carne y verduras hasta el doble de tiempo. Por su parte, <strong>Cool Select +<\/strong> permite convertir el compartimento inferior de un frigor\u00edfico combi tanto en frigor\u00edfico como en congelador. <\/p>\n<p><!-- BREAK 6 --><\/p>\n<div class=\"article-asset-image article-asset-normal\">\n<div class=\"asset-content\">\n<p>  <img decoding=\"async\" alt=\"Cuco1970 Cr2\" class=\"centro_sinmarco\" src=\"https:\/\/i.blogs.es\/1e7097\/cuco1970.cr2_.p\/450_1000.jpg\"><\/p><\/div>\n<\/div>\n<p>Los congeladores de una puerta tambi\u00e9n tendr\u00e1n esta flexibilidad a la hora de configurar distintas temperaturas, ya que se podr\u00e1 <strong>convertir toda la cavidad en frigor\u00edfico o en congelador<\/strong> en funci\u00f3n de las necesidades del usuario.<\/p>\n<p><!-- BREAK 7 --><\/p>\n<div class=\"article-asset article-asset-normal article-asset-center\">\n<div class=\"desvio-container\">\n<div class=\"desvio\">\n<div class=\"desvio-figure js-desvio-figure\">\n    <a href=\"https:\/\/www.xatakahome.com\/electrodomesticos-innovadores\/que-hay-que-mirar-para-comprar-frigorifico-asegurarnos-que-tenga-tecnologias-proximos-anos\"><br \/>\n     <img decoding=\"async\" alt=\"Qu\u00e9 hay que mirar para comprar un frigor\u00edfico y asegurarnos de que tenga las tecnolog\u00edas de los pr\u00f3ximos a\u00f1os\" src=\"https:\/\/i.blogs.es\/0865b3\/frigorifico\/375_142.jpeg\"><br \/>\n    <\/a>\n   <\/div>\n<div class=\"desvio-summary\">\n<div class=\"desvio-taxonomy js-desvio-taxonomy\">\n     <a href=\"https:\/\/www.xatakahome.com\/electrodomesticos-innovadores\/que-hay-que-mirar-para-comprar-frigorifico-asegurarnos-que-tenga-tecnologias-proximos-anos\" class=\"desvio-taxonomy-anchor\">En Xataka Smart Home<\/a>\n    <\/div>\n<p>    <a href=\"https:\/\/www.xatakahome.com\/electrodomesticos-innovadores\/que-hay-que-mirar-para-comprar-frigorifico-asegurarnos-que-tenga-tecnologias-proximos-anos\" class=\"desvio-title js-desvio-title\">Qu\u00e9 hay que mirar para comprar un frigor\u00edfico y asegurarnos de que tenga las tecnolog\u00edas de los pr\u00f3ximos a\u00f1os<\/a>\n   <\/div>\n<\/p><\/div>\n<\/p><\/div>\n<\/div>\n<h2>Precio y disponibilidad<\/h2>\n<p>Los nuevos frigor\u00edficos Bespoke de Samsung ya se pueden precomprar en la <a href=\"https:\/\/www.xatakahome.com\/redirect?url=https%3A%2F%2Fwww.samsung.com%2Fes%2Frefrigerators%2Fbespoke-refrigerator%2F&amp;category=electrodomesticos-innovadores\">web del fabricante<\/a> con tres modelos b\u00e1sicos que a su vez permiten elegir varios acabados. As\u00ed, tenemos por ejemplo el modelo <strong>Bespoke Glam Navy<\/strong> con altura de 1,85 metros por <strong>892,06 euros<\/strong>, el congelador <strong>Bespoke Twin Satin Beige<\/strong> con capacidad de 323 litros por <strong>986 euros<\/strong> y el frigor\u00edfico <strong>Bespoke Inox<\/strong> de 2 metros por <strong>1409 euros<\/strong>.<\/p>\n<p><!-- BREAK 8 --><\/p>\n<p>M\u00e1s informaci\u00f3n | <a href=\"https:\/\/www.xatakahome.com\/redirect?url=https%3A%2F%2Fwww.samsung.com%2Fes%2Frefrigerators%2Fbespoke-refrigerator%2F&amp;category=electrodomesticos-innovadores\">Samsung<\/a><\/p>\n<p><!-- BREAK 9 --><script>\n (function() {\n  window._JS_MODULES = window._JS_MODULES || {};\n  var headElement = document.getElementsByTagName('head')[0];\n  if (_JS_MODULES.instagram) {\n   var instagramScript = document.createElement('script');\n   instagramScript.src = 'https:\/\/platform.instagram.com\/en_US\/embeds.js';\n   instagramScript.async = true;\n   instagramScript.defer = true;\n   headElement.appendChild(instagramScript);\n  }\n })();\n<\/script><\/p>\n<p> &#8211; <br \/> La noticia<br \/>\n      <a href=\"https:\/\/www.xatakahome.com\/electrodomesticos-innovadores\/samsung-trae-a-espana-su-linea-frigorificos-bespoke-multiples-colores-configuraciones-para-comprar-nevera-personalizada?utm_source=feedburner&amp;utm_medium=feed&amp;utm_campaign=05_Jun_2021\"><br \/>\n       <em> Samsung trae a Espa\u00f1a su l\u00ednea de frigor\u00edficos Bespoke: m\u00faltiples colores y configuraciones para comprar una nevera personalizada <\/em><br \/>\n      <\/a><br \/>\n      fue publicada originalmente en<br \/>\n      <a href=\"https:\/\/www.xatakahome.com\/?utm_source=feedburner&amp;utm_medium=feed&amp;utm_campaign=05_Jun_2021\"><br \/>\n       <strong> Xataka Smart Home <\/strong><br \/>\n      <\/a><br \/>\n            por <a href=\"https:\/\/www.xatakahome.com\/autor\/paco-rodriguez?utm_source=feedburner&amp;utm_medium=feed&amp;utm_campaign=05_Jun_2021\"><br \/>\n       Paco Rodriguez<br \/>\n      <\/a><br \/>\n      . <\/p>\n<div class=\"feedflare\">\n<a href=\"http:\/\/feeds.weblogssl.com\/~ff\/Xatakahome?a=hIZibE1tmp0:saGcwB5g3VQ:yIl2AUoC8zA\"><img decoding=\"async\" src=\"http:\/\/feeds.feedburner.com\/~ff\/Xatakahome?d=yIl2AUoC8zA\" border=\"0\"><\/a>\n<\/div>\n<p><img loading=\"lazy\" decoding=\"async\" src=\"http:\/\/feeds.feedburner.com\/~r\/Xatakahome\/~4\/hIZibE1tmp0\" height=\"1\" width=\"1\" alt=\"\">\n<\/div>\n","protected":false},"excerpt":{"rendered":"<p>El pasado mayo Samsung avanz\u00f3 una nueva l\u00ednea de electrodom\u00e9sticos denominada Bespoke que estaba enfocada hacia el dise\u00f1o con m\u00e1s gamas de colores, aspecto llamativo y lo \u00faltimo en tecnolog\u00edas en su interior. Ahora el fabricante ha anunciado la llegada a Espa\u00f1a de sus frigor\u00edficos Bespoke permitiendo adaptar el aspecto externo a la decoraci\u00f3n de &hellip; <a href=\"https:\/\/domosistemas.com\/?p=14083\" class=\"more-link\">Sigue leyendo <span class=\"screen-reader-text\">Samsung trae a Espa\u00f1a su l\u00ednea de frigor\u00edficos Bespoke: m\u00faltiples colores y configuraciones para comprar una nevera personalizada<\/span><\/a><\/p>\n","protected":false},"author":1,"featured_media":0,"comment_status":"closed","ping_status":"closed","sticky":false,"template":"","format":"standard","meta":{"footnotes":""},"categories":[8],"tags":[],"class_list":["post-14083","post","type-post","status-publish","format-standard","hentry","category-xataka"],"_links":{"self":[{"href":"https:\/\/domosistemas.com\/index.php?rest_route=\/wp\/v2\/posts\/14083","targetHints":{"allow":["GET"]}}],"collection":[{"href":"https:\/\/domosistemas.com\/index.php?rest_route=\/wp\/v2\/posts"}],"about":[{"href":"https:\/\/domosistemas.com\/index.php?rest_route=\/wp\/v2\/types\/post"}],"author":[{"embeddable":true,"href":"https:\/\/domosistemas.com\/index.php?rest_route=\/wp\/v2\/users\/1"}],"replies":[{"embeddable":true,"href":"https:\/\/domosistemas.com\/index.php?rest_route=%2Fwp%2Fv2%2Fcomments&post=14083"}],"version-history":[{"count":0,"href":"https:\/\/domosistemas.com\/index.php?rest_route=\/wp\/v2\/posts\/14083\/revisions"}],"wp:attachment":[{"href":"https:\/\/domosistemas.com\/index.php?rest_route=%2Fwp%2Fv2%2Fmedia&parent=14083"}],"wp:term":[{"taxonomy":"category","embeddable":true,"href":"https:\/\/domosistemas.com\/index.php?rest_route=%2Fwp%2Fv2%2Fcategories&post=14083"},{"taxonomy":"post_tag","embeddable":true,"href":"https:\/\/domosistemas.com\/index.php?rest_route=%2Fwp%2Fv2%2Ftags&post=14083"}],"curies":[{"name":"wp","href":"https:\/\/api.w.org\/{rel}","templated":true}]}}