{"id":14177,"date":"2021-06-17T10:30:25","date_gmt":"2021-06-17T10:30:25","guid":{"rendered":"https:\/\/domosistemas.com\/?p=14177"},"modified":"2021-06-17T10:30:25","modified_gmt":"2021-06-17T10:30:25","slug":"fagor-presenta-cuatro-nuevos-frigorificos-con-aire-retro-ademas-de-enfriar-sirven-para-dar-un-toque-distinto-a-la-cocina","status":"publish","type":"post","link":"https:\/\/domosistemas.com\/?p=14177","title":{"rendered":"Fagor presenta cuatro nuevos frigor\u00edficos con aire retro: adem\u00e1s de enfriar, sirven para dar un toque distinto a la cocina"},"content":{"rendered":"<div>\n<p>\n      <img decoding=\"async\" src=\"https:\/\/i.blogs.es\/343dde\/fagor\/1024_2000.jpg\" alt=\"Fagor presenta cuatro nuevos frigor\u00edficos con aire retro: adem\u00e1s de enfriar, sirven para dar un toque distinto a la cocina\">\n    <\/p>\n<p>Fagor Electrodom\u00e9sticos ha presentado su nueva gama de <a href=\"https:\/\/www.xatakahome.com\/tag\/frigorifico\">frigor\u00edficos<\/a>, <strong>modelos que apuestan por un aire vintage o retro<\/strong> en una familia compuesta por cuatro modelos que agrupan un frigor\u00edfico combi, un modelo mini, un frigo de doble puerta y un modelo que no cuenta con congelador y que s\u00f3lo ofrece la funci\u00f3n de nevera.  <\/p>\n<p><!-- BREAK 1 --><\/p>\n<p>Los nuevos <a href=\"https:\/\/www.xatakahome.com\/electrodomesticos-innovadores\/que-hay-que-mirar-para-comprar-frigorifico-asegurarnos-que-tenga-tecnologias-proximos-anos\">modelos de frigor\u00edficos<\/a> parecen sacados de una pel\u00edcula de los a\u00f1os 50 y eso es lo que que busca la marca. Atender a los clientes que buscan <strong>un elemento con el que dar un aire distinto a su cocina<\/strong> por encima de los acabados en acero inoxidable antihuellas o las l\u00edneas marcadas y angulosas.<\/p>\n<p><!-- BREAK 2 --><!--more--><\/p>\n<h2>Aire retro para decorar la cocina<\/h2>\n<p>Una nueva l\u00ednea de frigor\u00edficos, de dise\u00f1o retro y estilo vintage para destacar en cualquier cocina cuyos modelos est\u00e1n <strong>disponibles en varios tama\u00f1os, formatos y colores<\/strong> como son rojo, beige y negro.<\/p>\n<p><!-- BREAK 3 --><\/p>\n<div class=\"article-asset-image article-asset-normal\">\n<div class=\"asset-content\">\n<div class=\"base-wrapper-image\" style=\"padding-top:69.5%;\">\n<p>  <img decoding=\"async\" alt=\"Combi\" class=\"centro_sinmarco\" src=\"https:\/\/i.blogs.es\/374645\/combi\/450_1000.jpg\"><\/p><\/div>\n<\/p><\/div>\n<\/div>\n<p>El frigor\u00edfico combi (3FFV-1855) incluye un congelador en la parte inferior y puertas divisorias. Adem\u00e1s del caj\u00f3n verdulero, cuenta con cajones congeladores de gran capacidad en la parte inferior. <strong>Es el de mayor tama\u00f1o y capacidad<\/strong> pues permite hasta 208 litros y cuenta con 181,5 cent\u00edmetros de alto y 55 cent\u00edmetros de ancho y nivel de ruido de 40 dbA.<\/p>\n<p><!-- BREAK 4 --><\/p>\n<div class=\"article-asset-image article-asset-normal\">\n<div class=\"asset-content\">\n<div class=\"base-wrapper-image\" style=\"padding-top:52.2%;\">\n<p>  <img decoding=\"async\" alt=\"Table\" class=\"centro_sinmarco\" src=\"https:\/\/i.blogs.es\/78e119\/table\/450_1000.jpg\"><\/p><\/div>\n<\/p><\/div>\n<\/div>\n<p>Otro de los modelos es un frigor\u00edfico mini \u00abtable top\u00bb (3FFV-855), un <strong>frigor\u00edfico compacto dise\u00f1ado para colocarlo sobre la encimera<\/strong>. Tiene unas medidas de 87,5 cent\u00edmetros de alto y 55 cent\u00edmetros de ancho ofreciendo una capacidad de 106 litros y cuenta con un nivel de ruido de 37 dbA.<\/p>\n<p><!-- BREAK 5 --><\/p>\n<div class=\"article-asset-image article-asset-normal\">\n<div class=\"asset-content\">\n<div class=\"base-wrapper-image\" style=\"padding-top:74.65%;\">\n<p>  <img decoding=\"async\" alt=\"Uni\" class=\"centro_sinmarco\" src=\"https:\/\/i.blogs.es\/daff15\/uni\/450_1000.jpg\"><\/p><\/div>\n<\/p><\/div>\n<\/div>\n<div class=\"article-asset article-asset-normal article-asset-center\">\n<div class=\"desvio-container\">\n<div class=\"desvio\">\n<div class=\"desvio-figure js-desvio-figure\">\n    <a href=\"https:\/\/www.xatakahome.com\/electrodomesticos-innovadores\/vas-a-comprar-un-frigorifico-estos-son-algunos-aspectos-a-tener-en-cuenta-en-funcion-del-sistema-de-frio-que-usan\"><br \/>\n     <img decoding=\"async\" alt=\"\u00bfVas a comprar un frigor\u00edfico? Estos son algunos aspectos a tener en cuenta en funci\u00f3n del sistema de fr\u00edo que usan\" src=\"https:\/\/i.blogs.es\/256b50\/frigo\/375_142.jpg\"><br \/>\n    <\/a>\n   <\/div>\n<div class=\"desvio-summary\">\n<div class=\"desvio-taxonomy js-desvio-taxonomy\">\n     <a href=\"https:\/\/www.xatakahome.com\/electrodomesticos-innovadores\/vas-a-comprar-un-frigorifico-estos-son-algunos-aspectos-a-tener-en-cuenta-en-funcion-del-sistema-de-frio-que-usan\" class=\"desvio-taxonomy-anchor\">En Xataka Smart Home<\/a>\n    <\/div>\n<p>    <a href=\"https:\/\/www.xatakahome.com\/electrodomesticos-innovadores\/vas-a-comprar-un-frigorifico-estos-son-algunos-aspectos-a-tener-en-cuenta-en-funcion-del-sistema-de-frio-que-usan\" class=\"desvio-title js-desvio-title\">\u00bfVas a comprar un frigor\u00edfico? Estos son algunos aspectos a tener en cuenta en funci\u00f3n del sistema de fr\u00edo que usan<\/a>\n   <\/div>\n<\/p><\/div>\n<\/p><\/div>\n<\/div>\n<p>El Fagor (3FLV-1455) <strong>es el m\u00e1s estrecho de todos<\/strong> y cuenta con una \u00fanica puerta al m\u00e1s puro estilo vintage. Tiene unas medidas de 144 cent\u00edmetros de alto y 44 cent\u00edmetros de ancho, al no llevar integrado el congelador su capacidad total aumenta hasta los 229 litros y genera 39 dbA.<\/p>\n<p><!-- BREAK 6 --><\/p>\n<div class=\"article-asset-image article-asset-normal\">\n<div class=\"asset-content\">\n<div class=\"base-wrapper-image\" style=\"padding-top:87.35%;\">\n<p>  <img decoding=\"async\" alt=\"Dos\" class=\"centro_sinmarco\" src=\"https:\/\/i.blogs.es\/352f82\/dos\/450_1000.jpg\"><\/p><\/div>\n<\/p><\/div>\n<\/div>\n<p>El \u00faltimo modelo es el Fagor (3FFV-1455), un frigo coon <strong>dos tiradores y puertas independientes<\/strong> que dividen el frigor\u00edfico y de la zona superior donde se encuentra el congelador. Mide 144 cent\u00edmetros de alto y 55 cent\u00edmetros de ancho y su capacidad m\u00e1xima es de 208 litros y el nivel de ruido es de 41 dbA.<\/p>\n<p><!-- BREAK 7 --><\/p>\n<div class=\"article-asset article-asset-normal article-asset-center\">\n<div class=\"desvio-container\">\n<div class=\"desvio\">\n<div class=\"desvio-figure js-desvio-figure\">\n    <a href=\"https:\/\/www.xatakahome.com\/iluminacion-y-energia\/asi-nuevas-etiquetas-eficiencia-energetica-escala-exigente-codigos-qr-diferencian-sdr-hdr-teles\"><br \/>\n     <img decoding=\"async\" alt=\"As\u00ed son las nuevas etiquetas de eficiencia energ\u00e9tica: una escala m\u00e1s exigente, c\u00f3digos QR y diferencian entre SDR y HDR en las teles\" src=\"https:\/\/i.blogs.es\/3b83c1\/p049826-858853\/375_142.jpg\"><br \/>\n    <\/a>\n   <\/div>\n<div class=\"desvio-summary\">\n<div class=\"desvio-taxonomy js-desvio-taxonomy\">\n     <a href=\"https:\/\/www.xatakahome.com\/iluminacion-y-energia\/asi-nuevas-etiquetas-eficiencia-energetica-escala-exigente-codigos-qr-diferencian-sdr-hdr-teles\" class=\"desvio-taxonomy-anchor\">En Xataka Smart Home<\/a>\n    <\/div>\n<p>    <a href=\"https:\/\/www.xatakahome.com\/iluminacion-y-energia\/asi-nuevas-etiquetas-eficiencia-energetica-escala-exigente-codigos-qr-diferencian-sdr-hdr-teles\" class=\"desvio-title js-desvio-title\">As\u00ed son las nuevas etiquetas de eficiencia energ\u00e9tica: una escala m\u00e1s exigente, c\u00f3digos QR y diferencian entre SDR y HDR en las teles<\/a>\n   <\/div>\n<\/p><\/div>\n<\/p><\/div>\n<\/div>\n<div class=\"article-asset-video article-asset-normal\">\n<div class=\"asset-content\">\n<div class=\"base-asset-video\">\n<div class=\"js-dailymotion\">\n    <script type=\"application\/json\">\n     {\"videoId\":\"x813n4y\",\"autoplay\":true,\"title\":\"IKEA - Consejos para instalar tu cocina\"}\n    <\/script>\n   <\/div>\n<\/p><\/div>\n<\/p><\/div>\n<\/div>\n<p>Todos los frigor\u00edficos presentados <strong>cuentan con las clasificaci\u00f3n energ\u00e9tica E<\/strong>, lo que seg\u00fan la marca permite un consumo de hasta un 20 % menos que los de clase F. Adem\u00e1s, est\u00e1n equipados con luces LED para la visibilidad del interior del frigor\u00edfico y de paso consumir menos energ\u00eda.<\/p>\n<p><!-- BREAK 8 --><\/p>\n<h2>Precio y disponibilidad<\/h2>\n<p>La nueva gama de frigor\u00edficos retro de Fagor <strong>estar\u00e1 disponible a partir de junio de 2021<\/strong>.<\/p>\n<p><!-- BREAK 9 --><\/p>\n<p>M\u00e1s informaci\u00f3n |\u00a0<a href=\"https:\/\/fagorelectrodomestico.com\/frigorificos\/gama-retro?gclid=Cj0KCQjw5auGBhDEARIsAFyNm9Gd_XIH5w50xyozWbLk8sHrHQws0cR50Ffmwj53UGsB7pxtWZ0KU4MaAiWHEALw_wcB\">Fagor<\/a><\/p>\n<p><!-- BREAK 10 --><script>\n (function() {\n  window._JS_MODULES = window._JS_MODULES || {};\n  var headElement = document.getElementsByTagName('head')[0];\n  if (_JS_MODULES.instagram) {\n   var instagramScript = document.createElement('script');\n   instagramScript.src = 'https:\/\/platform.instagram.com\/en_US\/embeds.js';\n   instagramScript.async = true;\n   instagramScript.defer = true;\n   headElement.appendChild(instagramScript);\n  }\n })();\n<\/script><\/p>\n<p> &#8211; <br \/> La noticia<br \/>\n      <a href=\"https:\/\/www.xatakahome.com\/electrodomesticos-innovadores\/fagor-presenta-cuatro-nuevos-frigorificos-aire-retro-enfriar-sirven-para-dar-toque-distinto-a-cocina?utm_source=feedburner&amp;utm_medium=feed&amp;utm_campaign=17_Jun_2021\"><br \/>\n       <em> Fagor presenta cuatro nuevos frigor\u00edficos con aire retro: adem\u00e1s de enfriar, sirven para dar un toque distinto a la cocina <\/em><br \/>\n      <\/a><br \/>\n      fue publicada originalmente en<br \/>\n      <a href=\"https:\/\/www.xatakahome.com\/?utm_source=feedburner&amp;utm_medium=feed&amp;utm_campaign=17_Jun_2021\"><br \/>\n       <strong> Xataka Smart Home <\/strong><br \/>\n      <\/a><br \/>\n            por <a href=\"https:\/\/www.xatakahome.com\/autor\/jose-antonio-carmona?utm_source=feedburner&amp;utm_medium=feed&amp;utm_campaign=17_Jun_2021\"><br \/>\n       Jose Antonio Carmona<br \/>\n      <\/a><br \/>\n      . <\/p>\n<div class=\"feedflare\">\n<a href=\"http:\/\/feeds.weblogssl.com\/~ff\/Xatakahome?a=RDoraMsF7Tc:jvWL7cvKZqw:yIl2AUoC8zA\"><img decoding=\"async\" src=\"http:\/\/feeds.feedburner.com\/~ff\/Xatakahome?d=yIl2AUoC8zA\" border=\"0\"><\/a>\n<\/div>\n<p><img loading=\"lazy\" decoding=\"async\" src=\"http:\/\/feeds.feedburner.com\/~r\/Xatakahome\/~4\/RDoraMsF7Tc\" height=\"1\" width=\"1\" alt=\"\">\n<\/div>\n","protected":false},"excerpt":{"rendered":"<p>Fagor Electrodom\u00e9sticos ha presentado su nueva gama de frigor\u00edficos, modelos que apuestan por un aire vintage o retro en una familia compuesta por cuatro modelos que agrupan un frigor\u00edfico combi, un modelo mini, un frigo de doble puerta y un modelo que no cuenta con congelador y que s\u00f3lo ofrece la funci\u00f3n de nevera. Los &hellip; <a href=\"https:\/\/domosistemas.com\/?p=14177\" class=\"more-link\">Sigue leyendo <span class=\"screen-reader-text\">Fagor presenta cuatro nuevos frigor\u00edficos con aire retro: adem\u00e1s de enfriar, sirven para dar un toque distinto a la cocina<\/span><\/a><\/p>\n","protected":false},"author":1,"featured_media":0,"comment_status":"closed","ping_status":"closed","sticky":false,"template":"","format":"standard","meta":{"footnotes":""},"categories":[8],"tags":[],"class_list":["post-14177","post","type-post","status-publish","format-standard","hentry","category-xataka"],"_links":{"self":[{"href":"https:\/\/domosistemas.com\/index.php?rest_route=\/wp\/v2\/posts\/14177","targetHints":{"allow":["GET"]}}],"collection":[{"href":"https:\/\/domosistemas.com\/index.php?rest_route=\/wp\/v2\/posts"}],"about":[{"href":"https:\/\/domosistemas.com\/index.php?rest_route=\/wp\/v2\/types\/post"}],"author":[{"embeddable":true,"href":"https:\/\/domosistemas.com\/index.php?rest_route=\/wp\/v2\/users\/1"}],"replies":[{"embeddable":true,"href":"https:\/\/domosistemas.com\/index.php?rest_route=%2Fwp%2Fv2%2Fcomments&post=14177"}],"version-history":[{"count":0,"href":"https:\/\/domosistemas.com\/index.php?rest_route=\/wp\/v2\/posts\/14177\/revisions"}],"wp:attachment":[{"href":"https:\/\/domosistemas.com\/index.php?rest_route=%2Fwp%2Fv2%2Fmedia&parent=14177"}],"wp:term":[{"taxonomy":"category","embeddable":true,"href":"https:\/\/domosistemas.com\/index.php?rest_route=%2Fwp%2Fv2%2Fcategories&post=14177"},{"taxonomy":"post_tag","embeddable":true,"href":"https:\/\/domosistemas.com\/index.php?rest_route=%2Fwp%2Fv2%2Ftags&post=14177"}],"curies":[{"name":"wp","href":"https:\/\/api.w.org\/{rel}","templated":true}]}}