{"id":14188,"date":"2021-06-21T02:00:07","date_gmt":"2021-06-21T02:00:07","guid":{"rendered":"https:\/\/domosistemas.com\/?p=14188"},"modified":"2021-06-21T02:00:07","modified_gmt":"2021-06-21T02:00:07","slug":"adoptada-la-decision-de-armonizacion-del-uso-de-la-banda-de-6-ghz-para-las-redes-wifi-en-la-ue","status":"publish","type":"post","link":"https:\/\/domosistemas.com\/?p=14188","title":{"rendered":"Adoptada la decisi\u00f3n de armonizaci\u00f3n del uso de la banda de 6 GHz para las redes wifi en la UE"},"content":{"rendered":"<div>\n<p>La <a href=\"https:\/\/ec.europa.eu\/\" target=\"_blank\" rel=\"noopener\">Comisi\u00f3n Europea<\/a> ha adoptado la decisi\u00f3n de armonizaci\u00f3n del uso de la banda de 6 GHz para las redes inal\u00e1mbricas en la Uni\u00f3n Europea, lo que admitir\u00e1 un n\u00famero creciente de dispositivos, aplicaciones en l\u00ednea y servicios innovadores que requieren de un mayor ancho de banda y velocidades m\u00e1s r\u00e1pidas.<\/p>\n<figure id=\"attachment_92122\" aria-describedby=\"caption-attachment-92122\" style=\"width: 800px\" class=\"wp-caption aligncenter\"><img decoding=\"async\" loading=\"lazy\" class=\"size-full wp-image-92122\" src=\"https:\/\/static.casadomo.com\/media\/2021\/06\/comision-europea-ampliacion-banda-frecuencia-6-ghz-wifi.png\" alt=\"Comisi\u00f3n Europea amplia la banda ancha para los 6 GHz.\" width=\"800\" height=\"408\" srcset=\"https:\/\/static.casadomo.com\/media\/2021\/06\/comision-europea-ampliacion-banda-frecuencia-6-ghz-wifi.png 800w, https:\/\/static.casadomo.com\/media\/2021\/06\/comision-europea-ampliacion-banda-frecuencia-6-ghz-wifi-300x153.png 300w, https:\/\/static.casadomo.com\/media\/2021\/06\/comision-europea-ampliacion-banda-frecuencia-6-ghz-wifi-768x392.png 768w, https:\/\/static.casadomo.com\/media\/2021\/06\/comision-europea-ampliacion-banda-frecuencia-6-ghz-wifi-180x92.png 180w\" sizes=\"auto, (max-width: 800px) 100vw, 800px\"><figcaption id=\"caption-attachment-92122\" class=\"wp-caption-text\">La liberaci\u00f3n de las bandas de frecuencia para los 6 GHz deber\u00e1 completarse el 1 de diciembre de 2021.<\/figcaption><\/figure>\n<p>La <a href=\"https:\/\/digital-strategy.ec.europa.eu\/en\/library\/6ghz-harmonisation-decision-more-spectrum-available-better-and-faster-wi-fi\" target=\"_blank\" rel=\"noopener\">decisi\u00f3n de armonizaci\u00f3n<\/a> har\u00e1 que 480 MHz de espectro adicional est\u00e9n disponibles en la banda de 6 GHz, lo que casi duplicar\u00e1 la cantidad de espectro disponible sum\u00e1ndose a los 538,5 MHz libres en las bandas de 2,4 GHz y 5 GHz.<\/p>\n<p>Con esta ampliaci\u00f3n del espectro se reducir\u00e1 la congesti\u00f3n de la red y, por lo tanto, se aumentar\u00e1 la velocidad de la red, repercutiendo positivamente tanto a los ciudadanos como a las empresas, que tendr\u00e1n la oportunidad de disfrutar de conexiones wifi mejores, m\u00e1s r\u00e1pidas y estables en toda la Uni\u00f3n Europea.<\/p>\n<h2>Liberaci\u00f3n de la banda de frecuencia<\/h2>\n<p>Para el 1 de diciembre de 2021, los estados miembros deber\u00e1n poner esta banda de frecuencia a disposici\u00f3n para la implementaci\u00f3n de wifi. La decisi\u00f3n de armonizaci\u00f3n de la banda de 6 GHz se inscribe en el marco de la Decisi\u00f3n de espectro de radio, que permite a la Comisi\u00f3n armonizar estas bandas, apoyando a los mercados innovadores y desarrollos tecnol\u00f3gicos.<\/p>\n<p>En pa\u00edses como Estados Unidos y Reino Unido ya est\u00e1n ampliando el espectro de manera progresiva en la banda de 6 GHz, permitiendo que los dispositivos adaptados puedan aprovechar f\u00e1cilmente los nuevos beneficios que ofrece.<\/p>\n<p>La disponibilidad de m\u00e1s ancho de banda para los servicios wifi es fundamental para facilitar la innovaci\u00f3n y alcanzar los objetivos propuestos para la <a href=\"https:\/\/ec.europa.eu\/info\/strategy\/priorities-2019-2024\/europe-fit-digital-age\/europes-digital-decade-digital-targets-2030_en\" target=\"_blank\" rel=\"noopener\">D\u00e9cada Digital para 2030<\/a>, seg\u00fan la cual todas las viviendas europeas deber\u00edan tener conectividad gigabit.<\/p>\n<p>La entrada <a rel=\"nofollow\" href=\"https:\/\/www.casadomo.com\/2021\/06\/21\/adoptada-decision-armonizacion-uso-banda-6-ghz-redes-wifi-ue\">Adoptada la decisi\u00f3n de armonizaci\u00f3n del uso de la banda de 6 GHz para las redes wifi en la UE<\/a> aparece primero en <a rel=\"nofollow\" href=\"https:\/\/www.casadomo.com\/\">CASADOMO<\/a>.<\/p>\n<\/div>\n","protected":false},"excerpt":{"rendered":"<p>La Comisi\u00f3n Europea ha adoptado la decisi\u00f3n de armonizaci\u00f3n del uso de la banda de 6 GHz para las redes inal\u00e1mbricas en la Uni\u00f3n Europea, lo que admitir\u00e1 un n\u00famero creciente de dispositivos, aplicaciones en l\u00ednea y servicios innovadores que requieren de un mayor ancho de banda y velocidades m\u00e1s r\u00e1pidas. La liberaci\u00f3n de las &hellip; <a href=\"https:\/\/domosistemas.com\/?p=14188\" class=\"more-link\">Sigue leyendo <span class=\"screen-reader-text\">Adoptada la decisi\u00f3n de armonizaci\u00f3n del uso de la banda de 6 GHz para las redes wifi en la UE<\/span><\/a><\/p>\n","protected":false},"author":1,"featured_media":0,"comment_status":"closed","ping_status":"closed","sticky":false,"template":"","format":"standard","meta":{"footnotes":""},"categories":[3],"tags":[],"class_list":["post-14188","post","type-post","status-publish","format-standard","hentry","category-casadomo-com"],"_links":{"self":[{"href":"https:\/\/domosistemas.com\/index.php?rest_route=\/wp\/v2\/posts\/14188","targetHints":{"allow":["GET"]}}],"collection":[{"href":"https:\/\/domosistemas.com\/index.php?rest_route=\/wp\/v2\/posts"}],"about":[{"href":"https:\/\/domosistemas.com\/index.php?rest_route=\/wp\/v2\/types\/post"}],"author":[{"embeddable":true,"href":"https:\/\/domosistemas.com\/index.php?rest_route=\/wp\/v2\/users\/1"}],"replies":[{"embeddable":true,"href":"https:\/\/domosistemas.com\/index.php?rest_route=%2Fwp%2Fv2%2Fcomments&post=14188"}],"version-history":[{"count":0,"href":"https:\/\/domosistemas.com\/index.php?rest_route=\/wp\/v2\/posts\/14188\/revisions"}],"wp:attachment":[{"href":"https:\/\/domosistemas.com\/index.php?rest_route=%2Fwp%2Fv2%2Fmedia&parent=14188"}],"wp:term":[{"taxonomy":"category","embeddable":true,"href":"https:\/\/domosistemas.com\/index.php?rest_route=%2Fwp%2Fv2%2Fcategories&post=14188"},{"taxonomy":"post_tag","embeddable":true,"href":"https:\/\/domosistemas.com\/index.php?rest_route=%2Fwp%2Fv2%2Ftags&post=14188"}],"curies":[{"name":"wp","href":"https:\/\/api.w.org\/{rel}","templated":true}]}}