{"id":14200,"date":"2021-06-22T02:00:08","date_gmt":"2021-06-22T02:00:08","guid":{"rendered":"https:\/\/domosistemas.com\/?p=14200"},"modified":"2021-06-22T02:00:08","modified_gmt":"2021-06-22T02:00:08","slug":"el-proyecto-de-rd-del-programa-de-rehabilitacion-del-plan-de-recuperacion-se-abre-a-informacion-publica","status":"publish","type":"post","link":"https:\/\/domosistemas.com\/?p=14200","title":{"rendered":"El proyecto de RD del programa de rehabilitaci\u00f3n del Plan de Recuperaci\u00f3n se abre a informaci\u00f3n p\u00fablica"},"content":{"rendered":"<div>\n<p>El Ministerio de Transportes, Movilidad y Agenda Urbana (<a href=\"https:\/\/www.mitma.gob.es\/\" target=\"_blank\" rel=\"noopener\">Mitma<\/a>) ha publicado el <a href=\"https:\/\/www.mitma.gob.es\/recursos_mfom\/audienciainfopublica\/recursos\/2021-06-18_rd_fondos_prtr.pdf\" target=\"_blank\" rel=\"noopener\">proyecto de Real Decreto<\/a> (RD) por el que se regulan los programas de ayuda en materia de rehabilitaci\u00f3n residencial y vivienda social del Plan de Recuperaci\u00f3n, Transformaci\u00f3n y Resiliencia de Espa\u00f1a, en el marco del proceso de participaci\u00f3n p\u00fablica. Hasta el 9 de julio, los ciudadanos, organizaciones y asociaciones podr\u00e1n aportar opiniones y observaciones que permitan enriquecer y conformar el texto definitivo, que continuar\u00e1 con la tramitaci\u00f3n administrativa y aprobaci\u00f3n final.<\/p>\n<figure id=\"attachment_92200\" aria-describedby=\"caption-attachment-92200\" style=\"width: 800px\" class=\"wp-caption aligncenter\"><img decoding=\"async\" loading=\"lazy\" class=\"size-full wp-image-92200\" src=\"https:\/\/static.casadomo.com\/media\/2021\/06\/mitma-proyecto-real-decreto-inversiones-rehabilitacion-plan-recuperacion.png\" alt=\"Proyecto del Real Decreto.\" width=\"800\" height=\"423\" srcset=\"https:\/\/static.casadomo.com\/media\/2021\/06\/mitma-proyecto-real-decreto-inversiones-rehabilitacion-plan-recuperacion.png 800w, https:\/\/static.casadomo.com\/media\/2021\/06\/mitma-proyecto-real-decreto-inversiones-rehabilitacion-plan-recuperacion-300x159.png 300w, https:\/\/static.casadomo.com\/media\/2021\/06\/mitma-proyecto-real-decreto-inversiones-rehabilitacion-plan-recuperacion-768x406.png 768w, https:\/\/static.casadomo.com\/media\/2021\/06\/mitma-proyecto-real-decreto-inversiones-rehabilitacion-plan-recuperacion-180x95.png 180w\" sizes=\"auto, (max-width: 800px) 100vw, 800px\"><figcaption id=\"caption-attachment-92200\" class=\"wp-caption-text\">Las inversiones para la rehabilitaci\u00f3n de las viviendas y edificios asciende a 4.420 millones de euros.<\/figcaption><\/figure>\n<p>Tras la <a href=\"https:\/\/www.casadomo.com\/2021\/06\/17\/comision-europea-aprueba-plan-recuperacion-espana-inversion-69-500-millones\">aprobaci\u00f3n<\/a> del Plan de Recuperaci\u00f3n por parte de la Comisi\u00f3n Europea, comienza la tramitaci\u00f3n de la regulaci\u00f3n necesaria para movilizar una parte importante de la inversi\u00f3n prevista en la <a href=\"https:\/\/www.lamoncloa.gob.es\/temas\/fondos-recuperacion\/Documents\/16062021-Componente2.pdf\" target=\"_blank\" rel=\"noopener\">Componente 2<\/a> (Implementaci\u00f3n de la Agenda Urbana espa\u00f1ola: Plan de rehabilitaci\u00f3n y regeneraci\u00f3n urbana); en concreto la destinada a la rehabilitaci\u00f3n para la recuperaci\u00f3n econ\u00f3mica y social de entornos residenciales y para la construcci\u00f3n de viviendas en alquiler social en edificios energ\u00e9ticamente eficientes.<\/p>\n<p>Las inversiones de estas actuaciones ascienden a 4.420 millones de euros y se ejecutar\u00e1n hasta 2026. Estas inversiones se destinar\u00e1n en el \u00e1mbito de la rehabilitaci\u00f3n de viviendas y edificios, que deben aportar ahorros energ\u00e9ticos a trav\u00e9s de la implementaci\u00f3n de la digitalizaci\u00f3n, mejoras de accesos y la integraci\u00f3n de fuentes de energ\u00eda renovable, entre otras acciones.<\/p>\n<h2>Gestor y oficina de rehabilitaci\u00f3n<\/h2>\n<p>Asimismo, el proyecto de Real Decreto incluye la figura del agente o gestor de la rehabilitaci\u00f3n, para realizar actuaciones de impulso, seguimiento, gesti\u00f3n de ayudas p\u00fablicas y acceso a la financiaci\u00f3n, as\u00ed como la elaboraci\u00f3n de documentaci\u00f3n o proyectos t\u00e9cnicos, y de todas las actuaciones necesarias para el desarrollo de las iniciativas de rehabilitaci\u00f3n o mejora que se puedan financiar a trav\u00e9s de alguno de los programas recogidos en este Real Decreto.<\/p>\n<p>Tambi\u00e9n permitir\u00e1 dar apoyo a las oficinas de rehabilitaci\u00f3n que puedan implementar las distintas administraciones, con el objetivo de coordinar, informar y facilitar la gesti\u00f3n de las ayudas y la prestaci\u00f3n de servicios que contribuyan a agilizar la implementaci\u00f3n y la gesti\u00f3n integral de los proyectos de rehabilitaci\u00f3n energ\u00e9tica en el \u00e1mbito residencial al servicio de los ciudadanos, comunidades de propietarios, empresas y agentes rehabilitadores.<\/p>\n<p>Por otro lado, el Real Decreto abre la puerta a que se puedan subvencionar documentos t\u00e9cnicos como el Libro del Edificio Existente, enfocado a ofrecer a las comunidades de propietarios el potencial de mejora de su edificio y una posible planificaci\u00f3n de actuaciones.<\/p>\n<p>Los interesados en aportar sus opiniones pueden hacerlo hasta el 9 de julio a trav\u00e9s de este <a href=\"https:\/\/www.mitma.gob.es\/el-ministerio\/buscador-participacion-publica\/real-decreto-por-el-que-se-regulan-los-programas-de-ayuda-en-materia-de-rehabilitacion-residencial-y-vivienda-social-del-plan-de-recuperacion\" target=\"_blank\" rel=\"noopener\">enlace<\/a>.<\/p>\n<p>La entrada <a rel=\"nofollow\" href=\"https:\/\/www.casadomo.com\/2021\/06\/22\/proyecto-rd-programa-rehabilitacion-plan-recuperacion-abre-informacion-publica\">El proyecto de RD del programa de rehabilitaci\u00f3n del Plan de Recuperaci\u00f3n se abre a informaci\u00f3n p\u00fablica<\/a> aparece primero en <a rel=\"nofollow\" href=\"https:\/\/www.casadomo.com\/\">CASADOMO<\/a>.<\/p>\n<\/div>\n","protected":false},"excerpt":{"rendered":"<p>El Ministerio de Transportes, Movilidad y Agenda Urbana (Mitma) ha publicado el proyecto de Real Decreto (RD) por el que se regulan los programas de ayuda en materia de rehabilitaci\u00f3n residencial y vivienda social del Plan de Recuperaci\u00f3n, Transformaci\u00f3n y Resiliencia de Espa\u00f1a, en el marco del proceso de participaci\u00f3n p\u00fablica. Hasta el 9 de &hellip; <a href=\"https:\/\/domosistemas.com\/?p=14200\" class=\"more-link\">Sigue leyendo <span class=\"screen-reader-text\">El proyecto de RD del programa de rehabilitaci\u00f3n del Plan de Recuperaci\u00f3n se abre a informaci\u00f3n p\u00fablica<\/span><\/a><\/p>\n","protected":false},"author":1,"featured_media":0,"comment_status":"closed","ping_status":"closed","sticky":false,"template":"","format":"standard","meta":{"footnotes":""},"categories":[3],"tags":[],"class_list":["post-14200","post","type-post","status-publish","format-standard","hentry","category-casadomo-com"],"_links":{"self":[{"href":"https:\/\/domosistemas.com\/index.php?rest_route=\/wp\/v2\/posts\/14200","targetHints":{"allow":["GET"]}}],"collection":[{"href":"https:\/\/domosistemas.com\/index.php?rest_route=\/wp\/v2\/posts"}],"about":[{"href":"https:\/\/domosistemas.com\/index.php?rest_route=\/wp\/v2\/types\/post"}],"author":[{"embeddable":true,"href":"https:\/\/domosistemas.com\/index.php?rest_route=\/wp\/v2\/users\/1"}],"replies":[{"embeddable":true,"href":"https:\/\/domosistemas.com\/index.php?rest_route=%2Fwp%2Fv2%2Fcomments&post=14200"}],"version-history":[{"count":0,"href":"https:\/\/domosistemas.com\/index.php?rest_route=\/wp\/v2\/posts\/14200\/revisions"}],"wp:attachment":[{"href":"https:\/\/domosistemas.com\/index.php?rest_route=%2Fwp%2Fv2%2Fmedia&parent=14200"}],"wp:term":[{"taxonomy":"category","embeddable":true,"href":"https:\/\/domosistemas.com\/index.php?rest_route=%2Fwp%2Fv2%2Fcategories&post=14200"},{"taxonomy":"post_tag","embeddable":true,"href":"https:\/\/domosistemas.com\/index.php?rest_route=%2Fwp%2Fv2%2Ftags&post=14200"}],"curies":[{"name":"wp","href":"https:\/\/api.w.org\/{rel}","templated":true}]}}