{"id":14212,"date":"2021-06-23T02:00:48","date_gmt":"2021-06-23T02:00:48","guid":{"rendered":"https:\/\/domosistemas.com\/?p=14212"},"modified":"2021-06-23T02:00:48","modified_gmt":"2021-06-23T02:00:48","slug":"pruebas-de-compatibilidad-entre-5g-y-tdt-en-la-banda-de-700-mhz-en-alcazar-de-san-juan-y-la-solana","status":"publish","type":"post","link":"https:\/\/domosistemas.com\/?p=14212","title":{"rendered":"Pruebas de compatibilidad entre 5G y TDT en la banda de 700 MHz en Alc\u00e1zar de San Juan y La Solana"},"content":{"rendered":"<div>\n<p>En los municipios de Alc\u00e1zar de San Juan y La Solana (Ciudad Real) se ha comenzado un ensayo con el objetivo de evaluar si el uso de la banda de 700 MHz para el despliegue del 5G puede tener alguna influencia en las emisiones de la Televisi\u00f3n Digital Terrestre (TDT) que utilizan la banda de 470 MHz a 694 MHz. Las pruebas las llevar\u00e1n a cabo el Ministerio de Asuntos Econ\u00f3micos y Transformaci\u00f3n Digital (<a href=\"https:\/\/portal.mineco.gob.es\/\" target=\"_blank\" rel=\"noopener\">Mineco<\/a>), operadores de telefon\u00eda m\u00f3vil y fabricantes de equipos.<\/p>\n<figure id=\"attachment_92293\" aria-describedby=\"caption-attachment-92293\" style=\"width: 800px\" class=\"wp-caption aligncenter\"><img decoding=\"async\" loading=\"lazy\" class=\"wp-image-92293 size-full\" src=\"https:\/\/static.casadomo.com\/media\/2021\/06\/mineco-prueba-tdt-5g-san-juan-solana-ciudad-real-1.png\" alt=\"pruebas de compatibilidad entre 5G y TDT en la banda de 700 MHz en Alc\u00e1zar de San Juan y La Solana\" width=\"800\" height=\"450\" srcset=\"https:\/\/static.casadomo.com\/media\/2021\/06\/mineco-prueba-tdt-5g-san-juan-solana-ciudad-real-1.png 800w, https:\/\/static.casadomo.com\/media\/2021\/06\/mineco-prueba-tdt-5g-san-juan-solana-ciudad-real-1-300x169.png 300w, https:\/\/static.casadomo.com\/media\/2021\/06\/mineco-prueba-tdt-5g-san-juan-solana-ciudad-real-1-768x432.png 768w, https:\/\/static.casadomo.com\/media\/2021\/06\/mineco-prueba-tdt-5g-san-juan-solana-ciudad-real-1-180x101.png 180w\" sizes=\"auto, (max-width: 800px) 100vw, 800px\"><figcaption id=\"caption-attachment-92293\" class=\"wp-caption-text\">Las pruebas evaluar\u00e1n si el despliegue del 5G en la banda de 700 MHz afecta a las emisiones de la TDT.<\/figcaption><\/figure>\n<p>El 21 de junio de 2021 empezaron las pruebas en ambos municipios, que pretenden analizar la convivencia de la quinta generaci\u00f3n de tecnolog\u00eda m\u00f3vil con la TDT en la banda de 700 MHz, realizar las actuaciones de mitigaci\u00f3n necesarias y adquirir conocimientos para resolver las posibles incompatibilidades.<\/p>\n<p>La realizaci\u00f3n del ensayo se desarrolla de manera previa a la asignaci\u00f3n de estas frecuencias, que tendr\u00e1 lugar el pr\u00f3ximo mes de julio. Una vez adjudicadas, los operadores de telecomunicaciones podr\u00e1n desplegar redes y servicios 5G de manera m\u00e1s extensa.<\/p>\n<h2>Evaluaci\u00f3n de la TDT<\/h2>\n<p>El ensayo tendr\u00e1 una duraci\u00f3n prevista de cuatro semanas, aunque podr\u00eda reducirse si se obtiene informaci\u00f3n concluyente en menos tiempo. Durante este periodo, se evaluar\u00e1n diferentes tipos de instalaciones de recepci\u00f3n TDT, tanto en un entorno urbano como rural, de forma que los datos obtenidos permitan extrapolar las conclusiones a nivel nacional.<\/p>\n<p>Tanto en Alc\u00e1zar de San Juan como en La Solana existe una muestra representativa de todos los tipos de instalaciones de recepci\u00f3n existentes en Espa\u00f1a. Los ciudadanos que necesiten m\u00e1s informaci\u00f3n o experimenten alguna incidencia en la recepci\u00f3n de la TDT durante la ejecuci\u00f3n del proyecto piloto pueden contactar con los tel\u00e9fonos 910 88 98 79 y 901 20 10 04.<\/p>\n<p>El impulso del 5G es una de las prioridades recogidas en el <a href=\"https:\/\/www.casadomo.com\/2021\/06\/17\/comision-europea-aprueba-plan-recuperacion-espana-inversion-69-500-millones\">Plan de Recuperaci\u00f3n, Transformaci\u00f3n y Resiliencia espa\u00f1ol<\/a>. Para acelerar el despliegue de esta tecnolog\u00eda, el Gobierno present\u00f3 en diciembre de 2020 un <a href=\"https:\/\/portal.mineco.gob.es\/RecursosNoticia\/mineco\/prensa\/noticias\/2020\/201201_np_impulso5G.pdf\" target=\"_blank\" rel=\"noopener\">plan<\/a> dotado con 2.000 millones de euros hasta 2025, de los que 1.500 millones est\u00e1n incluidos en el Plan de Recuperaci\u00f3n.<\/p>\n<p>La entrada <a rel=\"nofollow\" href=\"https:\/\/www.casadomo.com\/2021\/06\/23\/pruebas-compatibilidad-5g-tdt-banda-700-mhz-alcazar-san-juan-la-solana\">Pruebas de compatibilidad entre 5G y TDT en la banda de 700 MHz en Alc\u00e1zar de San Juan y La Solana<\/a> aparece primero en <a rel=\"nofollow\" href=\"https:\/\/www.casadomo.com\/\">CASADOMO<\/a>.<\/p>\n<\/div>\n","protected":false},"excerpt":{"rendered":"<p>En los municipios de Alc\u00e1zar de San Juan y La Solana (Ciudad Real) se ha comenzado un ensayo con el objetivo de evaluar si el uso de la banda de 700 MHz para el despliegue del 5G puede tener alguna influencia en las emisiones de la Televisi\u00f3n Digital Terrestre (TDT) que utilizan la banda de &hellip; <a href=\"https:\/\/domosistemas.com\/?p=14212\" class=\"more-link\">Sigue leyendo <span class=\"screen-reader-text\">Pruebas de compatibilidad entre 5G y TDT en la banda de 700 MHz en Alc\u00e1zar de San Juan y La Solana<\/span><\/a><\/p>\n","protected":false},"author":1,"featured_media":0,"comment_status":"closed","ping_status":"closed","sticky":false,"template":"","format":"standard","meta":{"footnotes":""},"categories":[3],"tags":[],"class_list":["post-14212","post","type-post","status-publish","format-standard","hentry","category-casadomo-com"],"_links":{"self":[{"href":"https:\/\/domosistemas.com\/index.php?rest_route=\/wp\/v2\/posts\/14212","targetHints":{"allow":["GET"]}}],"collection":[{"href":"https:\/\/domosistemas.com\/index.php?rest_route=\/wp\/v2\/posts"}],"about":[{"href":"https:\/\/domosistemas.com\/index.php?rest_route=\/wp\/v2\/types\/post"}],"author":[{"embeddable":true,"href":"https:\/\/domosistemas.com\/index.php?rest_route=\/wp\/v2\/users\/1"}],"replies":[{"embeddable":true,"href":"https:\/\/domosistemas.com\/index.php?rest_route=%2Fwp%2Fv2%2Fcomments&post=14212"}],"version-history":[{"count":0,"href":"https:\/\/domosistemas.com\/index.php?rest_route=\/wp\/v2\/posts\/14212\/revisions"}],"wp:attachment":[{"href":"https:\/\/domosistemas.com\/index.php?rest_route=%2Fwp%2Fv2%2Fmedia&parent=14212"}],"wp:term":[{"taxonomy":"category","embeddable":true,"href":"https:\/\/domosistemas.com\/index.php?rest_route=%2Fwp%2Fv2%2Fcategories&post=14212"},{"taxonomy":"post_tag","embeddable":true,"href":"https:\/\/domosistemas.com\/index.php?rest_route=%2Fwp%2Fv2%2Ftags&post=14212"}],"curies":[{"name":"wp","href":"https:\/\/api.w.org\/{rel}","templated":true}]}}