{"id":14251,"date":"2021-06-29T02:00:51","date_gmt":"2021-06-29T02:00:51","guid":{"rendered":"https:\/\/domosistemas.com\/?p=14251"},"modified":"2021-06-29T02:00:51","modified_gmt":"2021-06-29T02:00:51","slug":"manifestacion-de-interes-para-identificar-proyectos-de-investigacion-para-el-impulso-del-5g-y-el-6g","status":"publish","type":"post","link":"https:\/\/domosistemas.com\/?p=14251","title":{"rendered":"Manifestaci\u00f3n de inter\u00e9s para identificar proyectos de investigaci\u00f3n para el impulso del 5G y el 6G"},"content":{"rendered":"<div>\n<p>El Ministerio de Asuntos Econ\u00f3micos y Transformaci\u00f3n Digital (<a href=\"https:\/\/portal.mineco.gob.es\/es-es\/Paginas\/default.aspx\" target=\"_blank\" rel=\"noopener\">Mineco<\/a>) ha publicado una <a href=\"https:\/\/portal.mineco.gob.es\/es-es\/ministerio\/participacionpublica\/consultapublica\/Paginas\/mdi-desarrollo-ecosistemas.aspx\" target=\"_blank\" rel=\"noopener\">manifestaci\u00f3n de inter\u00e9s<\/a> para identificar y localizar proyectos de investigaci\u00f3n e innovaci\u00f3n solventes en el \u00e1mbito del 5G y el 6G. El plazo de presentaci\u00f3n de solicitudes finalizar\u00e1 el 9 de julio de 2021.<\/p>\n<figure id=\"attachment_92624\" aria-describedby=\"caption-attachment-92624\" style=\"width: 800px\" class=\"wp-caption aligncenter\"><img decoding=\"async\" loading=\"lazy\" class=\"wp-image-92624 size-full\" src=\"https:\/\/static.casadomo.com\/media\/2021\/06\/mineco-manifestacion-interes-proyectos-impulso-5g-1.png\" alt=\"Manifestaci\u00f3n de inter\u00e9s 5G.\" width=\"800\" height=\"424\" srcset=\"https:\/\/static.casadomo.com\/media\/2021\/06\/mineco-manifestacion-interes-proyectos-impulso-5g-1.png 800w, https:\/\/static.casadomo.com\/media\/2021\/06\/mineco-manifestacion-interes-proyectos-impulso-5g-1-300x159.png 300w, https:\/\/static.casadomo.com\/media\/2021\/06\/mineco-manifestacion-interes-proyectos-impulso-5g-1-768x407.png 768w, https:\/\/static.casadomo.com\/media\/2021\/06\/mineco-manifestacion-interes-proyectos-impulso-5g-1-180x95.png 180w\" sizes=\"auto, (max-width: 800px) 100vw, 800px\"><figcaption id=\"caption-attachment-92624\" class=\"wp-caption-text\">La manifestaci\u00f3n de inter\u00e9s se enmarca en el Plan de Recuperaci\u00f3n espa\u00f1ol, que destinar\u00e1 1.500 millones de euros para el impulso de la tecnolog\u00eda 5G en Espa\u00f1a.<\/figcaption><\/figure>\n<p>Esta manifestaci\u00f3n se enmarca en el <a href=\"https:\/\/www.casadomo.com\/2021\/06\/17\/comision-europea-aprueba-plan-recuperacion-espana-inversion-69-500-millones\">Plan de Recuperaci\u00f3n, Transformaci\u00f3n y Resiliencia espa\u00f1ol<\/a>, concretamente en el <a href=\"https:\/\/www.lamoncloa.gob.es\/temas\/fondos-recuperacion\/Documents\/16062021-Componente15.pdf\" target=\"_blank\" rel=\"noopener\">Componente 15<\/a> \u2018Conectividad Digital, impulso de la ciberseguridad y despliegue del 5G\u2019, cuyo objetivo es liderar el despliegue tecnol\u00f3gico de 5G e impulsar el desarrollo de 6G en Europa, tanto en relaci\u00f3n con las infraestructuras como en lo que respecta a la innovaci\u00f3n tecnol\u00f3gica en sectores tractores. Para ello, el Plan de Recuperaci\u00f3n tiene previsto invertir 1.500 millones de euros en el impulso de la tecnolog\u00eda 5G en Espa\u00f1a.<\/p>\n<p>La manifestaci\u00f3n de inter\u00e9s se dirige tanto a las universidades p\u00fablicas como a los organismos p\u00fablicos de investigaci\u00f3n que hayan participado en programas internacionales de m\u00e1ximo nivel cient\u00edfico en tecnolog\u00eda 5G, que deber\u00e1n estar detallados en la documentaci\u00f3n presentada. Tambi\u00e9n deben especificar si permiten la colaboraci\u00f3n p\u00fablico-privada, especialmente con pymes.<\/p>\n<h2>Requisitos de los proyectos<\/h2>\n<p>Entre los requisitos establecidos, las propuestas deben recoger los beneficios previstos para el territorio donde se lleve a cabo el proyecto y el impacto que tendr\u00edan para la creaci\u00f3n de empleo directo e indirecto. Asimismo, las manifestaciones de inter\u00e9s deber\u00e1n indicar si se incluye planes de atracci\u00f3n del talento tanto a nivel nacional como internacional y promoci\u00f3n de los Grados, M\u00e1steres y Doctorados relacionados con las Telecomunicaciones.<\/p>\n<p>Por otro lado, las propuestas deben incluir un Plan de fomento de la igualdad efectiva entre hombres y mujeres y deben estar alineados con la agenda estrat\u00e9gica europea de investigaci\u00f3n e innovaci\u00f3n del 5G y 6G, en particular con la Joint Undertaking on Smart Networks and Services de la Uni\u00f3n Europea.<\/p>\n<p>Esta iniciativa tiene como objetivo que los pa\u00edses europeos desarrollen capacidades de investigaci\u00f3n e innovaci\u00f3n en el \u00e1mbito de 6G y para el despliegue de sistemas de 5G avanzado, fortaleciendo las bases de los futuros servicios digitales.<\/p>\n<p>Los interesados en presentar propuestas pueden hacerlo hasta el 9 de julio, a las 23:59 horas, a trav\u00e9s de este <a href=\"https:\/\/forma.administracionelectronica.gob.es\/form\/open\/corp\/6413\/TxoR\" target=\"_blank\" rel=\"noopener\">enlace<\/a>.<\/p>\n<p>La entrada <a rel=\"nofollow\" href=\"https:\/\/www.casadomo.com\/2021\/06\/29\/manifestacion-interes-identificar-proyectos-investigacion-impulso-5g-6g\">Manifestaci\u00f3n de inter\u00e9s para identificar proyectos de investigaci\u00f3n para el impulso del 5G y el 6G<\/a> aparece primero en <a rel=\"nofollow\" href=\"https:\/\/www.casadomo.com\/\">CASADOMO<\/a>.<\/p>\n<\/div>\n","protected":false},"excerpt":{"rendered":"<p>El Ministerio de Asuntos Econ\u00f3micos y Transformaci\u00f3n Digital (Mineco) ha publicado una manifestaci\u00f3n de inter\u00e9s para identificar y localizar proyectos de investigaci\u00f3n e innovaci\u00f3n solventes en el \u00e1mbito del 5G y el 6G. El plazo de presentaci\u00f3n de solicitudes finalizar\u00e1 el 9 de julio de 2021. La manifestaci\u00f3n de inter\u00e9s se enmarca en el Plan &hellip; <a href=\"https:\/\/domosistemas.com\/?p=14251\" class=\"more-link\">Sigue leyendo <span class=\"screen-reader-text\">Manifestaci\u00f3n de inter\u00e9s para identificar proyectos de investigaci\u00f3n para el impulso del 5G y el 6G<\/span><\/a><\/p>\n","protected":false},"author":1,"featured_media":0,"comment_status":"closed","ping_status":"closed","sticky":false,"template":"","format":"standard","meta":{"footnotes":""},"categories":[3],"tags":[],"class_list":["post-14251","post","type-post","status-publish","format-standard","hentry","category-casadomo-com"],"_links":{"self":[{"href":"https:\/\/domosistemas.com\/index.php?rest_route=\/wp\/v2\/posts\/14251","targetHints":{"allow":["GET"]}}],"collection":[{"href":"https:\/\/domosistemas.com\/index.php?rest_route=\/wp\/v2\/posts"}],"about":[{"href":"https:\/\/domosistemas.com\/index.php?rest_route=\/wp\/v2\/types\/post"}],"author":[{"embeddable":true,"href":"https:\/\/domosistemas.com\/index.php?rest_route=\/wp\/v2\/users\/1"}],"replies":[{"embeddable":true,"href":"https:\/\/domosistemas.com\/index.php?rest_route=%2Fwp%2Fv2%2Fcomments&post=14251"}],"version-history":[{"count":0,"href":"https:\/\/domosistemas.com\/index.php?rest_route=\/wp\/v2\/posts\/14251\/revisions"}],"wp:attachment":[{"href":"https:\/\/domosistemas.com\/index.php?rest_route=%2Fwp%2Fv2%2Fmedia&parent=14251"}],"wp:term":[{"taxonomy":"category","embeddable":true,"href":"https:\/\/domosistemas.com\/index.php?rest_route=%2Fwp%2Fv2%2Fcategories&post=14251"},{"taxonomy":"post_tag","embeddable":true,"href":"https:\/\/domosistemas.com\/index.php?rest_route=%2Fwp%2Fv2%2Ftags&post=14251"}],"curies":[{"name":"wp","href":"https:\/\/api.w.org\/{rel}","templated":true}]}}