{"id":14528,"date":"2021-08-11T13:10:00","date_gmt":"2021-08-11T13:10:00","guid":{"rendered":"https:\/\/domosistemas.com\/?p=14528"},"modified":"2021-08-11T13:10:00","modified_gmt":"2021-08-11T13:10:00","slug":"llega-la-primera-ola-de-calor-de-2021-esto-es-lo-que-te-costara-dejar-el-aire-acondicionado-encendido-todo-el-dia","status":"publish","type":"post","link":"https:\/\/domosistemas.com\/?p=14528","title":{"rendered":"Llega la primera ola de calor de 2021: esto es lo que te costar\u00e1 dejar el aire acondicionado encendido todo el d\u00eda"},"content":{"rendered":"<div>\n<p>\n      <img decoding=\"async\" src=\"https:\/\/i.blogs.es\/3f374b\/alexandre-lecocq-epghieczhni-unsplash-copiar-\/1024_2000.jpg\" alt=\"Llega la primera ola de calor de 2021: esto es lo que te costar\u00e1 dejar el aire acondicionado encendido todo el d\u00eda\">\n    <\/p>\n<p>Ya est\u00e1 aqu\u00ed la primera <strong>gran ola de calor de 2021<\/strong>, un acontecimiento climatol\u00f3gico que nos trae temperaturas r\u00e9cord tanto fuera como dentro de casa. Si contamos con aire acondicionado o estamos pensando en <a href=\"https:\/\/www.xataka.com\/seleccion\/aire-acondicionado-portatil-barato-cinco-pinguinos-200-euros-para-combatir-ola-calor\">comprar un modelo para pasar estos d\u00edas<\/a>, probablemente sea el mejor sistema para refrigerar la vivienda de forma r\u00e1pida, eficiente y con el que mantener una temperatura agradable, aunque <strong>esta comodidad tiene un coste.<\/strong><\/p>\n<p><!-- BREAK 1 --><\/p>\n<p>Con el <a href=\"https:\/\/www.xataka.com\/energia\/nueva-factura-luz-esta-activa-preguntas-respuestas-como-nos-afecta-cambio-tarifa\">precio de la energ\u00eda el\u00e9ctrica disparado<\/a>, tambi\u00e9n batiendo registro tras registro en las \u00faltimas semanas, ni la <a href=\"https:\/\/www.xatakahome.com\/iluminacion-y-energia\/hoy-entra-vigor-nueva-factura-luz-estas-horas-donde-tu-consumo-electrico-sera-barato\">nueva factura de la luz<\/a> puede ayudarnos a rebajar el gasto que supone <strong>tener el aire acondicionado todo el d\u00eda encendido en casa<\/strong>. \u00bfDe verdad es tan caro usarlo?<\/p>\n<p><!-- BREAK 2 --><!--more--><\/p>\n<p>A continuaci\u00f3n vamos a calcular cu\u00e1nto se puede llegar a suponer tener el sistema de <strong>aire acondicionado encendido permanentemente en casa<\/strong> en el peor de los casos posibles (el m\u00e1s caro) y teniendo en cuenta algunas consideraciones previas. Por ejemplo, vamos a suponer que contamos con un modelo de gama media con un consumo el\u00e9ctrico que ronda los <strong>1.000 vatios (1 KWh) a pleno rendimiento<\/strong>. Puede que el modelo concreto que tengas en casa supere esta cifra o quede por debajo, dependiendo de su eficiencia y de los a\u00f1os que tenga.<\/p>\n<p><!-- BREAK 3 --><\/p>\n<p>Adem\u00e1s, probablemente si se trata de uno de tipo Inverter o <a href=\"https:\/\/www.xataka.com\/domotica-1\/guia-compras-para-hacernos-aire-acondicionado-inteligente-aspectos-tener-cuenta-opciones-mercado\">un modelo con funcionamiento inteligente<\/a> no est\u00e9 todo el rato funcionando a la m\u00e1xima potencia, sino que tendr\u00e1 <strong>ciclos intermedios con un consumo mucho m\u00e1s reducido<\/strong> que bajar\u00e1 f\u00e1cilmente al 30 o 40%. Pero a efectos de estos c\u00e1lculos, nos pondremos en el peor de los casos como hemos dicho antes.<\/p>\n<p><!-- BREAK 4 --><\/p>\n<p>Tambi\u00e9n vamos a suponer que tenemos <strong>un solo aparato de aire acondicionado<\/strong> en casa. Si contamos con m\u00e1s instalados pues tendremos luego que multiplicar por el n\u00famero de equipos totales que se ajuste a nuestro caso concreto. Adem\u00e1s, consideraremos que va a estar <strong>funcionando durante esta ola de calor las 24 horas de d\u00eda<\/strong>, algo que probablemente no ser\u00e1 verdad, ya que por las noches podemos apagarlo o dejarlo encendido de forma intermitente gastado menos, pero otra vez vamos a ponernos en el m\u00e1ximo consumo posible.<\/p>\n<p><!-- BREAK 5 --><\/p>\n<div class=\"article-asset-video article-asset-normal\">\n<div class=\"asset-content\">\n<div class=\"base-asset-video\">\n<div class=\"js-dailymotion\">\n    <script type=\"application\/json\">\n     {\"videoId\":\"x81h7p2\",\"autoplay\":true,\"title\":\"NUEVA FACTURA DE LA LUZ: TODO LO QUE DEBES SABER para AHORRAR AL M\u00c1XIMO\"}\n    <\/script>\n   <\/div>\n<\/p><\/div>\n<\/p><\/div>\n<\/div>\n<h2>Comenzamos los c\u00e1lculos<\/h2>\n<p>Muy bien, para empezar, lo primero que tenemos que hacer es averiguar el <strong>coste por cada KWh de la electricidad<\/strong> que vamos a consumir, cifra que varia cada hora del d\u00eda y que depender\u00e1 de cada compa\u00f1\u00eda el\u00e9ctrica, pero que podemos promediar hoy, en el momento de escribir estas l\u00edneas, con los siguientes valores atendiendo a lo marcado en la <a href=\"https:\/\/www.esios.ree.es\/es\/pvpc\">p\u00e1gina web de la Red El\u00e9ctrica Espa\u00f1ola<\/a> en los tres tramos fijados: \u00abpunta, llano y valle\u00bb:<\/p>\n<p><!-- BREAK 6 --><\/p>\n<ul>\n<li>Coste en horario valle: <strong>0,13\u20ac\/kWh<\/strong>\n<\/li>\n<li>Coste en horario llano: <strong>0,18\u20ac\/kWh<\/strong>\n<\/li>\n<li>Coste en horario punta: <strong>0,27\u20ac\/kWh<\/strong>\n<\/li>\n<\/ul>\n<div class=\"article-asset-image article-asset-large\">\n<div class=\"asset-content\">\n<div class=\"base-wrapper-image\" style=\"padding-top:43.645773433007%;\">\n<p>  <img decoding=\"async\" alt=\"Precio Luz\" class=\"centro_sinmarco\" src=\"https:\/\/i.blogs.es\/5f3858\/precio-luz\/450_1000.jpg\"><\/p><\/div>\n<\/p><\/div>\n<\/div>\n<p>El periodo punta es durante el que el coste de los peajes y los cargos ser\u00e1 m\u00e1s alto, <strong>dura 8 horas<\/strong> y est\u00e1 comprendido entre las <strong>10 y las 14 horas y las 18 y 22 horas<\/strong>. El tramo llano dura <strong>otras 8 horas<\/strong>, tiene un coste intermedio y se sit\u00faa entre las <strong>8 y las 10 horas, las 14 y las 18 horas y entre las 22 y 24 horas<\/strong>. Por \u00faltimo tendremos la tarifa valle, otras <strong>8 horas<\/strong> que es el periodo m\u00e1s barato y comprende <strong>entre la medianoche y las 8 de la ma\u00f1ana<\/strong> as\u00ed como durante todas las horas de los fines de semana y festivos.<\/p>\n<p><!-- BREAK 7 --><\/p>\n<p>Teniendo en cuenta todo esto, nuestro aparato de aire acondicionado de 1 KWh estar\u00e1 encendido cada d\u00eda 8 horas con un consumo de <strong>0,13\u20ac\/kWh<\/strong>, otras 8 horas con un consumo de <strong>0,18\u20ac\/kWh<\/strong> y otras 8 horas gastando a raz\u00f3n de <strong>0,27\u20ac\/kWh<\/strong>. Esto supone unos <strong>1,04 euros, 1,44 euros y 2,16 euros respectivamente<\/strong>, lo que sumados nos da una cifra que ronda los <strong>4,64 euros<\/strong>.<\/p>\n<p><!-- BREAK 8 --><\/p>\n<div class=\"article-asset-image article-asset-normal\">\n<div class=\"asset-content\">\n<div class=\"base-wrapper-image\" style=\"padding-top:55.331088664422%;\">\n<p>  <img decoding=\"async\" alt=\"Precio Luz\" class=\"centro_sinmarco\" src=\"https:\/\/i.blogs.es\/3478ac\/precio-luz\/450_1000.png\"><\/p><\/div>\n<\/p><\/div>\n<\/div>\n<p>Recordemos que esta cifra es en el peor de los casos con un aire que est\u00e1 funcionando todo el d\u00eda sin descansar y con un consumo medio de 1.000 vatios, por lo que puede que en vuestros casos particulares <strong>la cifra sea algo diferente<\/strong>.<\/p>\n<p><!-- BREAK 9 --><\/p>\n<div class=\"article-asset article-asset-normal article-asset-center\">\n<div class=\"desvio-container\">\n<div class=\"desvio\">\n<div class=\"desvio-figure js-desvio-figure\">\n    <a href=\"https:\/\/www.xataka.com\/seleccion\/aire-acondicionado-portatil-barato-cinco-pinguinos-200-euros-para-combatir-ola-calor\" target='\"_blank\"' rel=\"noopener\"><br \/>\n     <img decoding=\"async\" alt='Compra un acondicionado port\u00e1til barato: cinco \"ping\u00fcinos\" de menos de 200 euros para combatir la ola de calor' src=\"https:\/\/i.blogs.es\/eee1a4\/cornelius-ventures-xw0qdcserpo-unsplash\/375_142.jpg\"><br \/>\n    <\/a>\n   <\/div>\n<div class=\"desvio-summary\">\n<div class=\"desvio-taxonomy js-desvio-taxonomy\">\n     <a href=\"https:\/\/www.xataka.com\/seleccion\/aire-acondicionado-portatil-barato-cinco-pinguinos-200-euros-para-combatir-ola-calor\" class=\"desvio-taxonomy-anchor m-crosspost\" target='\"_blank\"' rel=\"noopener\">En Xataka<\/a>\n    <\/div>\n<p>    <a href=\"https:\/\/www.xataka.com\/seleccion\/aire-acondicionado-portatil-barato-cinco-pinguinos-200-euros-para-combatir-ola-calor\" class=\"desvio-title js-desvio-title\" target='\"_blank\"' rel=\"noopener\">Compra un acondicionado port\u00e1til barato: cinco \u00abping\u00fcinos\u00bb de menos de 200 euros para combatir la ola de calor<\/a>\n   <\/div>\n<\/p><\/div>\n<\/p><\/div>\n<\/div>\n<h2>C\u00f3mo rebajar el gasto sin renunciar al aire<\/h2>\n<div class=\"article-asset-image article-asset-normal\">\n<div class=\"asset-content\">\n<div class=\"base-wrapper-image\" style=\"padding-top:65.300146412884%;\">\n<p>  <img decoding=\"async\" alt=\"ventilador\" class=\"centro_sinmarco\" src=\"https:\/\/i.blogs.es\/71a74f\/1366_2000\/450_1000.jpg\"><\/p><\/div>\n<\/p><\/div>\n<\/div>\n<p>Puede no parecer mucho, pero si como dec\u00edamos antes tenemos varios equipos encendidos, la cantidad se puede disparar. Adem\u00e1s, tenemos que considerar que esto es cada d\u00eda, por lo que si la ola de calor dura 4 o 5 d\u00edas podemos estar hablando de <strong>unos 24 euros adicionales<\/strong> en nuestra pr\u00f3xima factura. <\/p>\n<p><!-- BREAK 10 --><\/p>\n<p>\u00bfSe puede rebajar el gasto? Pues podemos tratar de programar los equipos para que funcionen con una t<strong>emperatura objetivo m\u00e1s baja en los periodos de menor coste<\/strong> y con una temperatura mayor cuando el precio es m\u00e1s elevado. Por ejemplo, podemos hacerlos trabajar al m\u00e1ximo durante la noche y en horario llano con temperaturas por debajo de esos 25 grados te\u00f3ricamente ideales y luego subir la temperatura en los horarios punta hasta los 26-27 grados.<\/p>\n<p><!-- BREAK 11 --><\/p>\n<p>Tambi\u00e9n podemos configurar temperaturas m\u00e1s elevadas de lo habitual y complementar la refrigeraci\u00f3n con alg\u00fan <a href=\"https:\/\/www.xatakahome.com\/electrodomesticos-innovadores\/cinco-ventiladores-modo-silencio-para-conciliar-sueno-noches-calor\">ventilador tradicional<\/a> que con un <strong>consumo generalmente mucho m\u00e1s reducido<\/strong> nos ayudar\u00e1 a tener una sensaci\u00f3n t\u00e9rmica m\u00e1s confortable<\/p>\n<p><!-- BREAK 12 --><\/p>\n<p>Foto portada | <a href=\"https:\/\/unsplash.com\/@alexfromindia\">Alexandre Lecocq<\/a><\/p>\n<p><script>\n (function() {\n  window._JS_MODULES = window._JS_MODULES || {};\n  var headElement = document.getElementsByTagName('head')[0];\n  if (_JS_MODULES.instagram) {\n   var instagramScript = document.createElement('script');\n   instagramScript.src = 'https:\/\/platform.instagram.com\/en_US\/embeds.js';\n   instagramScript.async = true;\n   instagramScript.defer = true;\n   headElement.appendChild(instagramScript);\n  }\n })();\n<\/script><\/p>\n<p> &#8211; <br \/> La noticia<br \/>\n      <a href=\"https:\/\/www.xatakahome.com\/electrodomesticos-innovadores\/llega-primera-ola-calor-2021-esto-que-te-costara-dejar-aire-acondicionado-encendido-todo-dia?utm_source=feedburner&amp;utm_medium=feed&amp;utm_campaign=11_Aug_2021\"><br \/>\n       <em> Llega la primera ola de calor de 2021: esto es lo que te costar\u00e1 dejar el aire acondicionado encendido todo el d\u00eda <\/em><br \/>\n      <\/a><br \/>\n      fue publicada originalmente en<br \/>\n      <a href=\"https:\/\/www.xatakahome.com\/?utm_source=feedburner&amp;utm_medium=feed&amp;utm_campaign=11_Aug_2021\"><br \/>\n       <strong> Xataka Smart Home <\/strong><br \/>\n      <\/a><br \/>\n            por <a href=\"https:\/\/www.xatakahome.com\/autor\/paco-rodriguez?utm_source=feedburner&amp;utm_medium=feed&amp;utm_campaign=11_Aug_2021\"><br \/>\n       Paco Rodriguez<br \/>\n      <\/a><br \/>\n      . <\/p>\n<div class=\"feedflare\">\n<a href=\"http:\/\/feeds.weblogssl.com\/~ff\/Xatakahome?a=2WZOtRbBWJA:ftU-WLGMklg:yIl2AUoC8zA\"><img decoding=\"async\" src=\"http:\/\/feeds.feedburner.com\/~ff\/Xatakahome?d=yIl2AUoC8zA\" border=\"0\"><\/a>\n<\/div>\n<p><img loading=\"lazy\" decoding=\"async\" src=\"http:\/\/feeds.feedburner.com\/~r\/Xatakahome\/~4\/2WZOtRbBWJA\" height=\"1\" width=\"1\" alt=\"\">\n<\/div>\n","protected":false},"excerpt":{"rendered":"<p>Ya est\u00e1 aqu\u00ed la primera gran ola de calor de 2021, un acontecimiento climatol\u00f3gico que nos trae temperaturas r\u00e9cord tanto fuera como dentro de casa. Si contamos con aire acondicionado o estamos pensando en comprar un modelo para pasar estos d\u00edas, probablemente sea el mejor sistema para refrigerar la vivienda de forma r\u00e1pida, eficiente y &hellip; <a href=\"https:\/\/domosistemas.com\/?p=14528\" class=\"more-link\">Sigue leyendo <span class=\"screen-reader-text\">Llega la primera ola de calor de 2021: esto es lo que te costar\u00e1 dejar el aire acondicionado encendido todo el d\u00eda<\/span><\/a><\/p>\n","protected":false},"author":1,"featured_media":0,"comment_status":"closed","ping_status":"closed","sticky":false,"template":"","format":"standard","meta":{"footnotes":""},"categories":[8],"tags":[],"class_list":["post-14528","post","type-post","status-publish","format-standard","hentry","category-xataka"],"_links":{"self":[{"href":"https:\/\/domosistemas.com\/index.php?rest_route=\/wp\/v2\/posts\/14528","targetHints":{"allow":["GET"]}}],"collection":[{"href":"https:\/\/domosistemas.com\/index.php?rest_route=\/wp\/v2\/posts"}],"about":[{"href":"https:\/\/domosistemas.com\/index.php?rest_route=\/wp\/v2\/types\/post"}],"author":[{"embeddable":true,"href":"https:\/\/domosistemas.com\/index.php?rest_route=\/wp\/v2\/users\/1"}],"replies":[{"embeddable":true,"href":"https:\/\/domosistemas.com\/index.php?rest_route=%2Fwp%2Fv2%2Fcomments&post=14528"}],"version-history":[{"count":0,"href":"https:\/\/domosistemas.com\/index.php?rest_route=\/wp\/v2\/posts\/14528\/revisions"}],"wp:attachment":[{"href":"https:\/\/domosistemas.com\/index.php?rest_route=%2Fwp%2Fv2%2Fmedia&parent=14528"}],"wp:term":[{"taxonomy":"category","embeddable":true,"href":"https:\/\/domosistemas.com\/index.php?rest_route=%2Fwp%2Fv2%2Fcategories&post=14528"},{"taxonomy":"post_tag","embeddable":true,"href":"https:\/\/domosistemas.com\/index.php?rest_route=%2Fwp%2Fv2%2Ftags&post=14528"}],"curies":[{"name":"wp","href":"https:\/\/api.w.org\/{rel}","templated":true}]}}