{"id":14598,"date":"2021-09-01T09:08:35","date_gmt":"2021-09-01T09:08:35","guid":{"rendered":"https:\/\/domosistemas.com\/?p=14598"},"modified":"2021-09-01T09:08:35","modified_gmt":"2021-09-01T09:08:35","slug":"benq-estrena-proyector-portatil-el-gv30-llega-con-resolucion-720p-y-sistema-de-sonido-2-1-integrado","status":"publish","type":"post","link":"https:\/\/domosistemas.com\/?p=14598","title":{"rendered":"BenQ estrena proyector port\u00e1til: el GV30 llega con resoluci\u00f3n 720p y sistema de sonido 2.1 integrado"},"content":{"rendered":"<div>\n<p>\n      <img decoding=\"async\" src=\"https:\/\/i.blogs.es\/d7f19d\/portable-gv30-sense-the-sound\/1024_2000.jpg\" alt=\"BenQ estrena proyector port\u00e1til: el GV30 llega con resoluci\u00f3n 720p y sistema de sonido 2.1 integrado\">\n    <\/p>\n<p><strong>BenQ<\/strong> ha anunciado la llegada a su cat\u00e1logo de un nuevo <strong>proyector port\u00e1til<\/strong> enfocado a usuarios que buscan un <strong>equipo todo en uno<\/strong> que puedan trasladar f\u00e1cilmente para reproducir contenidos de forma directa.<\/p>\n<p><!-- BREAK 1 --><\/p>\n<p>Es el <strong>GV30<\/strong>, un modelo con una peculiar forma circular con un asa en la parte superior y una base o soporte inferior, montando en su interior un sistema de proyecci\u00f3n para im\u00e1genes de <strong>hasta 100 pulgadas<\/strong>.<\/p>\n<p><!-- BREAK 2 --><!--more--><\/p>\n<div class=\"article-asset-image article-asset-normal\">\n<div class=\"asset-content\">\n<div class=\"base-wrapper-image\" style=\"padding-top:100%;\">\n<p>  <img decoding=\"async\" alt=\"Portable Gv30 Gallery02\" class=\"centro_sinmarco\" src=\"https:\/\/i.blogs.es\/16c5af\/portable-gv30-gallery02\/450_1000.jpg\"><\/p><\/div>\n<\/p><\/div>\n<\/div>\n<p>Con resoluci\u00f3n ya algo escasa de solo <strong>HD-Ready o 720p<\/strong>, el dispositivo puede generar una potencia luminosa de <strong>300 l\u00famenes<\/strong>, ofreciendo la posibilidad de elevar la imagen con un \u00e1ngulo de hasta 135 grados para adaptarse a la superficie de proyecci\u00f3n.<\/p>\n<p><!-- BREAK 3 --><\/p>\n<div class=\"article-asset-video article-asset-normal\">\n<div class=\"asset-content\">\n<div class=\"base-asset-video\">\n<div class=\"js-dailymotion\">\n    <script type=\"application\/json\">\n     {\"videoId\":\"x82yv7z\",\"autoplay\":true,\"title\":\"MEJORA EL SONIDO DE TU TV sin gastar UN SOLO EURO!!\"}\n    <\/script>\n   <\/div>\n<\/p><\/div>\n<\/p><\/div>\n<\/div>\n<p>Tambi\u00e9n contar\u00e1 con <strong>sistema de sonido 2.1<\/strong> integrado que montar\u00e1 un conjunto est\u00e9reo con dos woofers y dos tweeters para frecuencias medias de 4 vatios acompa\u00f1ados de un <strong>subwoofer de 8 vatios<\/strong> para las bajas frecuencias. La idea del fabricante es que este sistema de sonido pueda usarse para la reproducci\u00f3n de pel\u00edculas, pero tambi\u00e9n <strong>como altavoz Bluetooth aparte<\/strong> sin necesidad de tener que encender el proyector.<\/p>\n<p><!-- BREAK 4 --><\/p>\n<p>El sistema operativo corre a cargo de Android TV, incluyendo el acceso a servicios como <strong>Google TV o Netflix<\/strong> pero tambi\u00e9n ofreciendo compatibilidad con Chromecast y AirPlay.<\/p>\n<p><!-- BREAK 5 --><\/p>\n<div class=\"article-asset-image article-asset-normal\">\n<div class=\"asset-content\">\n<div class=\"base-wrapper-image\" style=\"padding-top:57.075913776945%;\">\n<p>  <img decoding=\"async\" alt=\"Portable Gv30 Key Carry\" class=\"centro_sinmarco\" src=\"https:\/\/i.blogs.es\/bf37ce\/portable-gv30-key-carry\/450_1000.jpg\"><\/p><\/div>\n<\/p><\/div>\n<\/div>\n<p>Cuenta con modos espec\u00edficos para juegos, deportes y m\u00fasica, ofreciendo su bater\u00eda interna una autonom\u00eda de <strong>hasta 2,5 horas<\/strong>. En cuanto a la conectividad, nos encontramos con un <strong>puerto HDMI y USB-C con DisplayPort<\/strong>.<\/p>\n<p><!-- BREAK 6 --><\/p>\n<div class=\"article-asset article-asset-normal article-asset-center\">\n<div class=\"desvio-container\">\n<div class=\"desvio\">\n<div class=\"desvio-figure js-desvio-figure\">\n    <a href=\"https:\/\/www.xataka.com\/seleccion\/guia-compra-proyectores-como-elegir-modelo-ideal-24-modelos-400-24-000-euros\" target='\"_blank\"' rel=\"noopener\"><br \/>\n     <img decoding=\"async\" alt=\"Gu\u00eda de compra de proyectores: c\u00f3mo elegir el modelo ideal y 21 modelos desde 240 hasta 22.000 euros\" src=\"https:\/\/i.blogs.es\/2cf6a8\/proyector\/375_142.jpg\"><br \/>\n    <\/a>\n   <\/div>\n<div class=\"desvio-summary\">\n<div class=\"desvio-taxonomy js-desvio-taxonomy\">\n     <a href=\"https:\/\/www.xataka.com\/seleccion\/guia-compra-proyectores-como-elegir-modelo-ideal-24-modelos-400-24-000-euros\" class=\"desvio-taxonomy-anchor m-crosspost\" target='\"_blank\"' rel=\"noopener\">En Xataka<\/a>\n    <\/div>\n<p>    <a href=\"https:\/\/www.xataka.com\/seleccion\/guia-compra-proyectores-como-elegir-modelo-ideal-24-modelos-400-24-000-euros\" class=\"desvio-title js-desvio-title\" target='\"_blank\"' rel=\"noopener\">Gu\u00eda de compra de proyectores: c\u00f3mo elegir el modelo ideal y 21 modelos desde 240 hasta 22.000 euros<\/a>\n   <\/div>\n<\/p><\/div>\n<\/p><\/div>\n<\/div>\n<h2>Precio y disponibilidad<\/h2>\n<p>El proyector <strong>BenQ GV30<\/strong> ya aparece en la web del fabricante en modo precompra y ya se puede reservar por <strong>599 euros<\/strong>.<\/p>\n<p><!-- BREAK 7 --><\/p>\n<p>M\u00e1s informaci\u00f3n | <a href=\"https:\/\/www.benq.eu\/es-es\/projector\/portable\/gv30.html\">BenQ<\/a><\/p>\n<p><script>\n (function() {\n  window._JS_MODULES = window._JS_MODULES || {};\n  var headElement = document.getElementsByTagName('head')[0];\n  if (_JS_MODULES.instagram) {\n   var instagramScript = document.createElement('script');\n   instagramScript.src = 'https:\/\/platform.instagram.com\/en_US\/embeds.js';\n   instagramScript.async = true;\n   instagramScript.defer = true;\n   headElement.appendChild(instagramScript);\n  }\n })();\n<\/script><\/p>\n<p> &#8211; <br \/> La noticia<br \/>\n      <a href=\"https:\/\/www.xatakahome.com\/televisores\/benq-estrena-proyector-portatil-gv30-llega-resolucion-720p-sistema-sonido-2-1-integrado?utm_source=feedburner&amp;utm_medium=feed&amp;utm_campaign=01_Sep_2021\"><br \/>\n       <em> BenQ estrena proyector port\u00e1til: el GV30 llega con resoluci\u00f3n 720p y sistema de sonido 2.1 integrado <\/em><br \/>\n      <\/a><br \/>\n      fue publicada originalmente en<br \/>\n      <a href=\"https:\/\/www.xatakahome.com\/?utm_source=feedburner&amp;utm_medium=feed&amp;utm_campaign=01_Sep_2021\"><br \/>\n       <strong> Xataka Smart Home <\/strong><br \/>\n      <\/a><br \/>\n            por <a href=\"https:\/\/www.xatakahome.com\/autor\/paco-rodriguez?utm_source=feedburner&amp;utm_medium=feed&amp;utm_campaign=01_Sep_2021\"><br \/>\n       Paco Rodriguez<br \/>\n      <\/a><br \/>\n      . <\/p>\n<div class=\"feedflare\">\n<a href=\"http:\/\/feeds.weblogssl.com\/~ff\/Xatakahome?a=nMrHlbOYb3s:hcLAcF8FPig:yIl2AUoC8zA\"><img decoding=\"async\" src=\"http:\/\/feeds.feedburner.com\/~ff\/Xatakahome?d=yIl2AUoC8zA\" border=\"0\"><\/a>\n<\/div>\n<p><img loading=\"lazy\" decoding=\"async\" src=\"http:\/\/feeds.feedburner.com\/~r\/Xatakahome\/~4\/nMrHlbOYb3s\" height=\"1\" width=\"1\" alt=\"\">\n<\/div>\n","protected":false},"excerpt":{"rendered":"<p>BenQ ha anunciado la llegada a su cat\u00e1logo de un nuevo proyector port\u00e1til enfocado a usuarios que buscan un equipo todo en uno que puedan trasladar f\u00e1cilmente para reproducir contenidos de forma directa. Es el GV30, un modelo con una peculiar forma circular con un asa en la parte superior y una base o soporte &hellip; <a href=\"https:\/\/domosistemas.com\/?p=14598\" class=\"more-link\">Sigue leyendo <span class=\"screen-reader-text\">BenQ estrena proyector port\u00e1til: el GV30 llega con resoluci\u00f3n 720p y sistema de sonido 2.1 integrado<\/span><\/a><\/p>\n","protected":false},"author":1,"featured_media":0,"comment_status":"closed","ping_status":"closed","sticky":false,"template":"","format":"standard","meta":{"footnotes":""},"categories":[8],"tags":[],"class_list":["post-14598","post","type-post","status-publish","format-standard","hentry","category-xataka"],"_links":{"self":[{"href":"https:\/\/domosistemas.com\/index.php?rest_route=\/wp\/v2\/posts\/14598","targetHints":{"allow":["GET"]}}],"collection":[{"href":"https:\/\/domosistemas.com\/index.php?rest_route=\/wp\/v2\/posts"}],"about":[{"href":"https:\/\/domosistemas.com\/index.php?rest_route=\/wp\/v2\/types\/post"}],"author":[{"embeddable":true,"href":"https:\/\/domosistemas.com\/index.php?rest_route=\/wp\/v2\/users\/1"}],"replies":[{"embeddable":true,"href":"https:\/\/domosistemas.com\/index.php?rest_route=%2Fwp%2Fv2%2Fcomments&post=14598"}],"version-history":[{"count":0,"href":"https:\/\/domosistemas.com\/index.php?rest_route=\/wp\/v2\/posts\/14598\/revisions"}],"wp:attachment":[{"href":"https:\/\/domosistemas.com\/index.php?rest_route=%2Fwp%2Fv2%2Fmedia&parent=14598"}],"wp:term":[{"taxonomy":"category","embeddable":true,"href":"https:\/\/domosistemas.com\/index.php?rest_route=%2Fwp%2Fv2%2Fcategories&post=14598"},{"taxonomy":"post_tag","embeddable":true,"href":"https:\/\/domosistemas.com\/index.php?rest_route=%2Fwp%2Fv2%2Ftags&post=14598"}],"curies":[{"name":"wp","href":"https:\/\/api.w.org\/{rel}","templated":true}]}}