{"id":14629,"date":"2021-09-06T07:02:53","date_gmt":"2021-09-06T07:02:53","guid":{"rendered":"https:\/\/domosistemas.com\/?p=14629"},"modified":"2021-09-06T07:02:53","modified_gmt":"2021-09-06T07:02:53","slug":"samsung-amplia-los-tamanos-de-sus-familias-the-frame-y-the-serif-con-modelos-de-85-y-65-pulgadas","status":"publish","type":"post","link":"https:\/\/domosistemas.com\/?p=14629","title":{"rendered":"Samsung ampl\u00eda los tama\u00f1os de sus familias The Frame y The Serif con modelos de 85 y 65 pulgadas"},"content":{"rendered":"<div>\n<p>\n      <img decoding=\"async\" src=\"https:\/\/i.blogs.es\/0e3953\/serif\/1024_2000.jpeg\" alt=\"Samsung ampl\u00eda los tama\u00f1os de sus familias The Frame y The Serif con modelos de 85 y 65 pulgadas\">\n    <\/p>\n<p>Samsung ha anunciado que ampl\u00eda su gama de televisores en dos de sus familias m\u00e1s exclusivas como con son las gamas <a href=\"https:\/\/www.xatakahome.com\/televisores\/televisores-samsung-lifestyle-tv-2020-the-sero-the-serif-the-frame-llegan-a-espana-estos-sus-precios-oficiales\">The Frame y The Serif<\/a>. Dos gamas que cuentan con televisores en distintas pulgadas y que ahora ver\u00e1n llegar <strong>nuevos modelos en 85 y 65 pulgadas<\/strong>.<\/p>\n<p><!-- BREAK 1 --><\/p>\n<p>Se trata de <strong>dos gamas de televisores que la marca engloba en la serie Lifestyle<\/strong> y que ahora ampl\u00edan la oferta que ya ofrec\u00edan en la <a href=\"https:\/\/www.xatakahome.com\/televisores\/televisores-samsung-neo-qled-lifestyle-2021-llegan-a-espana-estas-sus-caracteristicas-precios-oficiales\">gama 2021<\/a> con el objetivo de dar cobertura a los usuarios que buscan un modelo de m\u00e1s tama\u00f1o. En el caso de The Serif para aquellos que encuentren escasas sus 50 pulgadas de tope y con The Frame para cubrir el hueco que ten\u00eda el modelo de 75 pulgadas.<\/p>\n<p><!-- BREAK 2 --><!--more--><\/p>\n<h2>Creciendo en tama\u00f1o<\/h2>\n<div class=\"article-asset-image article-asset-normal\">\n<div class=\"asset-content\">\n<div class=\"base-wrapper-image\" style=\"padding-top:66.691068814056%;\">\n<p>  <img decoding=\"async\" alt=\"Serif\" class=\"centro_sinmarco\" src=\"https:\/\/i.blogs.es\/047483\/serif\/450_1000.jpeg\"><\/p><\/div>\n<\/p><\/div>\n<\/div>\n<p>El Samsung <a href=\"https:\/\/www.xataka.com\/analisis\/samsung-serif-tv-analisis-un-televisor-de-diseno-para-llamar-la-atencion-en-el-salon-de-casa\">The Serif<\/a> ahora mismo <strong>se puede encontrar en tama\u00f1os de 43 y 50 pulgadas<\/strong>, dos tama\u00f1os que ahora se ver\u00e1n acompa\u00f1ados por otra diagonal de mayor tama\u00f1o que alcanzar\u00e1 las 65 pulgadas. Por ahora, en la <a href=\"https:\/\/www.xatakahome.com\/redirect?url=https%3A%2F%2Fwww.samsung.com%2Fes%2Flifestyle-tvs%2Fthe-serif%2Fls01tbu-43-inch-the-serif-4k-smart-tv-cotton-blue-qe43ls01tbuxxc%2F&amp;category=televisores\">web de Samsung<\/a> s\u00f3lo aparecen los modelos m\u00e1s peque\u00f1os.<\/p>\n<p><!-- BREAK 3 --><\/p>\n<div class=\"article-asset article-asset-normal article-asset-center\">\n<div class=\"desvio-container\">\n<div class=\"desvio\">\n<div class=\"desvio-figure js-desvio-figure\">\n    <a href=\"https:\/\/www.xatakahome.com\/televisores\/diferencias-paneles-lcd-edge-direct-fald\"><br \/>\n     <img decoding=\"async\" alt=\"La batalla no s\u00f3lo es LCD versus OLED: en los paneles LCD LED hay importantes diferencias entre Edge LED, Direct LED y FALD\" src=\"https:\/\/i.blogs.es\/bf9cf1\/samsung\/375_142.jpg\"><br \/>\n    <\/a>\n   <\/div>\n<div class=\"desvio-summary\">\n<div class=\"desvio-taxonomy js-desvio-taxonomy\">\n     <a href=\"https:\/\/www.xatakahome.com\/televisores\/diferencias-paneles-lcd-edge-direct-fald\" class=\"desvio-taxonomy-anchor\">En Xataka Smart Home<\/a>\n    <\/div>\n<p>    <a href=\"https:\/\/www.xatakahome.com\/televisores\/diferencias-paneles-lcd-edge-direct-fald\" class=\"desvio-title js-desvio-title\">La batalla no s\u00f3lo es LCD versus OLED: en los paneles LCD LED hay importantes diferencias entre Edge LED, Direct LED y FALD<\/a>\n   <\/div>\n<\/p><\/div>\n<\/p><\/div>\n<\/div>\n<p>Los modelos The Serif de 2021 est\u00e1n disponibles tonalidades como Blanco Nieve y Azul Cielo pero manteniendo el mismo estilo decorativo con y sin la <strong>curiosa peana que le da un aspecto de pizarra virtual<\/strong>. Modelos que hacen uso de un panel QLED 4K y que permiten, gracias al Modo Ambiental, el acceso a informaci\u00f3n, como pueden ser titulares de noticias y actualizaciones del clima, as\u00ed como la capacidad de mostrar im\u00e1genes y mezclarse con la decoraci\u00f3n de la casa.<\/p>\n<p><!-- BREAK 4 --><\/p>\n<div class=\"article-asset-image article-asset-normal\">\n<div class=\"asset-content\">\n<div class=\"base-wrapper-image\" style=\"padding-top:66.691068814056%;\">\n<p>  <img decoding=\"async\" alt=\"Frame\" class=\"centro_sinmarco\" src=\"https:\/\/i.blogs.es\/cbbe33\/frame\/450_1000.jpeg\"><\/p><\/div>\n<\/p><\/div>\n<\/div>\n<p>Samsung tambi\u00e9n tiene en su cat\u00e1logo la gama The Frame en <strong>tama\u00f1os de 43, 50, 55 y 65 pulgadas<\/strong> a los que ahora se suma un nuevo modelo de 85 pulgadas. Un modelo que bajo la apariencia de un televisor normal, permite el uso a modo de  marco de fotos digital. En este sentido se puede acceder a m\u00e1s de 1400 obras de arte digitales en la tienda integrada y personalizar a\u00fan m\u00e1s el aspecto cambiando el marco que lo rodea.<\/p>\n<p><!-- BREAK 5 --><\/p>\n<div class=\"article-asset-video article-asset-normal\">\n<div class=\"asset-content\">\n<div class=\"base-asset-video\">\n<div class=\"js-dailymotion\">\n    <script type=\"application\/json\">\n     {\"videoId\":\"x7zw7r5\",\"autoplay\":true,\"title\":\"MicroLED, MiniLED, OLED, QLED... Aclarando el JALEO de TECNOLOGI\u0301AS de TV\"}\n    <\/script>\n   <\/div>\n<\/p><\/div>\n<\/p><\/div>\n<\/div>\n<h2>Precio y disponibilidad<\/h2>\n<p>El nuevo Samsung The Frame en 85 pulgadas estar\u00e1 <strong>disponible a partir de este mes en Europa<\/strong>, mientras que el The Serif en 65 pulgadas estar\u00e1 <strong>disponible a partir del pr\u00f3ximo mes<\/strong>. Por ahora no hay informaci\u00f3n sobre los precios a los que llegar\u00e1n al mercado.<\/p>\n<p><!-- BREAK 6 --><\/p>\n<ul>\n<li>\n<strong>Samsung The Serif<\/strong>: 43 pulgadas por 899 euros<\/li>\n<li>\n<strong>Samsung The Serif<\/strong>: 49 pulgadas por 1.049 euros<\/li>\n<li>\n<strong>Samsung The Frame<\/strong>: 43 pulgadas por 899 euros<\/li>\n<li>\n<strong>Samsung The Frame<\/strong>: 50 pulgadas por 1.049 euros<\/li>\n<li>\n<strong>Samsung The Frame<\/strong>: 55 pulgadas por 1.199 euros<\/li>\n<li>\n<strong>Samsung The Frame<\/strong>: 65 pulgadas por 1.699 euros<\/li>\n<\/ul>\n<p>V\u00eda |\u00a0<a href=\"https:\/\/www.flatpanelshd.com\/news.php?subaction=showfull&amp;id=1630499115\">FlatPanels<\/a><\/p>\n<p><!-- BREAK 7 --><script>\n (function() {\n  window._JS_MODULES = window._JS_MODULES || {};\n  var headElement = document.getElementsByTagName('head')[0];\n  if (_JS_MODULES.instagram) {\n   var instagramScript = document.createElement('script');\n   instagramScript.src = 'https:\/\/platform.instagram.com\/en_US\/embeds.js';\n   instagramScript.async = true;\n   instagramScript.defer = true;\n   headElement.appendChild(instagramScript);\n  }\n })();\n<\/script><\/p>\n<p> &#8211; <br \/> La noticia<br \/>\n      <a href=\"https:\/\/www.xatakahome.com\/televisores\/samsung-amplia-tamanos-sus-familias-the-frame-the-serif-modelos-85-65-pulgadas?utm_source=feedburner&amp;utm_medium=feed&amp;utm_campaign=06_Sep_2021\"><br \/>\n       <em> Samsung ampl\u00eda los tama\u00f1os de sus familias The Frame y The Serif con modelos de 85 y 65 pulgadas <\/em><br \/>\n      <\/a><br \/>\n      fue publicada originalmente en<br \/>\n      <a href=\"https:\/\/www.xatakahome.com\/?utm_source=feedburner&amp;utm_medium=feed&amp;utm_campaign=06_Sep_2021\"><br \/>\n       <strong> Xataka Smart Home <\/strong><br \/>\n      <\/a><br \/>\n            por <a href=\"https:\/\/www.xatakahome.com\/autor\/jose-antonio-carmona?utm_source=feedburner&amp;utm_medium=feed&amp;utm_campaign=06_Sep_2021\"><br \/>\n       Jose Antonio Carmona<br \/>\n      <\/a><br \/>\n      . <\/p>\n<div class=\"feedflare\">\n<a href=\"http:\/\/feeds.weblogssl.com\/~ff\/Xatakahome?a=HJg01T0GC38:tM7HWSwCeuE:yIl2AUoC8zA\"><img decoding=\"async\" src=\"http:\/\/feeds.feedburner.com\/~ff\/Xatakahome?d=yIl2AUoC8zA\" border=\"0\"><\/a>\n<\/div>\n<p><img loading=\"lazy\" decoding=\"async\" src=\"http:\/\/feeds.feedburner.com\/~r\/Xatakahome\/~4\/HJg01T0GC38\" height=\"1\" width=\"1\" alt=\"\">\n<\/div>\n","protected":false},"excerpt":{"rendered":"<p>Samsung ha anunciado que ampl\u00eda su gama de televisores en dos de sus familias m\u00e1s exclusivas como con son las gamas The Frame y The Serif. Dos gamas que cuentan con televisores en distintas pulgadas y que ahora ver\u00e1n llegar nuevos modelos en 85 y 65 pulgadas. Se trata de dos gamas de televisores que &hellip; <a href=\"https:\/\/domosistemas.com\/?p=14629\" class=\"more-link\">Sigue leyendo <span class=\"screen-reader-text\">Samsung ampl\u00eda los tama\u00f1os de sus familias The Frame y The Serif con modelos de 85 y 65 pulgadas<\/span><\/a><\/p>\n","protected":false},"author":1,"featured_media":0,"comment_status":"closed","ping_status":"closed","sticky":false,"template":"","format":"standard","meta":{"footnotes":""},"categories":[8],"tags":[],"class_list":["post-14629","post","type-post","status-publish","format-standard","hentry","category-xataka"],"_links":{"self":[{"href":"https:\/\/domosistemas.com\/index.php?rest_route=\/wp\/v2\/posts\/14629","targetHints":{"allow":["GET"]}}],"collection":[{"href":"https:\/\/domosistemas.com\/index.php?rest_route=\/wp\/v2\/posts"}],"about":[{"href":"https:\/\/domosistemas.com\/index.php?rest_route=\/wp\/v2\/types\/post"}],"author":[{"embeddable":true,"href":"https:\/\/domosistemas.com\/index.php?rest_route=\/wp\/v2\/users\/1"}],"replies":[{"embeddable":true,"href":"https:\/\/domosistemas.com\/index.php?rest_route=%2Fwp%2Fv2%2Fcomments&post=14629"}],"version-history":[{"count":0,"href":"https:\/\/domosistemas.com\/index.php?rest_route=\/wp\/v2\/posts\/14629\/revisions"}],"wp:attachment":[{"href":"https:\/\/domosistemas.com\/index.php?rest_route=%2Fwp%2Fv2%2Fmedia&parent=14629"}],"wp:term":[{"taxonomy":"category","embeddable":true,"href":"https:\/\/domosistemas.com\/index.php?rest_route=%2Fwp%2Fv2%2Fcategories&post=14629"},{"taxonomy":"post_tag","embeddable":true,"href":"https:\/\/domosistemas.com\/index.php?rest_route=%2Fwp%2Fv2%2Ftags&post=14629"}],"curies":[{"name":"wp","href":"https:\/\/api.w.org\/{rel}","templated":true}]}}