{"id":14632,"date":"2021-09-06T15:03:15","date_gmt":"2021-09-06T15:03:15","guid":{"rendered":"https:\/\/domosistemas.com\/?p=14632"},"modified":"2021-09-06T15:03:15","modified_gmt":"2021-09-06T15:03:15","slug":"como-saber-si-puedes-abaratar-tu-factura-electrica-rebajando-la-potencia-maxima-contratada","status":"publish","type":"post","link":"https:\/\/domosistemas.com\/?p=14632","title":{"rendered":"C\u00f3mo saber si puedes abaratar tu factura el\u00e9ctrica rebajando la potencia m\u00e1xima contratada"},"content":{"rendered":"<div>\n<p>\n      <img decoding=\"async\" src=\"https:\/\/i.blogs.es\/023254\/imagen-jpeg-e1715fc1fbf1-1\/1024_2000.jpg\" alt=\"C\u00f3mo saber si puedes abaratar tu factura el\u00e9ctrica rebajando la potencia m\u00e1xima contratada\">\n    <\/p>\n<p>Hace dos d\u00edas vimos <a href=\"https:\/\/www.xatakahome.com\/iluminacion-y-energia\/como-ver-internet-tiempo-real-cual-consumo-electricidad-que-tienes-casa\">c\u00f3mo podemos controlar la energ\u00eda el\u00e9ctrica que estamos consumiendo<\/a> en tiempo real desde casa y as\u00ed evitar sustos en la <a href=\"https:\/\/www.xatakahome.com\/iluminacion-y-energia\/nueva-factura-luz-sera-realidad-junio-estos-principales-cambios-que-tendras-que-hacer-para-gastar\">factura de la luz<\/a>. Pero junto a un consumo responsable, tambi\u00e9n <a href=\"https:\/\/www.xataka.com\/energia\/comparativa-tarifas-energia-electrica-conceptos-clave-para-ahorrar-factura-luz\">podemos minimizar el impacto en el bolsillo<\/a> <strong>disminuyendo la potencia contratada<\/strong> si vemos que no nos resulta necesaria. Y podemos ver la potencia f\u00e1cilmente desde Internet.<\/p>\n<p><!-- BREAK 1 --><\/p>\n<p>Lo mismo que podemos acceder v\u00eda Internet a un consumo de energ\u00eda el\u00e9ctrica en tiempo real, podemos conocer en forma gr\u00e1fica y muy visual, la evoluci\u00f3n de un tiempo a esta parte de lo que consumimos mes a mes. De esta forma podemos comprobar si nos quedamos muy lejos de la potencia contratada y, ya que este apartado es un fijo que var\u00eda seg\u00fan es m\u00e1s o menos alto, <strong>podemos ajustar dicha potencia a nuestra necesidad real<\/strong>.<\/p>\n<p><!-- BREAK 2 --><!--more--><\/p>\n<h2>Internet, el aliado para ahorrar en la factura<\/h2>\n<div class=\"article-asset-image article-asset-normal\">\n<div class=\"asset-content\">\n<div class=\"base-wrapper-image\" style=\"padding-top:50.764525993884%;\">\n<p>  <img decoding=\"async\" alt=\"Potencia Demandada\" class=\"centro_sinmarco\" src=\"https:\/\/i.blogs.es\/47bd66\/potencia-demandada\/450_1000.jpg\"><\/p><\/div>\n<\/p><\/div>\n<\/div>\n<p>La potencia es uno de los conceptos por los que <strong>tenemos que abonar una cantidad en la factura de la luz<\/strong>. Es una cantidad que siempre est\u00e1 presente, pero que aumenta o disminuye en relaci\u00f3n con la mayor o menor potencia que tenemos contratada.<\/p>\n<p><!-- BREAK 3 --><\/p>\n<div class=\"article-asset article-asset-normal article-asset-center\">\n<div class=\"desvio-container\">\n<div class=\"desvio\">\n<div class=\"desvio-figure js-desvio-figure\">\n    <a href=\"https:\/\/www.xataka.com\/energia\/que-tenemos-luz-cara-historia-que-soluciones-se-plantean-para-evitar-que-siga-subiendo\" target='\"_blank\"' rel=\"noopener\"><br \/>\n     <img decoding=\"async\" alt=\"Por qu\u00e9 tenemos ya la luz m\u00e1s cara de la historia y qu\u00e9 soluciones se plantean para evitar que siga subiendo\" src=\"https:\/\/i.blogs.es\/1d760a\/la-luz-mas-cara-de-la-historia\/375_142.jpeg\"><br \/>\n    <\/a>\n   <\/div>\n<div class=\"desvio-summary\">\n<div class=\"desvio-taxonomy js-desvio-taxonomy\">\n     <a href=\"https:\/\/www.xataka.com\/energia\/que-tenemos-luz-cara-historia-que-soluciones-se-plantean-para-evitar-que-siga-subiendo\" class=\"desvio-taxonomy-anchor m-crosspost\" target='\"_blank\"' rel=\"noopener\">En Xataka<\/a>\n    <\/div>\n<p>    <a href=\"https:\/\/www.xataka.com\/energia\/que-tenemos-luz-cara-historia-que-soluciones-se-plantean-para-evitar-que-siga-subiendo\" class=\"desvio-title js-desvio-title\" target='\"_blank\"' rel=\"noopener\">Por qu\u00e9 tenemos ya la luz m\u00e1s cara de la historia y qu\u00e9 soluciones se plantean para evitar que siga subiendo<\/a>\n   <\/div>\n<\/p><\/div>\n<\/p><\/div>\n<\/div>\n<p>Como aclaran desde la p\u00e1gina del <a href=\"http:\/\/www.controlastuenergia.gob.es\/factura-electrica\/factura\/paginas\/conceptos-factura.aspx#:~:text=El%20T%C3%A9rmino%20de%20Potencia%20es,Turismo%20y%20Agenda%20Digital%20establece\">Ministerio para la Transici\u00f3n Ecol\u00f3gica y el Reto Demogr\u00e1fico<\/a>, el t\u00e9rmino de potencia \u00abes un precio fijo que se calcula multiplicando la potencia contratada, por los d\u00edas que engloba la factura y por el t\u00e9rmino de potencia del precio PVPC que el Ministerio de Energ\u00eda, Turismo y Agenda Digital establece\u00bb.<\/p>\n<p><!-- BREAK 4 --><\/p>\n<p>Cuando realizamos la contrataci\u00f3n de nuestra tarifa con la distribuidora, <strong>establecemos una potencia aproximada que nos permita<\/strong> <a href=\"https:\/\/www.xatakahome.com\/iluminacion-y-energia\/como-calcular-cuantos-aparatos-puedo-tener-enchufados-a-vez-antes-que-salten-plomos-casa\">tener enchufados a la vez<\/a> una serie de dispositivos sin que tengamos cortes en el suministro. <\/p>\n<p><!-- BREAK 5 --><\/p>\n<p>Imaginemos que vamos a tener funcionando a la vez, lavadora, horno y vitro&#8230; elementos a los que sumamos otros fijos como frigor\u00edfico, climatizaci\u00f3n, iluminaci\u00f3n, televisor&#8230; <strong>en funci\u00f3n del consumo de cada uno de ellos realizamos una sencilla cuenta<\/strong> y contratamos una potencia determinada.<\/p>\n<p><!-- BREAK 6 --><\/p>\n<div class=\"article-asset-video article-asset-normal\">\n<div class=\"asset-content\">\n<div class=\"base-asset-video\">\n<div class=\"js-dailymotion\">\n    <script type=\"application\/json\">\n     {\"videoId\":\"x81h7p2\",\"autoplay\":true,\"title\":\"NUEVA FACTURA DE LA LUZ: TODO LO QUE DEBES SABER para AHORRAR AL M\u00c1XIMO\"}\n    <\/script>\n   <\/div>\n<\/p><\/div>\n<\/p><\/div>\n<\/div>\n<p>El t\u00e9rmino potencia es un fijo que <strong>ha de abonarse aunque no se realice ning\u00fan consumo el\u00e9ctrico y por eso es importante ajustarla al consumo real<\/strong>. A menos potencia contratada, menos gasto cada mes. Esta cifra que aparece en nuestra factura, normalmente en la secci\u00f3n Datos del contrato o detalle de la factura, <strong>es el resultado del precio que se paga por la potencia y multiplicarlo por la cantidad de kW contratados<\/strong>.<\/p>\n<p><!-- BREAK 7 --><\/p>\n<p>En este sentido, se puede bajar potencia contratada, pero <strong>teniendo en cuenta que tendremos menos kW<\/strong> y hay que avisar que es importante no quedarse cortos para no quedarnos \u00aba dos velas\u00bb en el momento m\u00e1s inoportuno. Adem\u00e1s, la distribuidora solo permite un cambio de potencia al a\u00f1o, por lo que hay que cuidar mucho las cifras.<\/p>\n<p><!-- BREAK 8 --><\/p>\n<p>Si decidimos bajar la potencia, el cambio se refleja de forma inmediata en nuestra factura. Un cambio que puede suponer <strong>un ahorro de cerca de 5 euros al mes por tramo bajado<\/strong> (luego veremos que hay tramos) que se traduce en unos 60 euros al a\u00f1o.<\/p>\n<p><!-- BREAK 9 --><\/p>\n<h2>Ajustar la potencia contratada v\u00eda web y app<\/h2>\n<div class=\"article-asset-image article-asset-large\">\n<div class=\"asset-content\">\n<div class=\"base-wrapper-image\" style=\"padding-top:59.949195596952%;\">\n<p>  <img decoding=\"async\" alt=\"Potencia 1\" class=\"centro_sinmarco\" src=\"https:\/\/i.blogs.es\/db4142\/potencia-1\/450_1000.jpg\"><\/p><\/div>\n<\/p><\/div>\n<\/div>\n<p>Por eso y lo mismo que vimos a la hora de conocer el consumo en tiempo real, <strong>podemos ajustar la potencia<\/strong>. La misma web de la distribuidora ofrece informaci\u00f3n en forma de hist\u00f3rico sobre la potencia que hemos ido gastando mes a mes como tope.<\/p>\n<p><!-- BREAK 10 --><\/p>\n<p>Es un apartado que puede variar seg\u00fan la distribuidora que tengamos contratada. En mi caso es Endesa, es el apartado <strong>\u00abConsultar la potencia m\u00e1xima demandada\u00bb<\/strong>. En este punto ofrece informaci\u00f3n en forma de gr\u00e1fico con la potencia m\u00e1s alta que hemos demandado cada mes.<\/p>\n<p><!-- BREAK 11 --><\/p>\n<div class=\"article-asset-image article-asset-large\">\n<div class=\"asset-content\">\n<div class=\"base-wrapper-image\" style=\"padding-top:67.833109017497%;\">\n<p>  <img decoding=\"async\" alt=\"Potencia 2\" class=\"centro_sinmarco\" src=\"https:\/\/i.blogs.es\/8950d3\/potencia-2\/450_1000.jpg\"><\/p><\/div>\n<\/p><\/div>\n<\/div>\n<div class=\"article-asset-image article-asset-large\">\n<div class=\"asset-content\">\n<div class=\"base-wrapper-image\" style=\"padding-top:47.985675917637%;\">\n<p>  <img decoding=\"async\" alt=\"Potencia 3\" class=\"centro_sinmarco\" src=\"https:\/\/i.blogs.es\/9f6be4\/potencia-3\/450_1000.jpg\"><\/p><\/div>\n<\/p><\/div>\n<\/div>\n<p>En mi caso tengo contratado 4,600 kW y <strong>el gr\u00e1fico muestra c\u00f3mo el valor m\u00e1ximo demandado ha sido de 3,976kW el 16\/02\/2021<\/strong> a las 16:45h. Si quisiera ahorrar unos euros, bastar\u00eda con ajustar la potencia que tengo contratada.<\/p>\n<p><!-- BREAK 12 --><\/p>\n<p>Hay que tener en cuenta que la potencia contratada <strong>se puede subir o bajar en m\u00faltiplos de 0,1 kW<\/strong> y seg\u00fan la subida o bajada cambiaremos o no de tramo. Adem\u00e1s, y como detallan en la <a href=\"https:\/\/www.endesa.com\/es\/te-ayudamos\/gestiones-contratos\/cambiar-potencia\">web de Endesa<\/a>, <strong>tu compa\u00f1\u00eda distribuidora cobrar\u00e1 por el proceso unas cantidades fijas<\/strong>:<\/p>\n<p><!-- BREAK 13 --><\/p>\n<ul>\n<li>\n<strong>Cerca de 11 euros por bajar la potencia<\/strong> bajo el concepto \u00abderechos de enganche\u00bb y sin importar cu\u00e1nto bajes la potencia.<\/li>\n<li>\n<strong>Unos 45 euros por cada kW que subas la potencia<\/strong> bajo el concepto de \u00abderechos de extensi\u00f3n y de acceso\u00bb, y como el anterior se ver\u00e1 reflejado en la siguiente factura.<\/li>\n<li>Dependiendo de cu\u00e1l sea tu distribuidora, podr\u00edan cobrarte por otras gestiones o dep\u00f3sitos.<\/li>\n<\/ul>\n<div class=\"article-asset-image article-asset-large\">\n<div class=\"asset-content\">\n<div class=\"base-wrapper-image\" style=\"padding-top:78.782452999105%;\">\n<p>  <img decoding=\"async\" alt=\"Potencia 4\" class=\"centro_sinmarco\" src=\"https:\/\/i.blogs.es\/b72679\/potencia-4\/450_1000.jpg\"><\/p><\/div>\n<\/p><\/div>\n<\/div>\n<p>Estos mismos c\u00e1lculos <strong>se pueden realizar con la oportuna aplicaci\u00f3n m\u00f3vil de cada distribuidora<\/strong>. La interfaz puede cambiar de una a otra, pero como se puede ver, no representa mayor dificultad ya que los t\u00e9rminos a buscar no dejan lugar a dudas.<\/p>\n<p><!-- BREAK 14 --><\/p>\n<div class=\"article-asset-image article-asset-large\">\n<div class=\"asset-content\">\n<div class=\"base-wrapper-image\" style=\"padding-top:94.5%;\">\n<p>  <img decoding=\"async\" alt=\"Potencia 1\" class=\"centro_sinmarco\" src=\"https:\/\/i.blogs.es\/df1530\/potencia-1\/450_1000.jpg\"><\/p><\/div>\n<\/p><\/div>\n<\/div>\n<p>Como en el caso de la versi\u00f3n web, <strong>podemos establecer las fechas en las que queremos que nos muestre el consumo realizado<\/strong>. El margen por el que movernos ser\u00e1 mayor o menor en funci\u00f3n de cuando hayamos dado de alta el contrato.<\/p>\n<p><!-- BREAK 15 --><\/p>\n<div class=\"article-asset-image article-asset-normal\">\n<div class=\"asset-content\">\n<div class=\"base-wrapper-image\" style=\"padding-top:94.5%;\">\n<p>  <img decoding=\"async\" alt=\"Potencia 2\" class=\"centro_sinmarco\" src=\"https:\/\/i.blogs.es\/efa05e\/potencia-2\/450_1000.jpg\"><\/p><\/div>\n<\/p><\/div>\n<\/div>\n<div class=\"article-asset-image article-asset-large\">\n<div class=\"asset-content\">\n<div class=\"base-wrapper-image\" style=\"padding-top:63%;\">\n<p>  <img decoding=\"async\" alt=\"Potencia 3\" class=\"centro_sinmarco\" src=\"https:\/\/i.blogs.es\/a05ee0\/potencia-3\/450_1000.jpg\"><\/p><\/div>\n<\/p><\/div>\n<\/div>\n<h2>Los datos que te har\u00e1 falta conocer<\/h2>\n<div class=\"article-asset-image article-asset-large\">\n<div class=\"asset-content\">\n<div class=\"base-wrapper-image\" style=\"padding-top:66.666666666667%;\">\n<p>  <img decoding=\"async\" alt=\"Luz\" class=\"centro_sinmarco\" src=\"https:\/\/i.blogs.es\/12326a\/luz\/450_1000.jpeg\"><\/p><\/div>\n<\/p><\/div>\n<\/div>\n<p>En este sentido, el Gobierno tiene publicado en el <a href=\"https:\/\/www.boe.es\/boe\/dias\/2006\/09\/27\/pdfs\/A33821-33821.pdf\">BOE<\/a> un listado con las potencias normalizadas, los antes mencionados tramos. Fechado en 2006, siguen vigentes en 2021, pero si no hemos realizado cambio alguno en la instalaci\u00f3n y esta ya tiene tiempo, <strong>nuestra casa a\u00fan se regir\u00e1 por los tramos antiguos<\/strong>.<\/p>\n<p><!-- BREAK 16 --><\/p>\n<div class=\"article-asset article-asset-normal article-asset-center\">\n<div class=\"desvio-container\">\n<div class=\"desvio\">\n<div class=\"desvio-figure js-desvio-figure\">\n    <a href=\"https:\/\/www.xatakahome.com\/iluminacion-y-energia\/como-ver-internet-tiempo-real-cual-consumo-electricidad-que-tienes-casa\"><br \/>\n     <img decoding=\"async\" alt=\"C\u00f3mo ver por Internet en tiempo real cu\u00e1l es el consumo de electricidad que est\u00e1s haciendo en casa\" src=\"https:\/\/i.blogs.es\/ae6498\/luz\/375_142.jpg\"><br \/>\n    <\/a>\n   <\/div>\n<div class=\"desvio-summary\">\n<div class=\"desvio-taxonomy js-desvio-taxonomy\">\n     <a href=\"https:\/\/www.xatakahome.com\/iluminacion-y-energia\/como-ver-internet-tiempo-real-cual-consumo-electricidad-que-tienes-casa\" class=\"desvio-taxonomy-anchor\">En Xataka Smart Home<\/a>\n    <\/div>\n<p>    <a href=\"https:\/\/www.xatakahome.com\/iluminacion-y-energia\/como-ver-internet-tiempo-real-cual-consumo-electricidad-que-tienes-casa\" class=\"desvio-title js-desvio-title\">C\u00f3mo ver por Internet en tiempo real cu\u00e1l es el consumo de electricidad que est\u00e1s haciendo en casa<\/a>\n   <\/div>\n<\/p><\/div>\n<\/p><\/div>\n<\/div>\n<p>Lo normal, <strong>si decidimos bajar la potencia contratada<\/strong>, es que la distribuidora nos solicite una serie de documentos que conviene tener a mano.<\/p>\n<p><!-- BREAK 17 --><\/p>\n<ul>\n<li>Datos para subir o bajar la potencia contratada:<\/li>\n<li>Nombre, apellidos y DNI del titular del contrato.<\/li>\n<li>Potencia el\u00e9ctrica actual.<\/li>\n<li>Potencia el\u00e9ctrica nueva.<\/li>\n<li>C\u00f3digo Universal del Punto de Suministro (CUPS).<\/li>\n<li>Bolet\u00edn El\u00e9ctrico.<\/li>\n<\/ul>\n<p>A la hora de contratar la potencia, lo habitual en buena parte de los hogares es que esta se sit\u00fae alrededor de los 3,45kW de m\u00ednimo con el objetivo de evitar que el ICP salte f\u00e1cilmente. La potencia m\u00ednima suele ser de 2,3 kW y la m\u00e1xima se sit\u00faa entre 10kW y 15kW. <strong>Las m\u00e1s habituales son 2,3kW, 3,4kW 4,6kW y 5,75kW<\/strong>.<\/p>\n<p><!-- BREAK 18 --><script>\n (function() {\n  window._JS_MODULES = window._JS_MODULES || {};\n  var headElement = document.getElementsByTagName('head')[0];\n  if (_JS_MODULES.instagram) {\n   var instagramScript = document.createElement('script');\n   instagramScript.src = 'https:\/\/platform.instagram.com\/en_US\/embeds.js';\n   instagramScript.async = true;\n   instagramScript.defer = true;\n   headElement.appendChild(instagramScript);\n  }\n })();\n<\/script><\/p>\n<p> &#8211; <br \/> La noticia<br \/>\n      <a href=\"https:\/\/www.xatakahome.com\/iluminacion-y-energia\/como-saber-puedes-abaratar-tu-factura-electrica-rebajando-potencia-maxima-contratada?utm_source=feedburner&amp;utm_medium=feed&amp;utm_campaign=06_Sep_2021\"><br \/>\n       <em> C\u00f3mo saber si puedes abaratar tu factura el\u00e9ctrica rebajando la potencia m\u00e1xima contratada <\/em><br \/>\n      <\/a><br \/>\n      fue publicada originalmente en<br \/>\n      <a href=\"https:\/\/www.xatakahome.com\/?utm_source=feedburner&amp;utm_medium=feed&amp;utm_campaign=06_Sep_2021\"><br \/>\n       <strong> Xataka Smart Home <\/strong><br \/>\n      <\/a><br \/>\n            por <a href=\"https:\/\/www.xatakahome.com\/autor\/jose-antonio-carmona?utm_source=feedburner&amp;utm_medium=feed&amp;utm_campaign=06_Sep_2021\"><br \/>\n       Jose Antonio Carmona<br \/>\n      <\/a><br \/>\n      . <\/p>\n<div class=\"feedflare\">\n<a href=\"http:\/\/feeds.weblogssl.com\/~ff\/Xatakahome?a=PQvnyGctg1Q:SbHfJ3lRgBs:yIl2AUoC8zA\"><img decoding=\"async\" src=\"http:\/\/feeds.feedburner.com\/~ff\/Xatakahome?d=yIl2AUoC8zA\" border=\"0\"><\/a>\n<\/div>\n<p><img loading=\"lazy\" decoding=\"async\" src=\"http:\/\/feeds.feedburner.com\/~r\/Xatakahome\/~4\/PQvnyGctg1Q\" height=\"1\" width=\"1\" alt=\"\">\n<\/div>\n","protected":false},"excerpt":{"rendered":"<p>Hace dos d\u00edas vimos c\u00f3mo podemos controlar la energ\u00eda el\u00e9ctrica que estamos consumiendo en tiempo real desde casa y as\u00ed evitar sustos en la factura de la luz. Pero junto a un consumo responsable, tambi\u00e9n podemos minimizar el impacto en el bolsillo disminuyendo la potencia contratada si vemos que no nos resulta necesaria. Y podemos &hellip; <a href=\"https:\/\/domosistemas.com\/?p=14632\" class=\"more-link\">Sigue leyendo <span class=\"screen-reader-text\">C\u00f3mo saber si puedes abaratar tu factura el\u00e9ctrica rebajando la potencia m\u00e1xima contratada<\/span><\/a><\/p>\n","protected":false},"author":1,"featured_media":0,"comment_status":"closed","ping_status":"closed","sticky":false,"template":"","format":"standard","meta":{"footnotes":""},"categories":[8],"tags":[],"class_list":["post-14632","post","type-post","status-publish","format-standard","hentry","category-xataka"],"_links":{"self":[{"href":"https:\/\/domosistemas.com\/index.php?rest_route=\/wp\/v2\/posts\/14632","targetHints":{"allow":["GET"]}}],"collection":[{"href":"https:\/\/domosistemas.com\/index.php?rest_route=\/wp\/v2\/posts"}],"about":[{"href":"https:\/\/domosistemas.com\/index.php?rest_route=\/wp\/v2\/types\/post"}],"author":[{"embeddable":true,"href":"https:\/\/domosistemas.com\/index.php?rest_route=\/wp\/v2\/users\/1"}],"replies":[{"embeddable":true,"href":"https:\/\/domosistemas.com\/index.php?rest_route=%2Fwp%2Fv2%2Fcomments&post=14632"}],"version-history":[{"count":0,"href":"https:\/\/domosistemas.com\/index.php?rest_route=\/wp\/v2\/posts\/14632\/revisions"}],"wp:attachment":[{"href":"https:\/\/domosistemas.com\/index.php?rest_route=%2Fwp%2Fv2%2Fmedia&parent=14632"}],"wp:term":[{"taxonomy":"category","embeddable":true,"href":"https:\/\/domosistemas.com\/index.php?rest_route=%2Fwp%2Fv2%2Fcategories&post=14632"},{"taxonomy":"post_tag","embeddable":true,"href":"https:\/\/domosistemas.com\/index.php?rest_route=%2Fwp%2Fv2%2Ftags&post=14632"}],"curies":[{"name":"wp","href":"https:\/\/api.w.org\/{rel}","templated":true}]}}