{"id":14878,"date":"2021-10-07T02:00:21","date_gmt":"2021-10-07T02:00:21","guid":{"rendered":"https:\/\/domosistemas.com\/?p=14878"},"modified":"2021-10-07T02:00:21","modified_gmt":"2021-10-07T02:00:21","slug":"normagrup-aplica-en-sus-productos-el-nuevo-etiquetado-energetico-para-fuentes-de-iluminacion","status":"publish","type":"post","link":"https:\/\/domosistemas.com\/?p=14878","title":{"rendered":"Normagrup aplica en sus productos el nuevo etiquetado energ\u00e9tico para fuentes de iluminaci\u00f3n"},"content":{"rendered":"<div>\n<p>La compa\u00f1\u00eda <a href=\"https:\/\/www.normagrup.com\/\" target=\"_blank\" rel=\"noopener sponsored\">Normagrup Technology<\/a> ha comunicado que todos sus productos incluyen el nuevo etiquetado energ\u00e9tico para fuentes de iluminaci\u00f3n, que entr\u00f3 en vigor el pasado 1 de septiembre. El cambio de etiquetado ha sido impulsado por el Ministerio para la Transici\u00f3n Ecol\u00f3gica y el Reto Demogr\u00e1fico (Miteco), con la finalidad de adaptar la clasificaci\u00f3n energ\u00e9tica a los nuevos m\u00e9todos de ensayo sobre el consumo de estos dispositivos.<\/p>\n<figure id=\"attachment_96807\" aria-describedby=\"caption-attachment-96807\" style=\"width: 800px\" class=\"wp-caption aligncenter\"><img decoding=\"async\" loading=\"lazy\" class=\"size-full wp-image-96807\" src=\"https:\/\/static.casadomo.com\/media\/2021\/10\/normagrup-nuevo-etiquetado-energetico-fuentes-iluminacion.png\" alt=\"Nuevo etiquetado energ\u00e9tico fuentes de iluminaci\u00f3n. \" width=\"800\" height=\"446\" srcset=\"https:\/\/static.casadomo.com\/media\/2021\/10\/normagrup-nuevo-etiquetado-energetico-fuentes-iluminacion.png 800w, https:\/\/static.casadomo.com\/media\/2021\/10\/normagrup-nuevo-etiquetado-energetico-fuentes-iluminacion-300x167.png 300w, https:\/\/static.casadomo.com\/media\/2021\/10\/normagrup-nuevo-etiquetado-energetico-fuentes-iluminacion-768x428.png 768w, https:\/\/static.casadomo.com\/media\/2021\/10\/normagrup-nuevo-etiquetado-energetico-fuentes-iluminacion-360x200.png 360w, https:\/\/static.casadomo.com\/media\/2021\/10\/normagrup-nuevo-etiquetado-energetico-fuentes-iluminacion-180x100.png 180w\" sizes=\"auto, (max-width: 800px) 100vw, 800px\"><figcaption id=\"caption-attachment-96807\" class=\"wp-caption-text\">El nuevo etiquetado incorpora un c\u00f3digo QR para que el consumidor pueda acceder a la informaci\u00f3n de cada producto.<\/figcaption><\/figure>\n<p>Comprometidos con la eficiencia energ\u00e9tica y el medio ambiente, todos los productos de <a href=\"https:\/\/www.casadomo.com\/empresas\/normagrup\">Normagrup<\/a> que disponen del nuevo etiquetado ya est\u00e1n dados de alta en la nueva base de datos a escala europea denominada EPREL, por sus siglas en ingl\u00e9s.<\/p>\n<p>Asimismo, est\u00e1 informaci\u00f3n se ha incluido en todas las fichas t\u00e9cnicas de los productos que se generan desde la p\u00e1gina web de <a href=\"https:\/\/www.normalit.com\/en\/home\" target=\"_blank\" rel=\"noopener\">Normalit<\/a>.<\/p>\n<h2>Cambios del etiquetado energ\u00e9tico<\/h2>\n<p>Las caracter\u00edsticas principales de este etiquetado son la incorporaci\u00f3n de un c\u00f3digo QR exclusivo para que el consumidor pueda acceder a la informaci\u00f3n de cada producto a trav\u00e9s de la base de datos EPREL.<\/p>\n<p>Adem\u00e1s, el nuevo etiquetado elimina las clases energ\u00e9ticas A+, A++ y A+++, volviendo a una escala de clasificaci\u00f3n que va de la A a la G, donde la A se asigna a los productos de menor consumo y mayor eficiencia energ\u00e9tica y la G a los de mayor consumo y menor eficiencia energ\u00e9tica.<\/p>\n<p>La entrada <a rel=\"nofollow\" href=\"https:\/\/www.casadomo.com\/2021\/10\/07\/normagrup-aplica-productos-nuevo-etiquetado-energetico-fuentes-iluminacion\">Normagrup aplica en sus productos el nuevo etiquetado energ\u00e9tico para fuentes de iluminaci\u00f3n<\/a> aparece primero en <a rel=\"nofollow\" href=\"https:\/\/www.casadomo.com\/\">CASADOMO<\/a>.<\/p>\n<\/div>\n","protected":false},"excerpt":{"rendered":"<p>La compa\u00f1\u00eda Normagrup Technology ha comunicado que todos sus productos incluyen el nuevo etiquetado energ\u00e9tico para fuentes de iluminaci\u00f3n, que entr\u00f3 en vigor el pasado 1 de septiembre. El cambio de etiquetado ha sido impulsado por el Ministerio para la Transici\u00f3n Ecol\u00f3gica y el Reto Demogr\u00e1fico (Miteco), con la finalidad de adaptar la clasificaci\u00f3n energ\u00e9tica &hellip; <a href=\"https:\/\/domosistemas.com\/?p=14878\" class=\"more-link\">Sigue leyendo <span class=\"screen-reader-text\">Normagrup aplica en sus productos el nuevo etiquetado energ\u00e9tico para fuentes de iluminaci\u00f3n<\/span><\/a><\/p>\n","protected":false},"author":1,"featured_media":0,"comment_status":"closed","ping_status":"closed","sticky":false,"template":"","format":"standard","meta":{"footnotes":""},"categories":[3],"tags":[],"class_list":["post-14878","post","type-post","status-publish","format-standard","hentry","category-casadomo-com"],"_links":{"self":[{"href":"https:\/\/domosistemas.com\/index.php?rest_route=\/wp\/v2\/posts\/14878","targetHints":{"allow":["GET"]}}],"collection":[{"href":"https:\/\/domosistemas.com\/index.php?rest_route=\/wp\/v2\/posts"}],"about":[{"href":"https:\/\/domosistemas.com\/index.php?rest_route=\/wp\/v2\/types\/post"}],"author":[{"embeddable":true,"href":"https:\/\/domosistemas.com\/index.php?rest_route=\/wp\/v2\/users\/1"}],"replies":[{"embeddable":true,"href":"https:\/\/domosistemas.com\/index.php?rest_route=%2Fwp%2Fv2%2Fcomments&post=14878"}],"version-history":[{"count":0,"href":"https:\/\/domosistemas.com\/index.php?rest_route=\/wp\/v2\/posts\/14878\/revisions"}],"wp:attachment":[{"href":"https:\/\/domosistemas.com\/index.php?rest_route=%2Fwp%2Fv2%2Fmedia&parent=14878"}],"wp:term":[{"taxonomy":"category","embeddable":true,"href":"https:\/\/domosistemas.com\/index.php?rest_route=%2Fwp%2Fv2%2Fcategories&post=14878"},{"taxonomy":"post_tag","embeddable":true,"href":"https:\/\/domosistemas.com\/index.php?rest_route=%2Fwp%2Fv2%2Ftags&post=14878"}],"curies":[{"name":"wp","href":"https:\/\/api.w.org\/{rel}","templated":true}]}}