{"id":14890,"date":"2021-10-08T02:00:19","date_gmt":"2021-10-08T02:00:19","guid":{"rendered":"https:\/\/domosistemas.com\/?p=14890"},"modified":"2021-10-08T02:00:19","modified_gmt":"2021-10-08T02:00:19","slug":"las-residencias-de-mayores-de-galicia-seran-inteligentes-gracias-a-un-proyecto-piloto","status":"publish","type":"post","link":"https:\/\/domosistemas.com\/?p=14890","title":{"rendered":"Las residencias de mayores de Galicia ser\u00e1n inteligentes gracias a un proyecto piloto"},"content":{"rendered":"<div>\n<p>A trav\u00e9s de la puesta en marcha de un proyecto piloto a nivel nacional, las residencias de mayores de Galicia se convertir\u00e1n en inteligentes, seg\u00fan ha anunciado la <a href=\"https:\/\/www.xunta.gal\/portada\" target=\"_blank\" rel=\"noopener\">Xunta de Galicia<\/a>. Este proyecto aplicar\u00e1 avances tecnol\u00f3gicos con el fin de mejorar el bienestar de los usuarios.<\/p>\n<figure id=\"attachment_97020\" aria-describedby=\"caption-attachment-97020\" style=\"width: 800px\" class=\"wp-caption aligncenter\"><img decoding=\"async\" loading=\"lazy\" class=\"size-full wp-image-97020\" src=\"https:\/\/static.casadomo.com\/media\/2021\/10\/xunta-galicia-residencias-inteligentes-proyecto-piloto.png\" alt=\"Xunta de Galicia presentando el proyecto. \" width=\"800\" height=\"429\" srcset=\"https:\/\/static.casadomo.com\/media\/2021\/10\/xunta-galicia-residencias-inteligentes-proyecto-piloto.png 800w, https:\/\/static.casadomo.com\/media\/2021\/10\/xunta-galicia-residencias-inteligentes-proyecto-piloto-300x161.png 300w, https:\/\/static.casadomo.com\/media\/2021\/10\/xunta-galicia-residencias-inteligentes-proyecto-piloto-768x412.png 768w, https:\/\/static.casadomo.com\/media\/2021\/10\/xunta-galicia-residencias-inteligentes-proyecto-piloto-180x97.png 180w\" sizes=\"auto, (max-width: 800px) 100vw, 800px\"><figcaption id=\"caption-attachment-97020\" class=\"wp-caption-text\">Alberto N\u00fa\u00f1ez Feij\u00f3o, presidente de la Xunta de Galicia, durante la presentaci\u00f3n del proyecto piloto de residencias inteligentes.<\/figcaption><\/figure>\n<p>El objetivo de la Xunta es que estas tecnolog\u00edas est\u00e9n completamente implementadas en todas las residencias p\u00fablicas auton\u00f3micas gallegas en 2022, para facilitar el trabajo de los cuidadores y la atenci\u00f3n sanitaria. El proyecto piloto de residencia digital, que cuenta con la colaboraci\u00f3n de la empresa Telev\u00e9s, se puso en marcha en el centro p\u00fablico auton\u00f3mico de A Estrada (Pontevedra) el pasado mes de julio.<\/p>\n<p>Entre las tecnolog\u00edas utilizadas, destacan los sensores de movimiento instalados en las habitaciones de los residentes. Estos dispositivos emiten un aviso a los cuidadores de que se ha producido una posible ca\u00edda o si el residente esta deambulando por la noche.<\/p>\n<p>Asimismo, los residentes con alg\u00fan tipo de deterioro cognitivo podr\u00e1n pasear con mayor seguridad tanto dentro como fuera de la residencia, gracias a la aplicaci\u00f3n de un nuevo sistema de seguimiento. Con este sistema, los cuidadores tendr\u00e1n la posibilidad de geolocalizar a los usuarios en caso de extraviarse.<\/p>\n<h2>Monitores para el ocio y los tr\u00e1mites<\/h2>\n<p>Mediante monitores inteligentes, las personas mayores podr\u00e1n multiplicar sus posibilidades de ocio, permiti\u00e9ndoles hacer terapias o contactar con sus familias sin salir de la habitaci\u00f3n. Adem\u00e1s, tanto residentes como familiares estar\u00e1n en todo momento informados de la actividad de la residencia, a trav\u00e9s de la instalaci\u00f3n de un panel informativo en el vest\u00edbulo.<\/p>\n<p>Por su parte, los trabajadores de las residencias contar\u00e1n con un monitor multiparam\u00e9trico, que permite al personal enfermero dedicar menos tiempo a tr\u00e1mites y transcripciones y m\u00e1s tiempo al cuidado personalizado de la persona mayor.<\/p>\n<p>El gobierno gallego invertir\u00e1 m\u00e1s de medio mill\u00f3n de euros en las obras de mejora de esta residencia de mayores de A Estrada. Una partida que permitir\u00e1 el cambio de las ventanas, la instalaci\u00f3n de un ascensor, la instalaci\u00f3n de un sistema de climatizaci\u00f3n o la creaci\u00f3n de un jard\u00edn exterior de m\u00e1s de 300 metros cuadrados.<\/p>\n<p>La entrada <a rel=\"nofollow\" href=\"https:\/\/www.casadomo.com\/2021\/10\/08\/residencias-mayores-galicia-seran-inteligentes-gracias-proyecto-piloto\">Las residencias de mayores de Galicia ser\u00e1n inteligentes gracias a un proyecto piloto<\/a> aparece primero en <a rel=\"nofollow\" href=\"https:\/\/www.casadomo.com\/\">CASADOMO<\/a>.<\/p>\n<\/div>\n","protected":false},"excerpt":{"rendered":"<p>A trav\u00e9s de la puesta en marcha de un proyecto piloto a nivel nacional, las residencias de mayores de Galicia se convertir\u00e1n en inteligentes, seg\u00fan ha anunciado la Xunta de Galicia. Este proyecto aplicar\u00e1 avances tecnol\u00f3gicos con el fin de mejorar el bienestar de los usuarios. Alberto N\u00fa\u00f1ez Feij\u00f3o, presidente de la Xunta de Galicia, &hellip; <a href=\"https:\/\/domosistemas.com\/?p=14890\" class=\"more-link\">Sigue leyendo <span class=\"screen-reader-text\">Las residencias de mayores de Galicia ser\u00e1n inteligentes gracias a un proyecto piloto<\/span><\/a><\/p>\n","protected":false},"author":1,"featured_media":0,"comment_status":"closed","ping_status":"closed","sticky":false,"template":"","format":"standard","meta":{"footnotes":""},"categories":[3],"tags":[],"class_list":["post-14890","post","type-post","status-publish","format-standard","hentry","category-casadomo-com"],"_links":{"self":[{"href":"https:\/\/domosistemas.com\/index.php?rest_route=\/wp\/v2\/posts\/14890","targetHints":{"allow":["GET"]}}],"collection":[{"href":"https:\/\/domosistemas.com\/index.php?rest_route=\/wp\/v2\/posts"}],"about":[{"href":"https:\/\/domosistemas.com\/index.php?rest_route=\/wp\/v2\/types\/post"}],"author":[{"embeddable":true,"href":"https:\/\/domosistemas.com\/index.php?rest_route=\/wp\/v2\/users\/1"}],"replies":[{"embeddable":true,"href":"https:\/\/domosistemas.com\/index.php?rest_route=%2Fwp%2Fv2%2Fcomments&post=14890"}],"version-history":[{"count":0,"href":"https:\/\/domosistemas.com\/index.php?rest_route=\/wp\/v2\/posts\/14890\/revisions"}],"wp:attachment":[{"href":"https:\/\/domosistemas.com\/index.php?rest_route=%2Fwp%2Fv2%2Fmedia&parent=14890"}],"wp:term":[{"taxonomy":"category","embeddable":true,"href":"https:\/\/domosistemas.com\/index.php?rest_route=%2Fwp%2Fv2%2Fcategories&post=14890"},{"taxonomy":"post_tag","embeddable":true,"href":"https:\/\/domosistemas.com\/index.php?rest_route=%2Fwp%2Fv2%2Ftags&post=14890"}],"curies":[{"name":"wp","href":"https:\/\/api.w.org\/{rel}","templated":true}]}}